{"id":13759,"date":"2024-09-04T17:42:53","date_gmt":"2024-09-04T17:42:53","guid":{"rendered":"http:\/\/revistalaneta.com.mx\/?p=13759"},"modified":"2024-09-04T17:43:10","modified_gmt":"2024-09-04T17:43:10","slug":"realizara-gobierno-municipal-bazar-une-edicion-fiestas-patrias","status":"publish","type":"post","link":"http:\/\/revistalaneta.com.mx\/?p=13759","title":{"rendered":"Realizar\u00e1 Gobierno Municipal Bazar UNE edici\u00f3n &#8220;Fiestas Patrias&#8217;"},"content":{"rendered":"\n<p><\/p>\n\n\n\n<p>Nuevo Laredo, Tamps.- Con motivo del mes patrio, el Gobierno Municipal llevar\u00e1 a cabo el Bazar UNE edici\u00f3n &#8220;Fiestas Patrias&#8221;, en el que 130 emprendedores expondr\u00e1n sus productos y servicios.<\/p>\n\n\n\n<p>Liliana Arjona Barocio, secretaria de Bienestar Social, inform\u00f3 que en esta edici\u00f3n especial habr\u00e1 actividades como loter\u00eda mexicana, bailables, mariachi, y la presentaci\u00f3n de un grupo norte\u00f1o, todo para crear un ambiente fiesta y divertido para los ciudadanos.<\/p>\n\n\n\n<p>\u201cEs la edici\u00f3n 39 de este bazar es una gran oportunidad para los nuevos negocios, y que se preparen los ciudadanos para este 15 de septiembre porque habr\u00e1 venta art\u00edculos de temporada\u201d, dijo la titular de la secretar\u00eda.<\/p>\n\n\n\n<p>Entre los productos y servicios que se ofrecer\u00e1n en este bazar, se incluir\u00e1n emprendimientos de comida, accesorios, ropa, calzado, joyer\u00eda, juguetes, blusas t\u00edpicas mexicanas, entre otros.<\/p>\n\n\n\n<p>Este evento se realizar\u00e1 el s\u00e1bado 14 de septiembre en la plaza Ignacio Zaragoza, ubicada frente a la Catedral del Esp\u00edritu Santo, en un horario de 6:00 de la tarde a 10:00 de la noche.<\/p>\n\n\n\n<p>El Bazar UNE tiene como prop\u00f3sito promover diversos negocios locales, proporcionando a los emprendedores oportunidades de desarrollo econ\u00f3mico.<\/p>\n\n\n\n<p>Tambi\u00e9n es un espacio para que los emprendedores expongan sus productos directamente a la ciudadan\u00eda, y para que potencialicen sus p\u00e1ginas en redes sociales, ayud\u00e1ndoles as\u00ed a incrementar sus ventas.<\/p>\n","protected":false},"excerpt":{"rendered":"<p>Nuevo Laredo, Tamps.- Con motivo del mes patrio, el Gobierno Municipal llevar\u00e1 a cabo el Bazar UNE edici\u00f3n &#8220;Fiestas Patrias&#8221;, en el que 130 emprendedores expondr\u00e1n sus productos y servicios. &hellip; <a href=\"http:\/\/revistalaneta.com.mx\/?p=13759\" class=\"more-link\">Leer m\u00e1s<\/a><\/p>\n","protected":false},"author":1,"featured_media":13758,"comment_status":"open","ping_status":"open","sticky":false,"template":"","format":"standard","meta":{"footnotes":""},"categories":[4],"tags":[],"class_list":["post-13759","post","type-post","status-publish","format-standard","has-post-thumbnail","hentry","category-nuevo-laredo","entry"],"_links":{"self":[{"href":"http:\/\/revistalaneta.com.mx\/index.php?rest_route=\/wp\/v2\/posts\/13759","targetHints":{"allow":["GET"]}}],"collection":[{"href":"http:\/\/revistalaneta.com.mx\/index.php?rest_route=\/wp\/v2\/posts"}],"about":[{"href":"http:\/\/revistalaneta.com.mx\/index.php?rest_route=\/wp\/v2\/types\/post"}],"author":[{"embeddable":true,"href":"http:\/\/revistalaneta.com.mx\/index.php?rest_route=\/wp\/v2\/users\/1"}],"replies":[{"embeddable":true,"href":"http:\/\/revistalaneta.com.mx\/index.php?rest_route=%2Fwp%2Fv2%2Fcomments&post=13759"}],"version-history":[{"count":1,"href":"http:\/\/revistalaneta.com.mx\/index.php?rest_route=\/wp\/v2\/posts\/13759\/revisions"}],"predecessor-version":[{"id":13760,"href":"http:\/\/revistalaneta.com.mx\/index.php?rest_route=\/wp\/v2\/posts\/13759\/revisions\/13760"}],"wp:featuredmedia":[{"embeddable":true,"href":"http:\/\/revistalaneta.com.mx\/index.php?rest_route=\/wp\/v2\/media\/13758"}],"wp:attachment":[{"href":"http:\/\/revistalaneta.com.mx\/index.php?rest_route=%2Fwp%2Fv2%2Fmedia&parent=13759"}],"wp:term":[{"taxonomy":"category","embeddable":true,"href":"http:\/\/revistalaneta.com.mx\/index.php?rest_route=%2Fwp%2Fv2%2Fcategories&post=13759"},{"taxonomy":"post_tag","embeddable":true,"href":"http:\/\/revistalaneta.com.mx\/index.php?rest_route=%2Fwp%2Fv2%2Ftags&post=13759"}],"curies":[{"name":"wp","href":"https:\/\/api.w.org\/{rel}","templated":true}]}}