{"id":13777,"date":"2024-09-05T15:13:59","date_gmt":"2024-09-05T15:13:59","guid":{"rendered":"http:\/\/revistalaneta.com.mx\/?p=13777"},"modified":"2024-09-05T15:14:30","modified_gmt":"2024-09-05T15:14:30","slug":"mantiene-dif-inscripciones-abiertas-en-centros-educativos-de-nivel-escolar","status":"publish","type":"post","link":"http:\/\/revistalaneta.com.mx\/?p=13777","title":{"rendered":"Mantiene DIF inscripciones abiertas en centros educativos de nivel escolar"},"content":{"rendered":"\n<p><\/p>\n\n\n\n<p>Nuevo Laredo, Tamps.- Los Centros de Asistencia Infantil Comunitario (CAIC) del Sistema para el Desarrollo Integral de la Familia (DIF) que ofrecen educaci\u00f3n preescolar en los 3 niveles educativos mantienen abiertas las inscripciones para que los estudiantes de 3 a 5 a\u00f1os se integren al ciclo escolar 2024-2025.<\/p>\n\n\n\n<p>Las clases se imparten en los centros educativos ubicados en las colonias Francisco Villa, Constitucional, Encinos, Lomas del Rio, Parque Industrial 2 Laredos y Uni\u00f3n del Recuerdo en un horario de 9 de la ma\u00f1ana a las 12 del mediod\u00eda.<\/p>\n\n\n\n<p>Jose Luis Pintado, director general del Sistema DIF invit\u00f3 a los padres de familia para que aprovechen esta oportunidad de inscribir a sus hijas e hijos.<\/p>\n\n\n\n<p>\u201cEn el ciclo escolar pasado se graduaron 100 estudiantes de los centros educativos del DIF, para nosotros es un compromiso que asumimos con amor y responsabilidad porque la educaci\u00f3n preescolar es una etapa muy importante para los menores y sus familias\u201d asegur\u00f3<\/p>\n\n\n\n<p>El ciclo inici\u00f3 el 26 de agosto pero los padres de familia a\u00fan pueden acudir a inscribir a sus hijos para que no pierdan el este a\u00f1o, presentando acta de nacimiento, CURP, cartilla de vacunaci\u00f3n, certificado m\u00e9dico y la prueba de desarrollo infantil llamada EDI. Adem\u00e1s de identificaci\u00f3n de los padres, comprobante de domicilio, estudio Socioecon\u00f3mico del DIF, entre otros.<\/p>\n\n\n\n<p>Las personas interesadas deber\u00e1n de acudir al centro educativo de su preferencia:<\/p>\n\n\n\n<p>Centro de Cuidado Diario Infantil (CECUDI) ubicado en Doroteo Arango 1101, esquina con Joaquin Alvarez e Iglesias Calderon de la colonia Francisco Villa.<\/p>\n\n\n\n<p>Centrosde Asistencia Infantil Comunitario (CAIC) Mundo de Colores que se encuentra en Prolongaci\u00f3n Lago de Xochimilco 5426, en la colonia Los Encinos.<\/p>\n\n\n\n<p>CAIC Mi Angelito con direcci\u00f3n en Prolongaci\u00f3n Monterrey 3920, frente a la plaza de Toros &#8220;Lauro Lu\u00eds Longoria&#8221;<\/p>\n\n\n\n<p>CAIC Lomas del R\u00edo en Cresp\u00f3n y L\u00edmite Sur de la col. Lomas del R\u00edo<\/p>\n\n\n\n<p>Centro Asistencial de Desarrollo Infantil (CADI)ubicado en Art\u00edculo 26, entre art\u00edculo 28 y privada Hacienda Echegaray en la colonia Constitucional.<\/p>\n\n\n\n<p>y CAIC Mi Arco\u00edris que se encuentra en Calle Uni\u00f3n 111 cruz con calle la Cruz, col. Uni\u00f3n del Recuerdo<\/p>\n","protected":false},"excerpt":{"rendered":"<p>Nuevo Laredo, Tamps.- Los Centros de Asistencia Infantil Comunitario (CAIC) del Sistema para el Desarrollo Integral de la Familia (DIF) que ofrecen educaci\u00f3n preescolar en los 3 niveles educativos mantienen &hellip; <a href=\"http:\/\/revistalaneta.com.mx\/?p=13777\" class=\"more-link\">Leer m\u00e1s<\/a><\/p>\n","protected":false},"author":1,"featured_media":13776,"comment_status":"open","ping_status":"open","sticky":false,"template":"","format":"standard","meta":{"footnotes":""},"categories":[4],"tags":[],"class_list":["post-13777","post","type-post","status-publish","format-standard","has-post-thumbnail","hentry","category-nuevo-laredo","entry"],"_links":{"self":[{"href":"http:\/\/revistalaneta.com.mx\/index.php?rest_route=\/wp\/v2\/posts\/13777","targetHints":{"allow":["GET"]}}],"collection":[{"href":"http:\/\/revistalaneta.com.mx\/index.php?rest_route=\/wp\/v2\/posts"}],"about":[{"href":"http:\/\/revistalaneta.com.mx\/index.php?rest_route=\/wp\/v2\/types\/post"}],"author":[{"embeddable":true,"href":"http:\/\/revistalaneta.com.mx\/index.php?rest_route=\/wp\/v2\/users\/1"}],"replies":[{"embeddable":true,"href":"http:\/\/revistalaneta.com.mx\/index.php?rest_route=%2Fwp%2Fv2%2Fcomments&post=13777"}],"version-history":[{"count":1,"href":"http:\/\/revistalaneta.com.mx\/index.php?rest_route=\/wp\/v2\/posts\/13777\/revisions"}],"predecessor-version":[{"id":13778,"href":"http:\/\/revistalaneta.com.mx\/index.php?rest_route=\/wp\/v2\/posts\/13777\/revisions\/13778"}],"wp:featuredmedia":[{"embeddable":true,"href":"http:\/\/revistalaneta.com.mx\/index.php?rest_route=\/wp\/v2\/media\/13776"}],"wp:attachment":[{"href":"http:\/\/revistalaneta.com.mx\/index.php?rest_route=%2Fwp%2Fv2%2Fmedia&parent=13777"}],"wp:term":[{"taxonomy":"category","embeddable":true,"href":"http:\/\/revistalaneta.com.mx\/index.php?rest_route=%2Fwp%2Fv2%2Fcategories&post=13777"},{"taxonomy":"post_tag","embeddable":true,"href":"http:\/\/revistalaneta.com.mx\/index.php?rest_route=%2Fwp%2Fv2%2Ftags&post=13777"}],"curies":[{"name":"wp","href":"https:\/\/api.w.org\/{rel}","templated":true}]}}