{"id":13837,"date":"2024-09-07T13:55:30","date_gmt":"2024-09-07T13:55:30","guid":{"rendered":"http:\/\/revistalaneta.com.mx\/?p=13837"},"modified":"2024-09-07T13:55:49","modified_gmt":"2024-09-07T13:55:49","slug":"ofrece-universidad-politecnica-de-victoria-carreras-ajustadas-a-la-demanda-del-mercado-laboral","status":"publish","type":"post","link":"http:\/\/revistalaneta.com.mx\/?p=13837","title":{"rendered":"Ofrece Universidad Polit\u00e9cnica de Victoria carreras ajustadas a la demanda del mercado laboral"},"content":{"rendered":"\n<p><\/p>\n\n\n\n<ul class=\"wp-block-list\">\n<li>La instituci\u00f3n es reconocida por su excelencia educativa por parte de empresas, f\u00e1bricas, industrias y centros de investigaci\u00f3n de nivel global<\/li>\n<\/ul>\n\n\n\n<p><\/p>\n\n\n\n<p>Ciudad Victoria, Tamaulipas.\u2013 La Universidad Polit\u00e9cnica de Victoria, (UPV) contin\u00faa consolid\u00e1ndose como una de las instituciones de educaci\u00f3n superior m\u00e1s importante en la regi\u00f3n, por la calidad de sus programas acad\u00e9micos y por ofertar carreras acordes a las demandas del mercado laboral global.<\/p>\n\n\n\n<p>La instituci\u00f3n inici\u00f3 actividades acad\u00e9micas correspondientes al ciclo escolar 2024\u20132025, con una matr\u00edcula de mil 515 estudiantes en las carreras de Ingenier\u00eda en Mecatr\u00f3nica, de Tecnolog\u00edas de la Informaci\u00f3n e Innovaci\u00f3n Digital, de Tecnolog\u00edas de Manufactura, de Sistemas Automotrices, de Tecnolog\u00edas de Manufactura Avanzadas BIS (en el idioma ingl\u00e9s), de Administraci\u00f3n y de Comercio Internacional y Aduanas BIS, tambi\u00e9n en el idioma ingl\u00e9s.<\/p>\n\n\n\n<p>Las y los estudiantes de nuevo ingreso conocieron las instalaciones, aulas, talleres y laboratorios donde se formar\u00e1n como profesionales de excelencia. Lo universitarios tienen sesiones de aprendizaje en el turno matutino de las 07:00 a las 14:45 horas, mientras que en el turno vespertino lo hacen en un horario de 14:00 a 20:44 horas.<\/p>\n\n\n\n<p>Abril Alejandra Ram\u00edrez Erazo, secretaria acad\u00e9mica de la UPV, dio la bienvenida a las y los estudiantes, a quienes exhort\u00f3 a dar lo mejor de s\u00ed, a aprovechar sus clases, talleres y actividades extracurriculares con que cuenta la instituci\u00f3n, con la finalidad de que tengan una formaci\u00f3n integral durante su paso por la escuela.<\/p>\n\n\n\n<p>Destac\u00f3 la pol\u00edtica educativa que promueve el mandatario estatal, Am\u00e9rico Villarreal Anaya, que a trav\u00e9s de la Secretar\u00eda de Educaci\u00f3n de Tamaulipas, bajo la direcci\u00f3n de Luc\u00eda Aim\u00e9 Castillo Pastor, impulsan medidas que elevan el nivel de formaci\u00f3n del sector educativo para que las y los j\u00f3venes tengan mejores oportunidades para su desarrollo y bienestar.<\/p>\n\n\n\n<p>Reconoci\u00f3 adem\u00e1s el trabajo de docentes, personal administrativo, estudiantes y padres de familia, quienes unen capacidades, responsabilidades y voluntades para lograr que la comunidad estudiantil de la instituci\u00f3n sea considerada de excelencia por empresas, f\u00e1bricas, industrias, centros de investigaci\u00f3n y otros sectores de la sociedad.<code> * * *<\/code><\/p>\n","protected":false},"excerpt":{"rendered":"<p>Ciudad Victoria, Tamaulipas.\u2013 La Universidad Polit\u00e9cnica de Victoria, (UPV) contin\u00faa consolid\u00e1ndose como una de las instituciones de educaci\u00f3n superior m\u00e1s importante en la regi\u00f3n, por la calidad de sus programas &hellip; <a href=\"http:\/\/revistalaneta.com.mx\/?p=13837\" class=\"more-link\">Leer m\u00e1s<\/a><\/p>\n","protected":false},"author":1,"featured_media":13836,"comment_status":"open","ping_status":"open","sticky":false,"template":"","format":"standard","meta":{"footnotes":""},"categories":[7],"tags":[],"class_list":["post-13837","post","type-post","status-publish","format-standard","has-post-thumbnail","hentry","category-ciudad-victoria","entry"],"_links":{"self":[{"href":"http:\/\/revistalaneta.com.mx\/index.php?rest_route=\/wp\/v2\/posts\/13837","targetHints":{"allow":["GET"]}}],"collection":[{"href":"http:\/\/revistalaneta.com.mx\/index.php?rest_route=\/wp\/v2\/posts"}],"about":[{"href":"http:\/\/revistalaneta.com.mx\/index.php?rest_route=\/wp\/v2\/types\/post"}],"author":[{"embeddable":true,"href":"http:\/\/revistalaneta.com.mx\/index.php?rest_route=\/wp\/v2\/users\/1"}],"replies":[{"embeddable":true,"href":"http:\/\/revistalaneta.com.mx\/index.php?rest_route=%2Fwp%2Fv2%2Fcomments&post=13837"}],"version-history":[{"count":1,"href":"http:\/\/revistalaneta.com.mx\/index.php?rest_route=\/wp\/v2\/posts\/13837\/revisions"}],"predecessor-version":[{"id":13838,"href":"http:\/\/revistalaneta.com.mx\/index.php?rest_route=\/wp\/v2\/posts\/13837\/revisions\/13838"}],"wp:featuredmedia":[{"embeddable":true,"href":"http:\/\/revistalaneta.com.mx\/index.php?rest_route=\/wp\/v2\/media\/13836"}],"wp:attachment":[{"href":"http:\/\/revistalaneta.com.mx\/index.php?rest_route=%2Fwp%2Fv2%2Fmedia&parent=13837"}],"wp:term":[{"taxonomy":"category","embeddable":true,"href":"http:\/\/revistalaneta.com.mx\/index.php?rest_route=%2Fwp%2Fv2%2Fcategories&post=13837"},{"taxonomy":"post_tag","embeddable":true,"href":"http:\/\/revistalaneta.com.mx\/index.php?rest_route=%2Fwp%2Fv2%2Ftags&post=13837"}],"curies":[{"name":"wp","href":"https:\/\/api.w.org\/{rel}","templated":true}]}}