{"id":13840,"date":"2024-09-07T13:56:43","date_gmt":"2024-09-07T13:56:43","guid":{"rendered":"http:\/\/revistalaneta.com.mx\/?p=13840"},"modified":"2024-09-07T13:57:03","modified_gmt":"2024-09-07T13:57:03","slug":"recibe-personal-operativo-de-la-sspt-conferencia-de-derechos-humanos-enfocada-a-migracion","status":"publish","type":"post","link":"http:\/\/revistalaneta.com.mx\/?p=13840","title":{"rendered":"Recibe personal operativo de la SSPT conferencia de derechos humanos enfocada a migraci\u00f3n"},"content":{"rendered":"\n<p><\/p>\n\n\n\n<p><\/p>\n\n\n\n<p>Ciudad Victoria, Tamaulipas.- Personal operativo de la Secretar\u00eda de Seguridad P\u00fablica de Tamaulipas (SSPT) asisti\u00f3 a una conferencia m\u00e1s del ciclo de capacitaciones impartidas por la Comisi\u00f3n de Derechos Humanos del Estado de Tamaulipas (CODHET), misma que estuvo enfocada al fen\u00f3meno migratorio.<\/p>\n\n\n\n<p>Bajo el t\u00edtulo \u2018\u2019Privaci\u00f3n de la Libertad en el Contexto de Migraci\u00f3n. Jurisprudencia del Sistema Interamericano de Protecci\u00f3n de Derechos Humanos\u2019\u2019, la conferencia estuvo a cargo del secretario t\u00e9cnico de la CODHET, Orlando Javier Rosado Barrera en el auditorio de la Universidad de Seguridad y Justicia de Tamaulipas (USJT) y fue atendida por elementos de la Guardia Estatal y de los Cuerpos de Vigilancia, Custodia y Seguridad.<\/p>\n\n\n\n<p>\u2018\u2019Lo anteriores es con la finalidad de que se refuercen los conocimientos y el actuar como integrantes de la Guardia Estatal, y as\u00ed evitar caer en repeticiones de violentar los derechos fundamentales de las personas, ya que, como servidores p\u00fablicos, tenemos el compromiso de fomentar en cuidado y protecci\u00f3n de los mismos\u2019\u2019, extern\u00f3 la coordinadora general jur\u00eddica y de transparencia de la SSPT, Carolina Gonz\u00e1lez Maldonado, en su discurso inaugural.<\/p>\n\n\n\n<p>Por su parte, el conferencista destac\u00f3 la importancia de que todas las instituciones de seguridad en la entidad reciban esta capacitaci\u00f3n debido al flujo migratorio que se vive en Tamaulipas.<\/p>\n\n\n\n<p>\u2018\u2019Fen\u00f3menos como es la migraci\u00f3n, generan un desaf\u00edo para el ejercicio de los derechos humanos\u2019\u2019, dijo.<\/p>\n\n\n\n<p>Esta capacitaci\u00f3n cont\u00f3 con la presencia del director de lo normativo administrativo de la SSPT, Ricardo Puebla Ballesteros y del director del Consejo de Desarrollo Policial de la SSPT, Luis Eduardo Ibarra Cuevas.<code> * * *<\/code><\/p>\n","protected":false},"excerpt":{"rendered":"<p>Ciudad Victoria, Tamaulipas.- Personal operativo de la Secretar\u00eda de Seguridad P\u00fablica de Tamaulipas (SSPT) asisti\u00f3 a una conferencia m\u00e1s del ciclo de capacitaciones impartidas por la Comisi\u00f3n de Derechos Humanos &hellip; <a href=\"http:\/\/revistalaneta.com.mx\/?p=13840\" class=\"more-link\">Leer m\u00e1s<\/a><\/p>\n","protected":false},"author":1,"featured_media":13839,"comment_status":"open","ping_status":"open","sticky":false,"template":"","format":"standard","meta":{"footnotes":""},"categories":[7],"tags":[],"class_list":["post-13840","post","type-post","status-publish","format-standard","has-post-thumbnail","hentry","category-ciudad-victoria","entry"],"_links":{"self":[{"href":"http:\/\/revistalaneta.com.mx\/index.php?rest_route=\/wp\/v2\/posts\/13840","targetHints":{"allow":["GET"]}}],"collection":[{"href":"http:\/\/revistalaneta.com.mx\/index.php?rest_route=\/wp\/v2\/posts"}],"about":[{"href":"http:\/\/revistalaneta.com.mx\/index.php?rest_route=\/wp\/v2\/types\/post"}],"author":[{"embeddable":true,"href":"http:\/\/revistalaneta.com.mx\/index.php?rest_route=\/wp\/v2\/users\/1"}],"replies":[{"embeddable":true,"href":"http:\/\/revistalaneta.com.mx\/index.php?rest_route=%2Fwp%2Fv2%2Fcomments&post=13840"}],"version-history":[{"count":1,"href":"http:\/\/revistalaneta.com.mx\/index.php?rest_route=\/wp\/v2\/posts\/13840\/revisions"}],"predecessor-version":[{"id":13841,"href":"http:\/\/revistalaneta.com.mx\/index.php?rest_route=\/wp\/v2\/posts\/13840\/revisions\/13841"}],"wp:featuredmedia":[{"embeddable":true,"href":"http:\/\/revistalaneta.com.mx\/index.php?rest_route=\/wp\/v2\/media\/13839"}],"wp:attachment":[{"href":"http:\/\/revistalaneta.com.mx\/index.php?rest_route=%2Fwp%2Fv2%2Fmedia&parent=13840"}],"wp:term":[{"taxonomy":"category","embeddable":true,"href":"http:\/\/revistalaneta.com.mx\/index.php?rest_route=%2Fwp%2Fv2%2Fcategories&post=13840"},{"taxonomy":"post_tag","embeddable":true,"href":"http:\/\/revistalaneta.com.mx\/index.php?rest_route=%2Fwp%2Fv2%2Ftags&post=13840"}],"curies":[{"name":"wp","href":"https:\/\/api.w.org\/{rel}","templated":true}]}}