{"id":13843,"date":"2024-09-07T13:58:47","date_gmt":"2024-09-07T13:58:47","guid":{"rendered":"http:\/\/revistalaneta.com.mx\/?p=13843"},"modified":"2024-09-07T13:59:16","modified_gmt":"2024-09-07T13:59:16","slug":"designan-a-neolaredense-titular-de-arte-y-cultura-en-tamaulipas","status":"publish","type":"post","link":"http:\/\/revistalaneta.com.mx\/?p=13843","title":{"rendered":"DESIGNAN A NEOLAREDENSE TITULAR DE ARTE Y CULTURA EN TAMAULIPAS"},"content":{"rendered":"\n<p><br>El neolaredense H\u00e9ctor Romero Lecanda ha sido designado como el nuevo titular del Instituto Tamaulipeco para la Cultura y las Artes (ITCA), y entrar\u00e1 en funciones como tal a partir del 1 de octubre. Romero Lecanda fue invitado expresamente por el gobernador Am\u00e9rico Villarreal Anaya para hacerse cargo de los asuntos culturales en la entidad, esto durante la reciente visita que el mandatario estatal hizo a la Ciudad de M\u00e9xico, acompa\u00f1ado de su esposa, la se\u00f1ora Mar\u00eda de Villarreal. Romero Lecanda acept\u00f3 la invitaci\u00f3n, aunque para ello primero terminar\u00e1 su gesti\u00f3n como subdirector general del Instituto Nacional de Bellas Artes, y a partir del pr\u00f3ximo mes asumir\u00e1 su nuevo encargo. El neolaredense tiene m\u00e1s de 30 a\u00f1os de experiencia en el \u00e1mbito cultural, por lo que sin duda har\u00e1 mucho por dicho rengl\u00f3n en Tamaulipas.<\/p>\n\n\n\n<p>MEJORAN CONDICIONES DE CARRETERAS<br \/>Trabajos de conservaci\u00f3n en carreteras federales lleva a cabo el Gobierno del Estado de Tamaulipas, a trav\u00e9s de la Secretar\u00eda de Obras P\u00fablicas, y tan solo en lo que va de este 2024 se han cubierto casi 900 kil\u00f3metros con labores de bacheo. Estos trabajos se han estado realizando en una primera etapa en carreteras como Valles-Victoria, Tampico-Mante, Estaci\u00f3n Manuel-Soto La Marina y el tramo Ramal a Tepehuajes. Aparte en la carretera Victoria-Monterrey, en los tramos Los Magueyes y Barretal-Oyama, los trabajos de conservaci\u00f3n incluyen bacheo, fresado, renivelaciones y se\u00f1alizaci\u00f3n, y acciones similares se aplicaron en las carreteras Soto La Marina-La Coma, Victoria-Soto La Marina y Tula-Victoria, esto seg\u00fan lo manifestado por el secretario de Obras P\u00fablicas, Pedro Cepeda Anaya, quien abund\u00f3 que aparte se contemplan labores de bacheo y fresado de la carpeta asf\u00e1ltica de la carretera Victoria-Matamoros, a la altura del municipio de Padilla, lo que abarcar\u00e1 una longitud de 1,700 metros. Pues que bien por estas obras, y ojal\u00e1 m\u00e1s adelante se contemple mejorar las carreteras de Nuevo Laredo con rumbo a los municipios de An\u00e1huac y Colombia, Nuevo Le\u00f3n, que est\u00e1n en p\u00e9simas condiciones.<\/p>\n\n\n\n<p>SE BENEFICIAN ALUMNOS CON TRANSPORTE ESCOLAR<br \/>Un total 1,860 estudiantes de escuelas p\u00fablicas de Nuevo Laredo son apoyados con transporte p\u00fablico gratuito por el Gobierno Municipal de Nuevo Laredo que encabeza Carmen Lilia Canturosas Villarreal. Es a trav\u00e9s del programa municipal \u201cTransporte Escolar\u201d que se brinda dicho beneficio, que ahorra gastos a las familias de los involucrados, y adem\u00e1s incentiva a los propios alumnos a seguir ech\u00e1ndole ganas al estudio. En este sentido la alcaldesa ha manifestado que el principal objetivo de la administraci\u00f3n municipal es que la distancia no sea un impedimento para que los ni\u00f1os y j\u00f3venes contin\u00faen con sus estudios. Los alumnos beneficiados con este programa pertenecen a 19 primarias de los turnos matutino y vespertino; 1 secundaria; y 5 preparatorias, y para tal efecto se hace uso de 39 unidades de transporte, con recorridos tanto de ida como de vuelta.<\/p>\n\n\n\n<p>INCERTIDUMBRE POR ELECCI\u00d3N EN USA FRENA INVERSI\u00d3N EN MAQUILAS<br \/>Hay cierta incertidumbre en el sector industrial, ante lo que se viene dentro del proceso electoral de los Estados Unidos para elegir un nuevo presidente, y esta situaci\u00f3n est\u00e1 generando de momento un freno en las inversiones en el \u00e1mbito manufacturero a lo cual no es ajena la ciudad de Nuevo Laredo. Seg\u00fan Luis Eduardo Mart\u00ednez L\u00f3pez, secretario general del Sindicato Local de Trabajadores de la Industria Maquiladora de Nuevo Laredo, el no saber qu\u00e9 rumbo tomar\u00e1 el gobierno americano, tiene suspendidas las inversiones, y prueba de ello es que estaban programadas en llegar a esta ciudad fronteriza dos proyectos, que aunque peque\u00f1os iban a generar una buena cantidad de empleos, pero se frenaron porque hay incertidumbre ante el proceso electoral que se avecina en la Uni\u00f3n Americana. No obstante, el mencionado dijo que se sigue ocupando personal en las maquiladoras, aunque m\u00e1s que nada es por la cl\u00e1sica rotaci\u00f3n que se da en las mismas, pero s\u00ed urgen nuevas inversiones para que a su vez haya nuevas contrataciones.<\/p>\n\n\n\n<p>TOMA PROTESTA IMELDA SANMIGUEL COMO SECRETARIA DEL SENADO<br \/>De reconocerse el hecho que la senadora oriunda de Nuevo Laredo, Imelda Sanmiguel S\u00e1nchez, haya sido designada secretaria de la mesa directiva del Senado de la Rep\u00fablica, pues esto indica que empieza con el pie derecho su gesti\u00f3n en la C\u00e1mara Alta. Y es que sin duda tal hecho es un gran logro para Imelda, que en este sentido est\u00e1 teniendo el respaldo de sus compa\u00f1eros senadores panistas, y sobre todo de la dirigencia nacional del blanquiazul, que la propuso para tal encargo, y aunque de inicio los de la 4T se negaban a aceptar un integran del PAN en la directiva del Senado, tras las negociaciones se acept\u00f3 y ahora Imelda trabajar\u00e1 al lado de Gerardo Fern\u00e1ndez Noro\u00f1a, presidente del Senado, as\u00ed como de otros dos senadores m\u00e1s que tambi\u00e9n ocupar\u00e1n las carteras de secretarios y tres m\u00e1s que ser\u00e1n vicepresidentes, la mayor\u00eda de ellos de MORENA. Pero bueno Imelda ya logr\u00f3 meterse a la mesa directiva, y eso sin duda es importante.<\/p>\n\n\n\n<p>APROBADA LA REFORMA JUDICIAL<br \/>Se cumplieron los pron\u00f3sticos y MORENA y sus aliados del PVEM y el PT, aplicaron su mayor\u00eda en la C\u00e1mara de Diputados y aprobaron con 359 votos a favor la reforma judicial, en tanto que 135 diputados de la oposici\u00f3n votaron en contra, esto durante una jornada de debates que duro poco m\u00e1s de 12 horas, terminando a eso de las cuatro de la ma\u00f1ana de este d\u00eda. De esta manera MORENA aplica por primera vez, y a menos de 100 horas de haber iniciado la nueva legislatura, su gran mayor\u00eda para aprobar la primera de una serie de reformas que se esperan se lleven a efecto en la actual legislatura.<\/p>\n\n\n\n<p>RECONOCEN MIEMBROS DEL CIEES COMPROMISO DEL RECTOR DE LA UAT<br \/>Durante la reacreditaci\u00f3n de la Licenciatura en Derecho que se imparte la Facultad de Comercio, Administraci\u00f3n y Ciencias Sociales (FCACS) de Nuevo Laredo, miembros de los Comit\u00e9s Interinstitucionales para la Evaluaci\u00f3n de la Educaci\u00f3n Superior (CIEES) destacaron el compromiso del rector de la Universidad Aut\u00f3noma de Tamaulipas (UAT), MVZ D\u00e1maso Anaya Alvarado, por impulsar la calidad de los programas educativos de dicha instituci\u00f3n acad\u00e9mica. En este sentido el Maestro Francisco Javier Solana Ortiz, encargado de la vocal\u00eda del Comit\u00e9 de Ciencias Sociales y Administrativas; as\u00ed como la Doctora Mar\u00eda Estela Morales Tamez, coordinadora de la Comisi\u00f3n de Pares Acad\u00e9micos Externos de los CIEES; el Doctor Roberto Aude D\u00edaz y el Doctor Jos\u00e9 Enrique Rivera Rodr\u00edguez, miembros de la Comisi\u00f3n de Pares Acad\u00e9micos Externos de los CIEES, quienes tomaron parte en dicho acto de manera virtual, coincidieron en referir el compromiso del MVZ D\u00e1maso Anaya con el crecimiento educativo de la UAT. De hecho, hicieron hincapi\u00e9 que no es frecuente que en dichos procesos evaluativos se cuente con la presencia de un rector, lo cual es una clara muestra del inter\u00e9s de Anaya Alvarado por supervisa el ejercicio.<\/p>\n\n\n\n<p>LO \u00daLTIMO<br \/>Este mi\u00e9rcoles fui a la tienda Bodega Aurrer\u00e1 y me sorprendi\u00f3 que estaba casi sola, a pesar de que manejan muchas ofertas. Una cajera me coment\u00f3 que por lo regular no va gente. Entonces me pregunto \u00bfc\u00f3mo es que la firma se va animar a abrir una nueva tienda en Nuevo Laredo? Aunque bueno, esta nueva tienda va a estar al poniente, por lo que tal vez tenga m\u00e1s gente. Suerte pues\u2026 Que bueno que en la tienda Soriana Reforma ya pusieron cajeros de auto-cobro, pues eso agiliza la asistencia a dicho negocio, donde normalmente se tardan mucho en cobrar en las cajas normales\u2026 Trabajos de mejoramiento de la carpeta asf\u00e1ltica se han iniciado en el cuerpo lado poniente de la calle Prolongaci\u00f3n Monterrey entre Lago de Chapala y Municipio Libre. Por lo mismo la circulaci\u00f3n vehicular en el cuerpo del lado oriente se ha convertido moment\u00e1neamente en doble sentido\u2026 Concluyeron las obras de instalaci\u00f3n de la tuber\u00eda de drenaje pluvial sobre la calle 15 de Septiembre, entre Reforma y Tecnol\u00f3gico. Ya solo falta compactar y repavimentar, para volver a abrir a la circulaci\u00f3n tan importante arteria.<\/p>\n","protected":false},"excerpt":{"rendered":"<p>El neolaredense H\u00e9ctor Romero Lecanda ha sido designado como el nuevo titular del Instituto Tamaulipeco para la Cultura y las Artes (ITCA), y entrar\u00e1 en funciones como tal a partir &hellip; <a href=\"http:\/\/revistalaneta.com.mx\/?p=13843\" class=\"more-link\">Leer m\u00e1s<\/a><\/p>\n","protected":false},"author":1,"featured_media":13842,"comment_status":"open","ping_status":"open","sticky":false,"template":"","format":"standard","meta":{"footnotes":""},"categories":[2,3],"tags":[],"class_list":["post-13843","post","type-post","status-publish","format-standard","has-post-thumbnail","hentry","category-chismorreo","category-opinion","entry"],"_links":{"self":[{"href":"http:\/\/revistalaneta.com.mx\/index.php?rest_route=\/wp\/v2\/posts\/13843","targetHints":{"allow":["GET"]}}],"collection":[{"href":"http:\/\/revistalaneta.com.mx\/index.php?rest_route=\/wp\/v2\/posts"}],"about":[{"href":"http:\/\/revistalaneta.com.mx\/index.php?rest_route=\/wp\/v2\/types\/post"}],"author":[{"embeddable":true,"href":"http:\/\/revistalaneta.com.mx\/index.php?rest_route=\/wp\/v2\/users\/1"}],"replies":[{"embeddable":true,"href":"http:\/\/revistalaneta.com.mx\/index.php?rest_route=%2Fwp%2Fv2%2Fcomments&post=13843"}],"version-history":[{"count":1,"href":"http:\/\/revistalaneta.com.mx\/index.php?rest_route=\/wp\/v2\/posts\/13843\/revisions"}],"predecessor-version":[{"id":13844,"href":"http:\/\/revistalaneta.com.mx\/index.php?rest_route=\/wp\/v2\/posts\/13843\/revisions\/13844"}],"wp:featuredmedia":[{"embeddable":true,"href":"http:\/\/revistalaneta.com.mx\/index.php?rest_route=\/wp\/v2\/media\/13842"}],"wp:attachment":[{"href":"http:\/\/revistalaneta.com.mx\/index.php?rest_route=%2Fwp%2Fv2%2Fmedia&parent=13843"}],"wp:term":[{"taxonomy":"category","embeddable":true,"href":"http:\/\/revistalaneta.com.mx\/index.php?rest_route=%2Fwp%2Fv2%2Fcategories&post=13843"},{"taxonomy":"post_tag","embeddable":true,"href":"http:\/\/revistalaneta.com.mx\/index.php?rest_route=%2Fwp%2Fv2%2Ftags&post=13843"}],"curies":[{"name":"wp","href":"https:\/\/api.w.org\/{rel}","templated":true}]}}