{"id":13881,"date":"2024-09-09T12:17:31","date_gmt":"2024-09-09T12:17:31","guid":{"rendered":"http:\/\/revistalaneta.com.mx\/?p=13881"},"modified":"2024-09-09T12:18:20","modified_gmt":"2024-09-09T12:18:20","slug":"invita-gobierno-municipal-a-aprovechar-ultimo-mes-de-regularizacion-de-vehiculos-de-procedencia-extranjera","status":"publish","type":"post","link":"http:\/\/revistalaneta.com.mx\/?p=13881","title":{"rendered":"Invita Gobierno Municipal a aprovechar \u00faltimo mes de regularizaci\u00f3n de veh\u00edculos de procedencia extranjera"},"content":{"rendered":"\n<p><\/p>\n\n\n\n<p>Nuevo Laredo, Tamps.- El Gobierno Municipal hace un llamado a la poblaci\u00f3n para que aproveche los \u00faltimos d\u00edas del Programa de Regularizaci\u00f3n de Veh\u00edculos Usados de Procedencia Extranjera (REPUVE) que finaliza el 30 de septiembre.<\/p>\n\n\n\n<p>La alcaldesa Carmen Lilia Canturosas Villarreal inform\u00f3 que de acuerdo al decreto del Gobierno Federal, la poblaci\u00f3n tiene solo este mes para nacionalizar su patrimonio vehicular.<\/p>\n\n\n\n<p>\u201cInvitamos a nuestros ciudadanos para que acudan a regularizar su veh\u00edculo, es un programa que ha tenido una aceptaci\u00f3n muy positiva, pero que adem\u00e1s ha dejado un gran beneficio para la ciudad \u201d, dijo Canturosas Villarreal.<\/p>\n\n\n\n<p>La presidenta municipal explic\u00f3 que gracias al recurso obtenido a trav\u00e9s del m\u00f3dulo municipal de REPUVE, se han obtenido 212 millones de pesos que fueron destinados a obras de pavimentaci\u00f3n, repavimentaci\u00f3n y recarpeteo.<\/p>\n\n\n\n<p>Tambi\u00e9n que tan solo en el m\u00f3dulo municipal se han logrado nacionalizar 72 mil 970 veh\u00edculos.<\/p>\n\n\n\n<p>Este m\u00f3dulo municipal est\u00e1 ubicado en Arteaga 3900 (Antigua Aduana) en un horario de lunes a viernes de 8:00 de la ma\u00f1ana a 4:00 de la tarde. Adem\u00e1s cuenta con 24 carriles para que la atenci\u00f3n y el tr\u00e1mite sea m\u00e1s \u00e1gil.<\/p>\n\n\n\n<p>Recordar que la cita se realiza previamente en https:\/\/regularizaauto.sspc.gob.mx\/ y los interesados deber\u00e1n tener el CURP, el n\u00famero de identificaci\u00f3n vehicular (NIV), c\u00f3digo postal, un correo electr\u00f3nico y un n\u00famero de tel\u00e9fono.<\/p>\n","protected":false},"excerpt":{"rendered":"<p>Nuevo Laredo, Tamps.- El Gobierno Municipal hace un llamado a la poblaci\u00f3n para que aproveche los \u00faltimos d\u00edas del Programa de Regularizaci\u00f3n de Veh\u00edculos Usados de Procedencia Extranjera (REPUVE) que &hellip; <a href=\"http:\/\/revistalaneta.com.mx\/?p=13881\" class=\"more-link\">Leer m\u00e1s<\/a><\/p>\n","protected":false},"author":1,"featured_media":13880,"comment_status":"open","ping_status":"open","sticky":false,"template":"","format":"standard","meta":{"footnotes":""},"categories":[4],"tags":[],"class_list":["post-13881","post","type-post","status-publish","format-standard","has-post-thumbnail","hentry","category-nuevo-laredo","entry"],"_links":{"self":[{"href":"http:\/\/revistalaneta.com.mx\/index.php?rest_route=\/wp\/v2\/posts\/13881","targetHints":{"allow":["GET"]}}],"collection":[{"href":"http:\/\/revistalaneta.com.mx\/index.php?rest_route=\/wp\/v2\/posts"}],"about":[{"href":"http:\/\/revistalaneta.com.mx\/index.php?rest_route=\/wp\/v2\/types\/post"}],"author":[{"embeddable":true,"href":"http:\/\/revistalaneta.com.mx\/index.php?rest_route=\/wp\/v2\/users\/1"}],"replies":[{"embeddable":true,"href":"http:\/\/revistalaneta.com.mx\/index.php?rest_route=%2Fwp%2Fv2%2Fcomments&post=13881"}],"version-history":[{"count":1,"href":"http:\/\/revistalaneta.com.mx\/index.php?rest_route=\/wp\/v2\/posts\/13881\/revisions"}],"predecessor-version":[{"id":13882,"href":"http:\/\/revistalaneta.com.mx\/index.php?rest_route=\/wp\/v2\/posts\/13881\/revisions\/13882"}],"wp:featuredmedia":[{"embeddable":true,"href":"http:\/\/revistalaneta.com.mx\/index.php?rest_route=\/wp\/v2\/media\/13880"}],"wp:attachment":[{"href":"http:\/\/revistalaneta.com.mx\/index.php?rest_route=%2Fwp%2Fv2%2Fmedia&parent=13881"}],"wp:term":[{"taxonomy":"category","embeddable":true,"href":"http:\/\/revistalaneta.com.mx\/index.php?rest_route=%2Fwp%2Fv2%2Fcategories&post=13881"},{"taxonomy":"post_tag","embeddable":true,"href":"http:\/\/revistalaneta.com.mx\/index.php?rest_route=%2Fwp%2Fv2%2Ftags&post=13881"}],"curies":[{"name":"wp","href":"https:\/\/api.w.org\/{rel}","templated":true}]}}