{"id":13890,"date":"2024-09-09T12:22:59","date_gmt":"2024-09-09T12:22:59","guid":{"rendered":"http:\/\/revistalaneta.com.mx\/?p=13890"},"modified":"2024-09-09T12:23:34","modified_gmt":"2024-09-09T12:23:34","slug":"viene-la-trevi-a-la-ceremonia-del-grito","status":"publish","type":"post","link":"http:\/\/revistalaneta.com.mx\/?p=13890","title":{"rendered":"VIENE LA TREVI A LA CEREMONIA DEL GRITO"},"content":{"rendered":"\n<p><br>Pues vaya sorpresa que nos ha dado la Presidenta Municipal de Nuevo Laredo, Carmen Lilia Canturosas Villarreal, al anunciar que para la Ceremonia del Grito de la Independencia se contar\u00e1 con la presencia de la gran Gloria Trevi, quien amenizar\u00e1 el evento, y que sin duda va a generar una gran asistencia de ciudadanos, pues la Trevi es la Trevi, aqu\u00ed y en Tangamandapio. Nada vale que dicho festejo cae en domingo, y al d\u00eda siguiente se descansa, por lo que se espera una r\u00e9cord de asistencia, m\u00e1xime que aparte vendr\u00e1 el grupo S\u00f3lido. As\u00ed que ya saben, va a ser un gran bailongo conmemorativo a la Independencia de nuestro pa\u00eds<\/p>\n\n\n\n<p>ENTREGA CLCR BECAS CULTURALES<br \/>Un total de 230 beneficiarios de las Becas Culturales ya recibieron el dep\u00f3sito correspondiente a dicho pago que les hace el Gobierno Municipal de Nuevo Laredo. Fue en la tarde del pasado mi\u00e9rcoles que la alcaldesa Carmen Lilia Canturosas Villarreal, anunci\u00f3 a trav\u00e9s de sus redes sociales, que se acaba de realizar el dep\u00f3sito de 5 mil pesos a cada uno de los favorecidos, por lo que el monto global dispersado asciende a 1 mill\u00f3n 150 mil pesos. La mun\u00edcipe dijo que con dicho apoyo los beneficiados podr\u00e1n continuar desarrollando su arte y su talento.<\/p>\n\n\n\n<p>LLAMAN A PASE DE REVISTA A MAESTROS JUBILADO Y PENSIONADOS<br \/>Para el 18 y 19 de septiembre se ha programado el pase de revista para maestros jubilados y pensionados del sistema estatal, lo cual es un requisito obligatorio, pues de lo contrario corren el riesgo de que se les suspendan sus pagos. De acuerdo con Patricia Garc\u00eda, quien es dirigente de uno de los organismos de pensionados y jubilados de la localidad, dicho pase de lista de supervivencia se realizar\u00e1 de ocho de la ma\u00f1ana a tres de la tarde en el Centro C\u00edvico de Nuevo Laredo, debi\u00e9ndose presentar en persona los interesados, con credencial de elector vigente, en original y copia, as\u00ed como comprobante de domicilio reciente, y en caso de haber cambiado de situaci\u00f3n fiscal llevarla actualizada. Para el caso de los de pensi\u00f3n por orfandad deben llevar constancia de estudios con calificaciones de los menores favorecidos. Cabe indicar que quien no pueda acudir por enfermedad o falta de movilidad, debe enviar a su representante previamente registrado a avisar al lugar, para que el personal enviado de Ciudad Victoria que realiza dicha tarea, pase a su domicilio y cumpla con el pase de revista.<\/p>\n\n\n\n<p>\u00bfPERREDISTAS SE IR\u00c1N AL PAN?<br \/>Tras la p\u00e9rdida del registro del Partido de la Revoluci\u00f3n Democr\u00e1tica (PRD) a nivel nacional, los escasos perredistas que hab\u00eda en Nuevo Laredo, andan viendo en qu\u00e9 partido se van acomodar, si es que quieren seguir participando en la pol\u00edtica. Aunque lo m\u00e1s seguro es que el Partido Acci\u00f3n Nacional (PAN) sea su principal opci\u00f3n, toda vez que los l\u00edderes del blanquiazul de hecho les han estado haciendo ojitos para que justamente se les unan, pues de hecho estuvieron trabajando juntos en la pasada campa\u00f1a electoral. A nivel local la dirigencia del PRD estaba en manos de Sergio Mart\u00ednez L\u00f3pez, y otra figura representativa es Mar\u00eda Clara Hinojosa Guti\u00e9rrez, quien en el 2021 fuera candidata a la alcald\u00eda por el partido del sol azteca, y ambos lo m\u00e1s seguro es que se unan al PAN, aunque eso ya lo veremos m\u00e1s adelante, si se oficializa, pero todo parece ser que as\u00ed ser\u00e1.<\/p>\n\n\n\n<p>GANA M\u00c1S ADEPTOS EL PVEM<br \/>Otro partido pol\u00edtico que sigue ganando adeptos en Nuevo Laredo es el Verde Ecologista de M\u00e9xico, esto en parte por la labor realizada por su actual dirigente, Juan Juanes Carrizales, as\u00ed como al hecho de que el ex gobernador Eugenio Hern\u00e1ndez Flores ha sido designado secretario de operaci\u00f3n pol\u00edtica del CEN del Verde, lo que haa generado que algunos \u201cge\u00f1istas\u201d se hayan estado agregado a dicho instituto pol\u00edtico, viniendo la mayor\u00eda de las filas del Partido Revolucionario Institucional (PRI), que dicho sea de paso sigue perdiendo militantes. Y como dijo Don Teofilito, seguir\u00e1, pues el PRI de plano contin\u00faa en declive.<\/p>\n\n\n\n<p>ESTE VIERNES EL M\u00c9XICO SIGLO XXI DE TELMEX-TELCEL<br \/>Se lleg\u00f3 el gran d\u00eda y este viernes 6 de septiembre se llevar\u00e1 a cabo la vig\u00e9sima segunda edici\u00f3n del gran evento M\u00e9xico Siglo XXI que organiza la Fundaci\u00f3n Telmex-Telcel, y en la cual tomar\u00e1n parte alrededor de 10 mil becarios de dicha instituci\u00f3n, en un evento a celebrarse en el Auditorio Nacional de la Ciudad de M\u00e9xico, y donde se contar\u00e1 con la presencia de distinguidas personalidades, entre ellos el ex presidente de Estados Unidos, Bill Clinton, as\u00ed como Matt Wood, vicepresidente de productos de inteligencia artificial de Amazon, adem\u00e1s de James Clear, autor del libro \u201cH\u00e1bitos At\u00f3micos\u201d; el m\u00fasico y comediante Andreas Zanetti; el actor y productor, Bradley Cooper; el entrenador de f\u00fatbol, Carlos Anceloti, sin faltar el presidente de los consejos de administraci\u00f3n de Grupo Carso y Am\u00e9rica M\u00f3vil, Carlos Slim Domit y el director general de fundaci\u00f3n Telmex-Telcel, Arturo El\u00edas Ayub. Un servidor andar\u00e1 en tal evento para dar cuenta de los acontecimientos, aunque tambi\u00e9n se podr\u00e1n ver en vivo a trav\u00e9s de las diferentes plataformas de Telmex y Telcel.<\/p>\n\n\n\n<p>LO \u00daLTIMO<br \/>En el marco de las fiestas patrias, la Direcci\u00f3n de Arte y Cultura Municipal organizar\u00e1 el pr\u00f3ximo viernes 13 de septiembre una Kerm\u00e9s Cultural en la casa de la Casa de la Cultura de la colonia Viveros, en horario de cinco de la tarde a ocho de la noche, por lo que todos est\u00e1n invitados\u2026 Un convenio de coordinaci\u00f3n y colaboraci\u00f3n que refuerza el compromiso por el respeto a los derechos humanos, fue firmado por la Comisi\u00f3n Estatal de Atenci\u00f3n a V\u00edctimas (CEAV) y la Coordinaci\u00f3n General del Registro Civil de Tamaulipas. Dicho convenio permitir\u00e1 que todas las v\u00edctimas de delitos de alto impacto y violaciones a los derechos humanos inscritos en el Registro Estatal de la Comisi\u00f3n, tendr\u00e1n acceso gratuito a los tr\u00e1mites administrativos de la Direcci\u00f3n General del Registro Civil. Sea pues\u2026 La Universidad Aut\u00f3noma de Tamaulipas (UAT) invita a sus alumnos a integrarse al programa Curso Santander-Hecho en Tamaulipas, una iniciativa conjunta de Grupo Santander, la Secretar\u00eda de Econom\u00eda de Tamaulipas y la Secretar\u00eda del Trabajo y Previsi\u00f3n Social a trav\u00e9s del INJUVE, y el cual ofrece la oportunidad de acceder a cinco mil cursos gratuitos y especializados en \u00e1reas como desarrollo de productos innovadores, emprendimiento social, persuasi\u00f3n efectiva y estad\u00edsticas aplicadas a los negocios.<\/p>\n","protected":false},"excerpt":{"rendered":"<p>Pues vaya sorpresa que nos ha dado la Presidenta Municipal de Nuevo Laredo, Carmen Lilia Canturosas Villarreal, al anunciar que para la Ceremonia del Grito de la Independencia se contar\u00e1 &hellip; <a href=\"http:\/\/revistalaneta.com.mx\/?p=13890\" class=\"more-link\">Leer m\u00e1s<\/a><\/p>\n","protected":false},"author":1,"featured_media":13889,"comment_status":"open","ping_status":"open","sticky":false,"template":"","format":"standard","meta":{"footnotes":""},"categories":[2,3],"tags":[],"class_list":["post-13890","post","type-post","status-publish","format-standard","has-post-thumbnail","hentry","category-chismorreo","category-opinion","entry"],"_links":{"self":[{"href":"http:\/\/revistalaneta.com.mx\/index.php?rest_route=\/wp\/v2\/posts\/13890","targetHints":{"allow":["GET"]}}],"collection":[{"href":"http:\/\/revistalaneta.com.mx\/index.php?rest_route=\/wp\/v2\/posts"}],"about":[{"href":"http:\/\/revistalaneta.com.mx\/index.php?rest_route=\/wp\/v2\/types\/post"}],"author":[{"embeddable":true,"href":"http:\/\/revistalaneta.com.mx\/index.php?rest_route=\/wp\/v2\/users\/1"}],"replies":[{"embeddable":true,"href":"http:\/\/revistalaneta.com.mx\/index.php?rest_route=%2Fwp%2Fv2%2Fcomments&post=13890"}],"version-history":[{"count":1,"href":"http:\/\/revistalaneta.com.mx\/index.php?rest_route=\/wp\/v2\/posts\/13890\/revisions"}],"predecessor-version":[{"id":13891,"href":"http:\/\/revistalaneta.com.mx\/index.php?rest_route=\/wp\/v2\/posts\/13890\/revisions\/13891"}],"wp:featuredmedia":[{"embeddable":true,"href":"http:\/\/revistalaneta.com.mx\/index.php?rest_route=\/wp\/v2\/media\/13889"}],"wp:attachment":[{"href":"http:\/\/revistalaneta.com.mx\/index.php?rest_route=%2Fwp%2Fv2%2Fmedia&parent=13890"}],"wp:term":[{"taxonomy":"category","embeddable":true,"href":"http:\/\/revistalaneta.com.mx\/index.php?rest_route=%2Fwp%2Fv2%2Fcategories&post=13890"},{"taxonomy":"post_tag","embeddable":true,"href":"http:\/\/revistalaneta.com.mx\/index.php?rest_route=%2Fwp%2Fv2%2Ftags&post=13890"}],"curies":[{"name":"wp","href":"https:\/\/api.w.org\/{rel}","templated":true}]}}