{"id":13986,"date":"2024-09-12T12:10:13","date_gmt":"2024-09-12T12:10:13","guid":{"rendered":"http:\/\/revistalaneta.com.mx\/?p=13986"},"modified":"2024-09-12T12:10:41","modified_gmt":"2024-09-12T12:10:41","slug":"se-suma-gobierno-municipal-al-mes-de-prevencion-del-suicidio","status":"publish","type":"post","link":"http:\/\/revistalaneta.com.mx\/?p=13986","title":{"rendered":"Se suma Gobierno Municipal al mes de prevenci\u00f3n del suicidio"},"content":{"rendered":"\n<p><\/p>\n\n\n\n<p>Nuevo Laredo, Tamps.- El Gobierno Municipal, a trav\u00e9s del Instituto Municipal de la Prevenci\u00f3n de Adicciones, Conductas y Tendencias Antisociales (IMPACTA), sostendr\u00e1 una serie de actividades durante septiembre dentro del marco de la prevenci\u00f3n del suicidio.<\/p>\n\n\n\n<p>Adem\u00e1s del IMPACTA, la ciudadan\u00eda puede acercarse al Sistema para el Desarrollo Integral de la Familia (DIF), y los institutos de la Mujer (INMUJER) y para el Desarrollo de la Juventud (IMJUVE), para solicitar apoyo psicol\u00f3gico.<\/p>\n\n\n\n<p>El director del IMPACTA, Abdiel Omar Esteves Rodr\u00edguez, inform\u00f3 que en conjunto con el IMJUVE, durante el mes visitar\u00e1n escuelas y empresas para brindar una serie de pl\u00e1ticas preventivas a fin de erradicar las conductas suicidas.<\/p>\n\n\n\n<p>\u201cNos acercamos para hacer primer contacto, darles las herramientas para que se apoyen a s\u00ed mismos y a familiares o amigos que puedan pasar por esta situaci\u00f3n complicada y combatir el suicidio\u201d, expres\u00f3.<\/p>\n\n\n\n<p>Inform\u00f3 que la poblaci\u00f3n m\u00e1s susceptible al suicidio son quienes est\u00e1n entre el rango de 12 a 29 a\u00f1os de edad debido a que en ese periodo se suelen tomar decisiones importantes de vida.<\/p>\n\n\n\n<p>\u201cHay incertidumbre entre los j\u00f3venes y estamos para apoyarlos, la ciudadan\u00eda puede acercarse a los institutos municipales o a cualquier asociaci\u00f3n para solicitar ayuda, nadie ser\u00e1 juzgado y los atenderemos durante el tiempo que sea necesario\u201d, destac\u00f3.<\/p>\n\n\n\n<p>Por \u00faltimo, el funcionario dio a conocer que en el IMPACTA se cuenta con tres psic\u00f3logos especializados en estos temas y que la ciudadan\u00eda puede consultar de forma presencial o en l\u00ednea y agendar a trav\u00e9s de la p\u00e1gina de Facebook IMPACTA NLD.<\/p>\n\n\n\n<p>Otra herramienta para atender a quienes tienen pensamientos o conductas suicidas es la l\u00ednea de la vida, servicio telef\u00f3nico 24 horas al que se puede contactar mediante el siguiente n\u00famero: 800-911-2000.<\/p>\n","protected":false},"excerpt":{"rendered":"<p>Nuevo Laredo, Tamps.- El Gobierno Municipal, a trav\u00e9s del Instituto Municipal de la Prevenci\u00f3n de Adicciones, Conductas y Tendencias Antisociales (IMPACTA), sostendr\u00e1 una serie de actividades durante septiembre dentro del &hellip; <a href=\"http:\/\/revistalaneta.com.mx\/?p=13986\" class=\"more-link\">Leer m\u00e1s<\/a><\/p>\n","protected":false},"author":1,"featured_media":13985,"comment_status":"open","ping_status":"open","sticky":false,"template":"","format":"standard","meta":{"footnotes":""},"categories":[4],"tags":[],"class_list":["post-13986","post","type-post","status-publish","format-standard","has-post-thumbnail","hentry","category-nuevo-laredo","entry"],"_links":{"self":[{"href":"http:\/\/revistalaneta.com.mx\/index.php?rest_route=\/wp\/v2\/posts\/13986","targetHints":{"allow":["GET"]}}],"collection":[{"href":"http:\/\/revistalaneta.com.mx\/index.php?rest_route=\/wp\/v2\/posts"}],"about":[{"href":"http:\/\/revistalaneta.com.mx\/index.php?rest_route=\/wp\/v2\/types\/post"}],"author":[{"embeddable":true,"href":"http:\/\/revistalaneta.com.mx\/index.php?rest_route=\/wp\/v2\/users\/1"}],"replies":[{"embeddable":true,"href":"http:\/\/revistalaneta.com.mx\/index.php?rest_route=%2Fwp%2Fv2%2Fcomments&post=13986"}],"version-history":[{"count":1,"href":"http:\/\/revistalaneta.com.mx\/index.php?rest_route=\/wp\/v2\/posts\/13986\/revisions"}],"predecessor-version":[{"id":13987,"href":"http:\/\/revistalaneta.com.mx\/index.php?rest_route=\/wp\/v2\/posts\/13986\/revisions\/13987"}],"wp:featuredmedia":[{"embeddable":true,"href":"http:\/\/revistalaneta.com.mx\/index.php?rest_route=\/wp\/v2\/media\/13985"}],"wp:attachment":[{"href":"http:\/\/revistalaneta.com.mx\/index.php?rest_route=%2Fwp%2Fv2%2Fmedia&parent=13986"}],"wp:term":[{"taxonomy":"category","embeddable":true,"href":"http:\/\/revistalaneta.com.mx\/index.php?rest_route=%2Fwp%2Fv2%2Fcategories&post=13986"},{"taxonomy":"post_tag","embeddable":true,"href":"http:\/\/revistalaneta.com.mx\/index.php?rest_route=%2Fwp%2Fv2%2Ftags&post=13986"}],"curies":[{"name":"wp","href":"https:\/\/api.w.org\/{rel}","templated":true}]}}