{"id":13992,"date":"2024-09-12T12:13:27","date_gmt":"2024-09-12T12:13:27","guid":{"rendered":"http:\/\/revistalaneta.com.mx\/?p=13992"},"modified":"2024-09-12T12:13:54","modified_gmt":"2024-09-12T12:13:54","slug":"invita-gobierno-municipal-a-desfile-por-el-214-aniversario-del-inicio-de-la-independencia-de-mexico","status":"publish","type":"post","link":"http:\/\/revistalaneta.com.mx\/?p=13992","title":{"rendered":"Invita Gobierno Municipal a desfile por el 214 aniversario del inicio de la Independencia de M\u00e9xico"},"content":{"rendered":"\n<p><\/p>\n\n\n\n<p>Nuevo Laredo, Tamps.- El Gobierno Municipal, invita a la ciudadan\u00eda a presenciar el tradicional desfile conmemorando el inicio de la Independencia de M\u00e9xico este lunes 16 de septiembre.<\/p>\n\n\n\n<p>Este tradicional recorrido con el que se festeja el 214 aniversario del inicio de la lucha de independencia, contar\u00e1 con la presencia de 60 coloridos contingentes.<\/p>\n\n\n\n<p>Se contar\u00e1 con la presencia de 48 escuelas desde primarias hasta universidades; 3 carros aleg\u00f3ricos, 11 sonoras bandas de guerra, 2 escuelas de pentatl\u00f3n, 3 asociaciones de cabalgantes y el representativo gallardo de soldados de la Sedena para un total de 4 mil 711 participantes.<\/p>\n\n\n\n<p>Los festejos iniciar\u00e1n ese d\u00eda con los honores a la bandera en la Plaza C\u00edvica de la Presidencia Municipal, luego se colocar\u00e1 una ofrenda floral en el monumento a Miguel Hidalgo ubicado en la Plaza del mismo nombre y alrededor de las 9:00 AM inicia el desfile por la avenida Guerrero y Doctor Mier para concluir a la altura de la calle Per\u00fa.<\/p>\n\n\n\n<p>Se invita a los neolaredenses a acompa\u00f1ar y disfrutar de este desfile a lo largo de su recorrido que se espera dure alrededor de 3 horas.<\/p>\n","protected":false},"excerpt":{"rendered":"<p>Nuevo Laredo, Tamps.- El Gobierno Municipal, invita a la ciudadan\u00eda a presenciar el tradicional desfile conmemorando el inicio de la Independencia de M\u00e9xico este lunes 16 de septiembre. Este tradicional &hellip; <a href=\"http:\/\/revistalaneta.com.mx\/?p=13992\" class=\"more-link\">Leer m\u00e1s<\/a><\/p>\n","protected":false},"author":1,"featured_media":13991,"comment_status":"open","ping_status":"open","sticky":false,"template":"","format":"standard","meta":{"footnotes":""},"categories":[4],"tags":[],"class_list":["post-13992","post","type-post","status-publish","format-standard","has-post-thumbnail","hentry","category-nuevo-laredo","entry"],"_links":{"self":[{"href":"http:\/\/revistalaneta.com.mx\/index.php?rest_route=\/wp\/v2\/posts\/13992","targetHints":{"allow":["GET"]}}],"collection":[{"href":"http:\/\/revistalaneta.com.mx\/index.php?rest_route=\/wp\/v2\/posts"}],"about":[{"href":"http:\/\/revistalaneta.com.mx\/index.php?rest_route=\/wp\/v2\/types\/post"}],"author":[{"embeddable":true,"href":"http:\/\/revistalaneta.com.mx\/index.php?rest_route=\/wp\/v2\/users\/1"}],"replies":[{"embeddable":true,"href":"http:\/\/revistalaneta.com.mx\/index.php?rest_route=%2Fwp%2Fv2%2Fcomments&post=13992"}],"version-history":[{"count":1,"href":"http:\/\/revistalaneta.com.mx\/index.php?rest_route=\/wp\/v2\/posts\/13992\/revisions"}],"predecessor-version":[{"id":13993,"href":"http:\/\/revistalaneta.com.mx\/index.php?rest_route=\/wp\/v2\/posts\/13992\/revisions\/13993"}],"wp:featuredmedia":[{"embeddable":true,"href":"http:\/\/revistalaneta.com.mx\/index.php?rest_route=\/wp\/v2\/media\/13991"}],"wp:attachment":[{"href":"http:\/\/revistalaneta.com.mx\/index.php?rest_route=%2Fwp%2Fv2%2Fmedia&parent=13992"}],"wp:term":[{"taxonomy":"category","embeddable":true,"href":"http:\/\/revistalaneta.com.mx\/index.php?rest_route=%2Fwp%2Fv2%2Fcategories&post=13992"},{"taxonomy":"post_tag","embeddable":true,"href":"http:\/\/revistalaneta.com.mx\/index.php?rest_route=%2Fwp%2Fv2%2Ftags&post=13992"}],"curies":[{"name":"wp","href":"https:\/\/api.w.org\/{rel}","templated":true}]}}