{"id":14006,"date":"2024-09-12T12:19:29","date_gmt":"2024-09-12T12:19:29","guid":{"rendered":"http:\/\/revistalaneta.com.mx\/?p=14006"},"modified":"2024-09-12T12:19:57","modified_gmt":"2024-09-12T12:19:57","slug":"invitan-a-diplomado-internacional-en-conservacion-y-desarrollo-sostenible","status":"publish","type":"post","link":"http:\/\/revistalaneta.com.mx\/?p=14006","title":{"rendered":"Invitan a Diplomado Internacional en Conservaci\u00f3n y Desarrollo Sostenible"},"content":{"rendered":"\n<p><\/p>\n\n\n\n<ul class=\"wp-block-list\">\n<li>Una colaboraci\u00f3n interinstitucional en pro del medio ambiente en Tamaulipas: Eduardo Rocha Orozco<\/li>\n<\/ul>\n\n\n\n<p><\/p>\n\n\n\n<p>Ciudad Victoria, Tamaulipas. &#8211; En un esfuerzo conjunto entre el Gobierno de Tamaulipas a trav\u00e9s de la Comisi\u00f3n de Parques y Biodiversidad (CPBT); el Centro Internacional Cabo de Hornos (CHIC); la Universidad Aut\u00f3noma de Tamaulipas (UAT) y Pronatura anuncian la apertura del Diplomado Internacional en Conservaci\u00f3n y Desarrollo Sostenible.<\/p>\n\n\n\n<p>Eduardo Rocha Orozco, vocal de la Comisi\u00f3n de Parques y Biodiversidad de Tamaulipas (CPBT) destac\u00f3 que ser\u00e1 un diplomado muy novedoso, ya que estas estrategias son muy importantes para estar actualizados sobre las \u00faltimas tendencias, tecnolog\u00edas y mejores pr\u00e1cticas en el \u00e1rea de estudio para mantener la competitividad.<\/p>\n\n\n\n<p>\u201cTal como lo se\u00f1ala el gobernador de Tamaulipas, Am\u00e9rico Villarreal Anaya educaci\u00f3n, educaci\u00f3n y m\u00e1s educaci\u00f3n es el medio para fortalecer e impulsar el desarrollo en todos los sectores\u201d, se\u00f1al\u00f3.<\/p>\n\n\n\n<p>La adquisici\u00f3n de nuevas competencias y conocimientos contribuyen a un mejor conocimiento del medio ambiente, al crecimiento personal, creaci\u00f3n de nuevas oportunidades laborales y mejoras salariales, entre otras m\u00e1s.<\/p>\n\n\n\n<p>El diplomado ser\u00e1 del 19 de septiembre al 5 de diciembre 2024 y va dirigido a poblaciones locales en \u00e1reas clave para la conservaci\u00f3n biocultural para la conservaci\u00f3n de la naturaleza.<\/p>\n\n\n\n<p>Las sedes ser\u00e1n en la Facultad de Ingenier\u00eda y Ciencias en Ciudad Victoria; Parque Ecol\u00f3gico Bi\u00f3sfera El Cielo, en el municipio de G\u00f3mez Far\u00edas; Campamento Tortuguero La Pesca, en Soto la Marina; Museo Tamux en Ciudad Victoria y la Casa de la Cultura de Palmillas, Tamaulipas.<code> * * *<\/code><\/p>\n","protected":false},"excerpt":{"rendered":"<p>Ciudad Victoria, Tamaulipas. &#8211; En un esfuerzo conjunto entre el Gobierno de Tamaulipas a trav\u00e9s de la Comisi\u00f3n de Parques y Biodiversidad (CPBT); el Centro Internacional Cabo de Hornos (CHIC); &hellip; <a href=\"http:\/\/revistalaneta.com.mx\/?p=14006\" class=\"more-link\">Leer m\u00e1s<\/a><\/p>\n","protected":false},"author":1,"featured_media":14005,"comment_status":"open","ping_status":"open","sticky":false,"template":"","format":"standard","meta":{"footnotes":""},"categories":[7],"tags":[],"class_list":["post-14006","post","type-post","status-publish","format-standard","has-post-thumbnail","hentry","category-ciudad-victoria","entry"],"_links":{"self":[{"href":"http:\/\/revistalaneta.com.mx\/index.php?rest_route=\/wp\/v2\/posts\/14006","targetHints":{"allow":["GET"]}}],"collection":[{"href":"http:\/\/revistalaneta.com.mx\/index.php?rest_route=\/wp\/v2\/posts"}],"about":[{"href":"http:\/\/revistalaneta.com.mx\/index.php?rest_route=\/wp\/v2\/types\/post"}],"author":[{"embeddable":true,"href":"http:\/\/revistalaneta.com.mx\/index.php?rest_route=\/wp\/v2\/users\/1"}],"replies":[{"embeddable":true,"href":"http:\/\/revistalaneta.com.mx\/index.php?rest_route=%2Fwp%2Fv2%2Fcomments&post=14006"}],"version-history":[{"count":1,"href":"http:\/\/revistalaneta.com.mx\/index.php?rest_route=\/wp\/v2\/posts\/14006\/revisions"}],"predecessor-version":[{"id":14007,"href":"http:\/\/revistalaneta.com.mx\/index.php?rest_route=\/wp\/v2\/posts\/14006\/revisions\/14007"}],"wp:featuredmedia":[{"embeddable":true,"href":"http:\/\/revistalaneta.com.mx\/index.php?rest_route=\/wp\/v2\/media\/14005"}],"wp:attachment":[{"href":"http:\/\/revistalaneta.com.mx\/index.php?rest_route=%2Fwp%2Fv2%2Fmedia&parent=14006"}],"wp:term":[{"taxonomy":"category","embeddable":true,"href":"http:\/\/revistalaneta.com.mx\/index.php?rest_route=%2Fwp%2Fv2%2Fcategories&post=14006"},{"taxonomy":"post_tag","embeddable":true,"href":"http:\/\/revistalaneta.com.mx\/index.php?rest_route=%2Fwp%2Fv2%2Ftags&post=14006"}],"curies":[{"name":"wp","href":"https:\/\/api.w.org\/{rel}","templated":true}]}}