{"id":14012,"date":"2024-09-12T12:24:11","date_gmt":"2024-09-12T12:24:11","guid":{"rendered":"http:\/\/revistalaneta.com.mx\/?p=14012"},"modified":"2024-09-12T12:24:55","modified_gmt":"2024-09-12T12:24:55","slug":"gobierno-municipal-apoya-a-alumnos-de-bajos-recursos","status":"publish","type":"post","link":"http:\/\/revistalaneta.com.mx\/?p=14012","title":{"rendered":"GOBIERNO MUNICIPAL APOYA A ALUMNOS DE BAJOS RECURSOS"},"content":{"rendered":"\n<p><\/p>\n\n\n\n<p>-Con becas en escuelas privadas<\/p>\n\n\n\n<p>-Tambi\u00e9n interviene el sector privado<\/p>\n\n\n\n<p>-Evitar sucidios tarea de todos: Salud<\/p>\n\n\n\n<p>Tiempo de opinar<\/p>\n\n\n\n<p>Ra\u00fal Hern\u00e1ndez Moreno<\/p>\n\n\n\n<p>9-septiembre-2024<\/p>\n\n\n\n<p>El gobierno municipal cre\u00f3 el programa \u201cH\u00e9roes UNE\u201d, mediante el cual se apoya a 14 alumnos que estudian en escuelas privadas y las cuotas escolares son cubiertas en partes iguales por el ayuntamiento y empresarios.<\/p>\n\n\n\n<p>La doctora Liliana Arjona Barocio, secretaria de Bienestar Social explic\u00f3 que los menores estudian cuarto, quinto y sexto de primaria en el Instituto Anglo Espa\u00f1ol y en el Colegio Biling\u00fce Brit\u00e1nico.<\/p>\n\n\n\n<p>\u201cLos alumnos son becados al 50 por ciento en dichas instituciones y el 50 por ciento restante lo liquidan los padrinos, quienes son empresarios, clubes, asociaciones y sociedad civil\u201d, a\u00f1adi\u00f3. Son ni\u00f1os de bajos recursos.<\/p>\n\n\n\n<p>Tambi\u00e9n los estudiantes reciben apoyo psicol\u00f3gico, nutricional y m\u00e9dico por parte de C\u00e1ritas de Nuevo Laredo.&nbsp;Adem\u00e1s, realizan distintas actividades extracurriculares para que tengan un ambiente de compa\u00f1erismo entre ellos.<\/p>\n\n\n\n<p>Arjona Barocio expres\u00f3 que se tiene un convenio entre los alumnos, padres de familia, padrinos y el gobierno municipal en el que se comprometen a mantener un promedio mayor a 8.5 de calificaci\u00f3n.<\/p>\n\n\n\n<p>\u201cEs el tercer a\u00f1o que hacemos este programa y tenemos ni\u00f1os muy brillantes que desde el primer a\u00f1o han puesto en alto a estas escuelas, han acudido a concursos nacionales y eso es de gran orgullo\u201d, mencion\u00f3.<\/p>\n\n\n\n<p>El programa tiene la duraci\u00f3n de un ciclo escolar completo y se les entregan uniformes, libros, mochilas, \u00fatiles escolares y otros art\u00edculos que se necesitan para su preparaci\u00f3n acad\u00e9mica.<\/p>\n\n\n\n<p>En esta ocasi\u00f3n los padrinos son Grupo UNI- TRADE, YBM Logistics, Fema, Pro Tek, La Parrillita, Cargoquin, Palos Garza, Proklean, doctora Ana Mar\u00eda Kistner. Ciudadanos como H\u00e9ctor Sol\u00eds y Javier Meza, entre otros.<\/p>\n\n\n\n<p>Por otra parte, en el D\u00eda Mundial para la Prevenci\u00f3n del Suicidio, el secretario de Salud, Vicente Joel Hern\u00e1ndez Navarro, presidi\u00f3 los trabajos acad\u00e9micos que bajo el lema, \u201cHablemos de suicidio, cambiemos la narrativa\u201d, se llevaron a cabo para crear conciencia, promover la prevenci\u00f3n y eliminar estigmas de lo que representa el suicidio en la sociedad.&nbsp;<\/p>\n\n\n\n<p>Destac\u00f3 el trabajo que en la administraci\u00f3n del gobernador Am\u00e9rico Villarreal Anaya, se ha desarrollado a trav\u00e9s de las instituciones como es el \u00e1rea de Trabajo Social, en donde se ha dado un enfoque importante para que no solamente participen como receptores, sino que realicen evaluaciones psicosociales en el paciente y ser part\u00edcipes en la situaci\u00f3n del tratamiento, ya que esta situaci\u00f3n se presenta constantemente en pacientes cr\u00f3nicos o con discapacidad, los cuales ameritan un tratamiento psicol\u00f3gico constante.<\/p>\n\n\n\n<p>De igual manera, se ha creado la Direcci\u00f3n de Medicina de Estilo de Vida Saludable, en donde las y los m\u00e9dicos, enfermeras, trabajadores sociales y profesionales de la salud, se capacitan para tener ese equilibrio entre la salud f\u00edsica y la emocional.<\/p>\n\n\n\n<p>\u201cHablar del suicidio es algo que preocupa y nos hace reflexionar, pero queremos cambiar la perspectiva de lo que representa este problema de salud p\u00fablica, de la importancia de promover la salud mental para brindar apoyo y eliminar estigmas, queremos una sociedad colaborativa y participativa\u201d, se\u00f1al\u00f3 Hern\u00e1ndez Navarro durante su discurso.<\/p>\n\n\n\n<p>Dijo que un \u00e1rea de salud mental no es suficiente para disminuir el suicidio, se requiere que todos los profesionales, aunque no se dediquen espec\u00edficamente a la salud mental, vean la parte f\u00edsica de las personas, porque esto ayuda a la parte emocional; buscar y recomendar cosas tan sencillas como dormir bien, alimentarse bien, hacer ejercicio, es una forma de conservar la salud y tener una mentalidad m\u00e1s fuerte ante situaciones como el estr\u00e9s que se nos presenta todos los d\u00edas.<\/p>\n","protected":false},"excerpt":{"rendered":"<p>-Con becas en escuelas privadas -Tambi\u00e9n interviene el sector privado -Evitar sucidios tarea de todos: Salud Tiempo de opinar Ra\u00fal Hern\u00e1ndez Moreno 9-septiembre-2024 El gobierno municipal cre\u00f3 el programa \u201cH\u00e9roes &hellip; <a href=\"http:\/\/revistalaneta.com.mx\/?p=14012\" class=\"more-link\">Leer m\u00e1s<\/a><\/p>\n","protected":false},"author":1,"featured_media":14011,"comment_status":"open","ping_status":"open","sticky":false,"template":"","format":"standard","meta":{"footnotes":""},"categories":[2],"tags":[],"class_list":["post-14012","post","type-post","status-publish","format-standard","has-post-thumbnail","hentry","category-chismorreo","entry"],"_links":{"self":[{"href":"http:\/\/revistalaneta.com.mx\/index.php?rest_route=\/wp\/v2\/posts\/14012","targetHints":{"allow":["GET"]}}],"collection":[{"href":"http:\/\/revistalaneta.com.mx\/index.php?rest_route=\/wp\/v2\/posts"}],"about":[{"href":"http:\/\/revistalaneta.com.mx\/index.php?rest_route=\/wp\/v2\/types\/post"}],"author":[{"embeddable":true,"href":"http:\/\/revistalaneta.com.mx\/index.php?rest_route=\/wp\/v2\/users\/1"}],"replies":[{"embeddable":true,"href":"http:\/\/revistalaneta.com.mx\/index.php?rest_route=%2Fwp%2Fv2%2Fcomments&post=14012"}],"version-history":[{"count":1,"href":"http:\/\/revistalaneta.com.mx\/index.php?rest_route=\/wp\/v2\/posts\/14012\/revisions"}],"predecessor-version":[{"id":14013,"href":"http:\/\/revistalaneta.com.mx\/index.php?rest_route=\/wp\/v2\/posts\/14012\/revisions\/14013"}],"wp:featuredmedia":[{"embeddable":true,"href":"http:\/\/revistalaneta.com.mx\/index.php?rest_route=\/wp\/v2\/media\/14011"}],"wp:attachment":[{"href":"http:\/\/revistalaneta.com.mx\/index.php?rest_route=%2Fwp%2Fv2%2Fmedia&parent=14012"}],"wp:term":[{"taxonomy":"category","embeddable":true,"href":"http:\/\/revistalaneta.com.mx\/index.php?rest_route=%2Fwp%2Fv2%2Fcategories&post=14012"},{"taxonomy":"post_tag","embeddable":true,"href":"http:\/\/revistalaneta.com.mx\/index.php?rest_route=%2Fwp%2Fv2%2Ftags&post=14012"}],"curies":[{"name":"wp","href":"https:\/\/api.w.org\/{rel}","templated":true}]}}