{"id":14015,"date":"2024-09-12T12:26:10","date_gmt":"2024-09-12T12:26:10","guid":{"rendered":"http:\/\/revistalaneta.com.mx\/?p=14015"},"modified":"2024-09-12T12:26:47","modified_gmt":"2024-09-12T12:26:47","slug":"le-da-palo-el-ine-al-agandalle-de-alito-moreno","status":"publish","type":"post","link":"http:\/\/revistalaneta.com.mx\/?p=14015","title":{"rendered":"LE DA PALO EL INE AL \u201cAGANDALLE\u201d DE \u201cALITO\u201d MORENO"},"content":{"rendered":"\n<p><br>La Comisi\u00f3n de Prerrogativas y Partidos Pol\u00edticos del Instituto Nacional Electoral (INE) ech\u00f3 abajo, por mayor\u00eda de votos los cambios en los estatutos del Partido Revolucionario Institucional (PRI) que dieron pie a la reelecci\u00f3n de Alejandro \u201cAlito\u201d Moreno C\u00e1rdenas como dirigente nacional de dicho instituto pol\u00edtico, al considerar que son inconstitucionales. Eso era algo que se ve\u00eda venir, pues a todas luces s\u00ed hubo ilegalidades, aunque dicho dictamen ha dado pie a que el dirigente priista diga ahora que lo est\u00e1n presionando para obligarlo a votar por la reforma judicial. Claro, est\u00e1 aprovechando la situaci\u00f3n. Pero de que se port\u00f3 \u201cgandalla\u201d, vaya que se port\u00f3, y ahora all\u00ed est\u00e1n las consecuencias.<\/p>\n\n\n\n<p>EL \u201cSHOW\u201d EN EL SENADO<br \/>Vaya \u201cshow\u201d que se registr\u00f3 en el Senado de la Rep\u00fablica este martes, luego de que el ex gobernador panista de Veracruz, Miguel \u00c1ngel Yunes Linares, tomara protesta como senador, en sustituci\u00f3n de su hijo, Miguel \u00c1ngel Yunes M\u00e1rquez, quien pidi\u00f3 licencia para separarse de su cargo ante una supuesta enfermedad, pero que muchos consideran es una argucia para apoyar a la 4T en busca de aprobar la reforma judicial. Yunes padre tom\u00f3 protesta en medio de gritos de traidor por parte de los senadores de oposici\u00f3n, y posteriormente hizo uso de la palabra y arremeti\u00f3 contra el dirigente nacional del Partido Acci\u00f3n Nacional (PAN), Marko Cort\u00e9s Mendoza, acus\u00e1ndolo de linchamiento pol\u00edtico en su contra, y la de su hijo, a la vez que cit\u00f3, \u201cno soy traidor por no estar con ustedes\u201d. Dijo que va a continuar en el PAN, aunque es evidente que, al echarse encima a Marko Cort\u00e9s, ser\u00e1 dado de baja de dicho partido. Sin embargo, m\u00e1s tarde Yunes hijo se reincorpor\u00f3 al Senado, lo que da a entender que Yunes padre solo fue a desahogarse contra Marko Cort\u00e9s. Punto y aparte el hecho de que manifestantes que est\u00e1n en contra de la reforma judicial, tomaron por asalto el Senado, por lo que se cancel\u00f3 la sesi\u00f3n donde se discut\u00eda la reforma judicial, aunque m\u00e1s tarde la reanudaron en la antigua sede de Xicot\u00e9ncatl. Se esperaba la votaci\u00f3n para esta madrugada, que indudablemente iba a ser a favor de la susodicha reforma. Vaya pues arguende. Por eso siempre lo he dicho, \u201centre m\u00e1s conozco de pol\u00edtica, m\u00e1s quiero a mi perro\u201d.<\/p>\n\n\n\n<p>REITERA TRIELTAM TRIUNFO DE MORENA EN EL DISTRITO 3<br \/>El Tribunal Electoral de Tamaulipas (TRIELTAM) desech\u00f3 la impugnaci\u00f3n presentada por el ex candidato a la diputaci\u00f3n local del Distrito 3 por el PAN y el PRI, H\u00e9ctor Canales Gonz\u00e1lez, referente a supuestas irregularidades en el traslado de las boletas electorales hacia su resguardo, esto el d\u00eda de la elecci\u00f3n, bajo el argumento de que no se presentaron pruebas contundentes de ello. Cabe se\u00f1alar que H\u00e9ctor Canales hab\u00eda logrado que la sala regional del Tribunal Electoral del Poder Judicial de la Federaci\u00f3n (TEPJF) obligara al TRIELTAM a atender su queja, luego de que en un primer intento no la tomaron en cuenta. Ante esto el TRIELTAM sesi\u00f3n este martes, y dio pie a la inconformidad, pero finalmente se dictamin\u00f3 que no hab\u00eda motivos para cambiar el resultado de la elecci\u00f3n, por lo que se ratific\u00f3 el triunfo de Sergio Ojeda Castillo, el candidato de MORENA, PT y PVEM.<\/p>\n\n\n\n<p>RECIBE TAMAULIPAS M\u00c1S DE 18 MIL MILLONES DE PESOS EN APOYOS<br \/>M\u00e1s de 18 mil millones de pesos es lo que ha recibido Tamaulipas en lo que va de este a\u00f1o en apoyos de los programas federales, y con lo cual se han beneficiado m\u00e1s de 619 mil ciudadanos. Esto fue dado a conocer durante un encuentro que el delegado de los Programas Federales para el Bienestar, Luis Lauro Reyes Rodr\u00edguez, sostuvo con el gobernador Am\u00e9rico Villarreal Anaya en Casa de Gobierno. En este sentido Reyes Rodr\u00edguez inform\u00f3 que los apoyos han crecido gradualmente, pues en el 2019 sumaron 6 mil 782 millones de pesos, en tanto que en el 2020 fueron 7 mil 372 millones, mientras que en el 2021 se ejercieron 8 mil 167 millones; en el 2022 fueron 10 mil 904 millones; 14 mil 131 millones en 2023, y ahora son un total de 18 mil, 761 millones de pesos. En el acto el mandatario estatal agradeci\u00f3 el apoyo invaluable al respecto del presidente, Andr\u00e9s Manuel L\u00f3pez Obrador, para hacer realidad los apoyos a las familias tamaulipecas.<\/p>\n\n\n\n<p>AVANZA OBRA DE NUEVO CAMINO<br \/>Pese a que a\u00fan no se termina del todo la construcci\u00f3n del nuevo camino que ser\u00e1 la ampliaci\u00f3n del Bulevar Bilbao, entre Escocia y Lago de Chapala, cierto tramo ya est\u00e1 en servicio, y es el que va a dar a la Lago de Chapa, justo frente a la Preparatoria Municipal \u201cJos\u00e9 Vasconcelos\u201d. No obstante en este tramo a\u00fan se realizan trabajos para terminarlo por completo, a la vez que se trabaja en un segundo tramo, por lo que se espera que todo est\u00e9 listo para el pr\u00f3ximo mes, y con ello los habitante de la colonias Los Fresnos tengan una nueva salida, que de hecho ya estaba, pero era camino de terracer\u00eda, pero el Gobierno Municipal de Nuevo Laredo, que encabeza Carmen Lilia Canturosas Villarreal decidi\u00f3 pavimentarlo en dos cuerpos, y as\u00ed alargar el citado Bulevar Bilbao.<\/p>\n\n\n\n<p>SE REGISTRAN CIUDADANOS A TALLERES DE OFICIO<br \/>Alrededor de 400 ciudadanos se registraron en los \u201cTalleres de Oficio UNE\u201d que ofrece el Gobierno Municipal de Nuevo Laredo, mediante los cuales podr\u00e1n aprender ingl\u00e9s, corte y confecci\u00f3n, reposter\u00eda gourmet, aplicaci\u00f3n de u\u00f1as, panader\u00eda, y muchas otras actividades, y con ello llegar incluso a poner sus propios negocios. El arranque de dichos talleres se realiz\u00f3 en el Centro Comunitario \u201cCampo Real\u201d y estuvo a cargo de Miguel \u00c1ngel Carrillo Barrios, director de Bienestar Social quien dio bienvenida a quienes se animaron a ser parte de una nueva generaci\u00f3n de dichos talleres.<\/p>\n\n\n\n<p>GASOLINA SIGUE ESTANDO M\u00c1S BARATA EN LAREDO<br \/>Aun con el alza en el precio del d\u00f3lar, sigue resultando mucho m\u00e1s econ\u00f3mico cargar gasolina en la vecina ciudad de Laredo, con relaci\u00f3n a Nuevo Laredo. Prueba de esto es que este martes el litro de gasolina regular se cotiz\u00f3 en un promedio de 20.80 en las estaciones de servicio de la localidad, mientras que en el lado americano el gal\u00f3n de combustible regular cost\u00f3 2.83 d\u00f3lares, que convertidos a una cotizaci\u00f3n promedio de 19.40 pesos por d\u00f3lar, que fue lo que se manej\u00f3 este mismo martes, viene saliendo 54.90 pesos el gal\u00f3n, que dividido en los 3.78 litros que representa dicho gal\u00f3n, el costo del litro es de 14.52 pesos, es decir, 6.28 pesos menos por litro. Por lo tanto, tomando en cuenta el llenado de un tanque de 40 litros, el ahorro es de 251 pesos. De ah\u00ed que quienes cruzan seguido a Laredo, Texas, obviamente carguen gasolina de aquel lado, m\u00e1xime que nunca se cumpli\u00f3 la promesa de que la gasolina costar\u00eda 10 pesos el litro.<\/p>\n\n\n\n<p>LOGRA RECTOR DE LA UAT CONVENIO CON AUSTRALIA<br \/>Una importante reuni\u00f3n en la que se impulsar\u00e1 la colaboraci\u00f3n acad\u00e9mica y cient\u00edfica con universidades de Australia, llev\u00f3 a cabo el rector de la Universidad Aut\u00f3noma de Tamaulipas (UAT), D\u00e1maso Anaya Alvarado, con la representante diplom\u00e1tica de dicho pa\u00eds, Penny Toledo, y donde se abordaron temas interesantes que permitir\u00e1n concretar programas conjuntos en diferentes rubros de cooperaci\u00f3n. Dicha reuni\u00f3n se llev\u00f3 a cabo en la sede de la Embajada de Australia en la Ciudad de M\u00e9xico, acord\u00e1ndose por parte de la representaci\u00f3n diplom\u00e1tica generar acuerdos con universidades y centros de investigaci\u00f3n cient\u00edfica de Australia para potenciar la colaboraci\u00f3n con la m\u00e1xima casa de estudios de Tamaulipas. Esto sin duda es otro gran logro del rector de la UAT, quien sigue trabajando para conseguir beneficios para el estudiantado.<\/p>\n\n\n\n<p>LO \u00daLTIMO<br \/>El diputado local reynosense, Humberto Prieto Herrera, ser\u00e1 quien coordinar\u00e1 la bancada de MORENA en el Congreso del Estado, y por ende ser\u00e1 el presidente de la Junta de Coordinaci\u00f3n Pol\u00edtica del mismo \u00f3rgano legislativo. Su nominaci\u00f3n es consecuencia del acuerdo de los propios legisladores de MORENA. De esta manera Prieto Herrera har\u00e1 a un lado a \u00darsula Patricia Salazar Mojica, quien hasta el momento es la coordinadora morenista y presidenta de la JUCOPO\u2026 La Secretar\u00eda de Educaci\u00f3n de Tamaulipas (SET), a trav\u00e9s de su Subsecretar\u00eda de Educaci\u00f3n Media Superior y Superior, publicar\u00e1 en breve en el Peri\u00f3dico Oficial del Estado, la lista de las instituciones educativas privadas que est\u00e1n debidamente registradas y acreditadas ante la Secretar\u00eda de Educaci\u00f3n P\u00fablica (SEP), y de esta forma la ciudadan\u00eda no se deje sorprender por las denominadas \u201cescuelas patito\u201d, que son muchas, y solo lucran con la educaci\u00f3n. Bien por ello\u2026 Los que van a ir a Laredo, Texas, este mi\u00e9rcoles, y alcanzan a ver esto antes de las 06:45 horas de dicho d\u00eda, no se les olvide que a dicha hora se va a cerrar el puente internacional n\u00famero dos por la ceremonia conmemorativa al 11 de septiembre. Y se reabre a las ocho de la ma\u00f1ana.<\/p>\n","protected":false},"excerpt":{"rendered":"<p>La Comisi\u00f3n de Prerrogativas y Partidos Pol\u00edticos del Instituto Nacional Electoral (INE) ech\u00f3 abajo, por mayor\u00eda de votos los cambios en los estatutos del Partido Revolucionario Institucional (PRI) que dieron &hellip; <a href=\"http:\/\/revistalaneta.com.mx\/?p=14015\" class=\"more-link\">Leer m\u00e1s<\/a><\/p>\n","protected":false},"author":1,"featured_media":14014,"comment_status":"open","ping_status":"open","sticky":false,"template":"","format":"standard","meta":{"footnotes":""},"categories":[2,3],"tags":[],"class_list":["post-14015","post","type-post","status-publish","format-standard","has-post-thumbnail","hentry","category-chismorreo","category-opinion","entry"],"_links":{"self":[{"href":"http:\/\/revistalaneta.com.mx\/index.php?rest_route=\/wp\/v2\/posts\/14015","targetHints":{"allow":["GET"]}}],"collection":[{"href":"http:\/\/revistalaneta.com.mx\/index.php?rest_route=\/wp\/v2\/posts"}],"about":[{"href":"http:\/\/revistalaneta.com.mx\/index.php?rest_route=\/wp\/v2\/types\/post"}],"author":[{"embeddable":true,"href":"http:\/\/revistalaneta.com.mx\/index.php?rest_route=\/wp\/v2\/users\/1"}],"replies":[{"embeddable":true,"href":"http:\/\/revistalaneta.com.mx\/index.php?rest_route=%2Fwp%2Fv2%2Fcomments&post=14015"}],"version-history":[{"count":1,"href":"http:\/\/revistalaneta.com.mx\/index.php?rest_route=\/wp\/v2\/posts\/14015\/revisions"}],"predecessor-version":[{"id":14016,"href":"http:\/\/revistalaneta.com.mx\/index.php?rest_route=\/wp\/v2\/posts\/14015\/revisions\/14016"}],"wp:featuredmedia":[{"embeddable":true,"href":"http:\/\/revistalaneta.com.mx\/index.php?rest_route=\/wp\/v2\/media\/14014"}],"wp:attachment":[{"href":"http:\/\/revistalaneta.com.mx\/index.php?rest_route=%2Fwp%2Fv2%2Fmedia&parent=14015"}],"wp:term":[{"taxonomy":"category","embeddable":true,"href":"http:\/\/revistalaneta.com.mx\/index.php?rest_route=%2Fwp%2Fv2%2Fcategories&post=14015"},{"taxonomy":"post_tag","embeddable":true,"href":"http:\/\/revistalaneta.com.mx\/index.php?rest_route=%2Fwp%2Fv2%2Ftags&post=14015"}],"curies":[{"name":"wp","href":"https:\/\/api.w.org\/{rel}","templated":true}]}}