{"id":14036,"date":"2024-09-16T14:50:07","date_gmt":"2024-09-16T14:50:07","guid":{"rendered":"http:\/\/revistalaneta.com.mx\/?p=14036"},"modified":"2024-09-16T14:50:38","modified_gmt":"2024-09-16T14:50:38","slug":"congreso-de-tamaulipas-otorgamayoria-a-la-reforma-judicial","status":"publish","type":"post","link":"http:\/\/revistalaneta.com.mx\/?p=14036","title":{"rendered":"Congreso de Tamaulipas otorgamayor\u00eda a la reforma judicial"},"content":{"rendered":"\n<p><\/p>\n\n\n\n<p>Ciudad Victoria, Tamps.- El Congreso Local tamaulipeco, se convirti\u00f3 en el n\u00famero 17 en aprobar la reforma judicial, significando el voto que marc\u00f3 la mayor\u00eda, para dar vigencia al instrumento que reformar\u00e1 integralmente la impartici\u00f3n de justicia en el pa\u00eds.<\/p>\n\n\n\n<p>Centralmente, la reforma tiene como prop\u00f3sito, devolverle al pueblo de M\u00e9xico la facultad de decidir qui\u00e9n imparte justicia, sobre estructuras de transparencia, honestidad y respeto a los integrantes de este Poder y a la sociedad.<\/p>\n\n\n\n<p>En Sesi\u00f3n Extraordinaria, las Diputadas y Diputados locales, respaldaron esta propuesta emanada del Presidente Andr\u00e9s Manuel L\u00f3pez Obrador, al coincidir que asegura una judicatura transparente y eficaz.<\/p>\n\n\n\n<p>El Diputado del Grupo Parlamentario de MORENA, Humberto Prieto Herrera, destac\u00f3 que con la reforma constitucional, se democratiza el Poder Judicial, permitiendo que la ciudadan\u00eda elija, mediante el voto popular, a sus autoridades judiciales.<\/p>\n\n\n\n<p>\u201cErradica viejas pr\u00e1cticas de cuotas partidistas, e intereses personales, ajenos al bien com\u00fan, protegiendo as\u00ed la independencia de nuestro sistema judicial y dando fin a la corrupci\u00f3n que por a\u00f1os ha lacerado el tejido social\u201d, expres\u00f3.<\/p>\n\n\n\n<p>Dijo que se proponen diversas disposiciones relativas a la creaci\u00f3n de un \u00f3rgano de Administraci\u00f3n Judicial Aut\u00f3nomo, as\u00ed como un Tribunal de Disciplina Judicial, erigiendo una justicia sin influencias externas, y como una acci\u00f3n prioritaria, se incluye la figura de jueces sin rostro para temas sensibles como la delincuencia organizada.<\/p>\n\n\n\n<p>\u201cSe da paso a un sistema de justicia m\u00e1s accesible y transparente, sustentado bajo los principios de la Cuarta Transformaci\u00f3n y legitimado, a trav\u00e9s del poder soberano de la sociedad.<\/p>\n\n\n\n<p>\u201cPor ello, nos declaramos a favor de la Minuta que nos ocupa, reafirmando nuestra convicci\u00f3n de que todo poder p\u00fablico emana \u00fanicamente del pueblo\u201d, puntualiz\u00f3.<\/p>\n\n\n\n<p>El Diputado de MORENA, Isidro Vargas Fern\u00e1ndez, resalt\u00f3 que el Presidente L\u00f3pez Obrador, present\u00f3 reformas que como esta en materia del Poder Judicial, es un legado que complementa un plan de naci\u00f3n.<\/p>\n\n\n\n<p>\u201cLa reforma judicial expone la capacidad para avanzar en un modelo de justicia m\u00e1s justo. En Tamaulipas, la reforma judicial va\u201d, remarc\u00f3.<\/p>\n\n\n\n<p>A nombre de la bancada del PAN, la legisladora Nancy Ru\u00edz Mart\u00ednez, mencion\u00f3 que esta reforma no es integral, ya que no combate actos de corrupci\u00f3n de las fiscal\u00edas, \u201creproche recurrente de la sociedad\u201d.<\/p>\n\n\n\n<p>El diputado Edgar Melhem Salinas, se manifest\u00f3 en contra de la reforma al Poder Judicial, pues entre otros argumentos, refiri\u00f3 que tienen vicios de origen, por lo que, junto a su compa\u00f1era del PRI, Alejandra C\u00e1rdenas Castillejos, votaron en contra.<\/p>\n\n\n\n<p>El legislador de Movimiento Ciudadano, Gustavo C\u00e1rdenas Guti\u00e9rrez, consider\u00f3 que la democracia guarda el equilibrio y mantiene contrapesos, mismos que se terminan con esta reforma Constitucional, adem\u00e1s, compromete la imparcialidad e independencia de los juzgadores, motivos por los que manifest\u00f3 su voto en contra.<\/p>\n\n\n\n<p>La Minuta enviada por el Senado de la Rep\u00fablica, tras la aprobaci\u00f3n de la reforma en ambas C\u00e1maras del Congreso de la Uni\u00f3n, fue ratificada aqu\u00ed por 20 votos a favor, una abstenci\u00f3n y 10 en contra, de los diputados locales tamaulipecos.<\/p>\n\n\n\n<p>Al t\u00e9rmino de la sesi\u00f3n, la Diputada Presidenta, \u00darsula Partricia Salazar Mojica, celebr\u00f3 que desde lo local, Tamaulipas diera el voto que marc\u00f3 la mayor\u00eda de los concursos estatales, confirmando la vigencia de la reforma que dar\u00e1 una nueva historia en la administraci\u00f3n de la justicia en el pa\u00eds.<\/p>\n","protected":false},"excerpt":{"rendered":"<p>Ciudad Victoria, Tamps.- El Congreso Local tamaulipeco, se convirti\u00f3 en el n\u00famero 17 en aprobar la reforma judicial, significando el voto que marc\u00f3 la mayor\u00eda, para dar vigencia al instrumento &hellip; <a href=\"http:\/\/revistalaneta.com.mx\/?p=14036\" class=\"more-link\">Leer m\u00e1s<\/a><\/p>\n","protected":false},"author":1,"featured_media":14035,"comment_status":"open","ping_status":"open","sticky":false,"template":"","format":"standard","meta":{"footnotes":""},"categories":[7],"tags":[],"class_list":["post-14036","post","type-post","status-publish","format-standard","has-post-thumbnail","hentry","category-ciudad-victoria","entry"],"_links":{"self":[{"href":"http:\/\/revistalaneta.com.mx\/index.php?rest_route=\/wp\/v2\/posts\/14036","targetHints":{"allow":["GET"]}}],"collection":[{"href":"http:\/\/revistalaneta.com.mx\/index.php?rest_route=\/wp\/v2\/posts"}],"about":[{"href":"http:\/\/revistalaneta.com.mx\/index.php?rest_route=\/wp\/v2\/types\/post"}],"author":[{"embeddable":true,"href":"http:\/\/revistalaneta.com.mx\/index.php?rest_route=\/wp\/v2\/users\/1"}],"replies":[{"embeddable":true,"href":"http:\/\/revistalaneta.com.mx\/index.php?rest_route=%2Fwp%2Fv2%2Fcomments&post=14036"}],"version-history":[{"count":1,"href":"http:\/\/revistalaneta.com.mx\/index.php?rest_route=\/wp\/v2\/posts\/14036\/revisions"}],"predecessor-version":[{"id":14037,"href":"http:\/\/revistalaneta.com.mx\/index.php?rest_route=\/wp\/v2\/posts\/14036\/revisions\/14037"}],"wp:featuredmedia":[{"embeddable":true,"href":"http:\/\/revistalaneta.com.mx\/index.php?rest_route=\/wp\/v2\/media\/14035"}],"wp:attachment":[{"href":"http:\/\/revistalaneta.com.mx\/index.php?rest_route=%2Fwp%2Fv2%2Fmedia&parent=14036"}],"wp:term":[{"taxonomy":"category","embeddable":true,"href":"http:\/\/revistalaneta.com.mx\/index.php?rest_route=%2Fwp%2Fv2%2Fcategories&post=14036"},{"taxonomy":"post_tag","embeddable":true,"href":"http:\/\/revistalaneta.com.mx\/index.php?rest_route=%2Fwp%2Fv2%2Ftags&post=14036"}],"curies":[{"name":"wp","href":"https:\/\/api.w.org\/{rel}","templated":true}]}}