{"id":14081,"date":"2024-09-17T12:02:06","date_gmt":"2024-09-17T12:02:06","guid":{"rendered":"http:\/\/revistalaneta.com.mx\/?p=14081"},"modified":"2024-09-17T12:02:23","modified_gmt":"2024-09-17T12:02:23","slug":"participan-artistas-locales-en-primer-desfile-binacional-de-laredo-texas","status":"publish","type":"post","link":"http:\/\/revistalaneta.com.mx\/?p=14081","title":{"rendered":"Participan artistas locales en primer desfile binacional de Laredo, Texas"},"content":{"rendered":"\n<p><\/p>\n\n\n\n<p>Nuevo Laredo, Tamps.- Por primera vez, Laredo, Texas, fue el lugar para que se llevar\u00e1 a cabo un desfile binacional conmemorativo por la Independencia de M\u00e9xico para fortalecer los lazos culturales y tradicionales entre ambas naciones.<\/p>\n\n\n\n<p>El desfile, recorri\u00f3 varias avenidas de Laredo con grupos folcl\u00f3ricos, bandas de m\u00fasica y carros decorados, adem\u00e1s se reunieron decenas de habitantes de Laredo y Nuevo Laredo para observar a los contingentes participantes.<\/p>\n\n\n\n<p>Por parte de la direcci\u00f3n de Arte y Cultura acudieron diversos grupos de danza folcl\u00f3rica quienes con sus coloridos atuendos bailaron melod\u00edas enalteciendo el orgullo de ser mexicano.<\/p>\n\n\n\n<p>Entre las autoridades estuvieron presentes la doctora Liliana Arjona Barocio, secretaria de Bienestar Social; doctor V\u00edctor Trevi\u00f1o, mayor de Laredo, Texas; Felipe Flores, director de Arte y Cultura; el Congresista Henry Cuellar, entre otros.<\/p>\n","protected":false},"excerpt":{"rendered":"<p>Nuevo Laredo, Tamps.- Por primera vez, Laredo, Texas, fue el lugar para que se llevar\u00e1 a cabo un desfile binacional conmemorativo por la Independencia de M\u00e9xico para fortalecer los lazos &hellip; <a href=\"http:\/\/revistalaneta.com.mx\/?p=14081\" class=\"more-link\">Leer m\u00e1s<\/a><\/p>\n","protected":false},"author":1,"featured_media":14080,"comment_status":"open","ping_status":"open","sticky":false,"template":"","format":"standard","meta":{"footnotes":""},"categories":[4],"tags":[],"class_list":["post-14081","post","type-post","status-publish","format-standard","has-post-thumbnail","hentry","category-nuevo-laredo","entry"],"_links":{"self":[{"href":"http:\/\/revistalaneta.com.mx\/index.php?rest_route=\/wp\/v2\/posts\/14081","targetHints":{"allow":["GET"]}}],"collection":[{"href":"http:\/\/revistalaneta.com.mx\/index.php?rest_route=\/wp\/v2\/posts"}],"about":[{"href":"http:\/\/revistalaneta.com.mx\/index.php?rest_route=\/wp\/v2\/types\/post"}],"author":[{"embeddable":true,"href":"http:\/\/revistalaneta.com.mx\/index.php?rest_route=\/wp\/v2\/users\/1"}],"replies":[{"embeddable":true,"href":"http:\/\/revistalaneta.com.mx\/index.php?rest_route=%2Fwp%2Fv2%2Fcomments&post=14081"}],"version-history":[{"count":1,"href":"http:\/\/revistalaneta.com.mx\/index.php?rest_route=\/wp\/v2\/posts\/14081\/revisions"}],"predecessor-version":[{"id":14082,"href":"http:\/\/revistalaneta.com.mx\/index.php?rest_route=\/wp\/v2\/posts\/14081\/revisions\/14082"}],"wp:featuredmedia":[{"embeddable":true,"href":"http:\/\/revistalaneta.com.mx\/index.php?rest_route=\/wp\/v2\/media\/14080"}],"wp:attachment":[{"href":"http:\/\/revistalaneta.com.mx\/index.php?rest_route=%2Fwp%2Fv2%2Fmedia&parent=14081"}],"wp:term":[{"taxonomy":"category","embeddable":true,"href":"http:\/\/revistalaneta.com.mx\/index.php?rest_route=%2Fwp%2Fv2%2Fcategories&post=14081"},{"taxonomy":"post_tag","embeddable":true,"href":"http:\/\/revistalaneta.com.mx\/index.php?rest_route=%2Fwp%2Fv2%2Ftags&post=14081"}],"curies":[{"name":"wp","href":"https:\/\/api.w.org\/{rel}","templated":true}]}}