{"id":14143,"date":"2024-09-20T23:57:57","date_gmt":"2024-09-20T23:57:57","guid":{"rendered":"http:\/\/revistalaneta.com.mx\/?p=14143"},"modified":"2024-09-20T23:58:12","modified_gmt":"2024-09-20T23:58:12","slug":"anuncia-gobierno-municipal-tercera-feria-del-empleo-2024","status":"publish","type":"post","link":"http:\/\/revistalaneta.com.mx\/?p=14143","title":{"rendered":"Anuncia Gobierno Municipal Tercera Feria del Empleo 2024"},"content":{"rendered":"\n<p><\/p>\n\n\n\n<p>Nuevo Laredo, Tamps.- El Gobierno Municipal llevar\u00e1 a cabo la tercera \u201cFeria del Empleo 2024\u201d, el pr\u00f3ximo 25 de septiembre, para todos aquellos ciudadanos que est\u00e1n en busca de una oportunidad laboral.<\/p>\n\n\n\n<p>El evento se desarrollar\u00e1 en el Centro C\u00edvico \u201cCarlos Cant\u00fa Rosas\u201d, ubicado en H\u00e9roe de Nacataz entre Guerrero y Reynosa de 9:00 de la ma\u00f1ana a 2:00 de la tarde.<\/p>\n\n\n\n<p>Durante la feria, se ofrecer\u00e1n alrededor de mil 500 vacantes de m\u00e1s de 50 empresas, brindando a los asistentes varias y diferentes opciones para su desarrollo profesional.<\/p>\n\n\n\n<p>Este a\u00f1o con los programas Ferias del Empleo y Empleo en tu colonia, se ha logrado vincular a m\u00e1s de 7 mil 894 ciudadanos con empresas maquiladoras, de comercio, servicios y transporte<\/p>\n\n\n\n<p>El objetivo de este evento es realizar una estrecha vinculaci\u00f3n con todos los sectores econ\u00f3micos de la ciudad, para generar y propiciar mejores empleos para la poblaci\u00f3n.<\/p>\n","protected":false},"excerpt":{"rendered":"<p>Nuevo Laredo, Tamps.- El Gobierno Municipal llevar\u00e1 a cabo la tercera \u201cFeria del Empleo 2024\u201d, el pr\u00f3ximo 25 de septiembre, para todos aquellos ciudadanos que est\u00e1n en busca de una &hellip; <a href=\"http:\/\/revistalaneta.com.mx\/?p=14143\" class=\"more-link\">Leer m\u00e1s<\/a><\/p>\n","protected":false},"author":1,"featured_media":14142,"comment_status":"open","ping_status":"open","sticky":false,"template":"","format":"standard","meta":{"footnotes":""},"categories":[4],"tags":[],"class_list":["post-14143","post","type-post","status-publish","format-standard","has-post-thumbnail","hentry","category-nuevo-laredo","entry"],"_links":{"self":[{"href":"http:\/\/revistalaneta.com.mx\/index.php?rest_route=\/wp\/v2\/posts\/14143","targetHints":{"allow":["GET"]}}],"collection":[{"href":"http:\/\/revistalaneta.com.mx\/index.php?rest_route=\/wp\/v2\/posts"}],"about":[{"href":"http:\/\/revistalaneta.com.mx\/index.php?rest_route=\/wp\/v2\/types\/post"}],"author":[{"embeddable":true,"href":"http:\/\/revistalaneta.com.mx\/index.php?rest_route=\/wp\/v2\/users\/1"}],"replies":[{"embeddable":true,"href":"http:\/\/revistalaneta.com.mx\/index.php?rest_route=%2Fwp%2Fv2%2Fcomments&post=14143"}],"version-history":[{"count":1,"href":"http:\/\/revistalaneta.com.mx\/index.php?rest_route=\/wp\/v2\/posts\/14143\/revisions"}],"predecessor-version":[{"id":14144,"href":"http:\/\/revistalaneta.com.mx\/index.php?rest_route=\/wp\/v2\/posts\/14143\/revisions\/14144"}],"wp:featuredmedia":[{"embeddable":true,"href":"http:\/\/revistalaneta.com.mx\/index.php?rest_route=\/wp\/v2\/media\/14142"}],"wp:attachment":[{"href":"http:\/\/revistalaneta.com.mx\/index.php?rest_route=%2Fwp%2Fv2%2Fmedia&parent=14143"}],"wp:term":[{"taxonomy":"category","embeddable":true,"href":"http:\/\/revistalaneta.com.mx\/index.php?rest_route=%2Fwp%2Fv2%2Fcategories&post=14143"},{"taxonomy":"post_tag","embeddable":true,"href":"http:\/\/revistalaneta.com.mx\/index.php?rest_route=%2Fwp%2Fv2%2Ftags&post=14143"}],"curies":[{"name":"wp","href":"https:\/\/api.w.org\/{rel}","templated":true}]}}