{"id":14152,"date":"2024-09-21T00:03:38","date_gmt":"2024-09-21T00:03:38","guid":{"rendered":"http:\/\/revistalaneta.com.mx\/?p=14152"},"modified":"2024-09-21T00:03:53","modified_gmt":"2024-09-21T00:03:53","slug":"participan-mas-de-300-estudiantes-en-festival-deportivo-patrio","status":"publish","type":"post","link":"http:\/\/revistalaneta.com.mx\/?p=14152","title":{"rendered":"Participan m\u00e1s de 300 estudiantes en Festival Deportivo Patrio"},"content":{"rendered":"\n<p><\/p>\n\n\n\n<p>Nuevo Laredo, Tamps.- El Gobierno Municipal, a trav\u00e9s de la Secretar\u00eda de Educaci\u00f3n, Cultura y Deporte, dio inicio al Festival Deportivo Patrio, una competici\u00f3n de diversas disciplinas en la que participan m\u00e1s de 300 estudiantes de 15 escuelas desde primaria hasta universidad, tanto p\u00fablicas como privadas.<\/p>\n\n\n\n<p>La coordinadora de Cultura F\u00edsica y Deporte, Carolina Mart\u00ednez Cervantes, explic\u00f3 que septiembre es un mes de pretemporada dentro del \u00e1mbito deportivo, por lo que los principales beneficiados son profesores de educaci\u00f3n f\u00edsica ya que pueden detectar talentos en estudiantes de nuevo ingreso para las futuras competiciones.<\/p>\n\n\n\n<p>\u201cEs fundamental que las escuelas conozcan a quienes destacan en los deportes y de ah\u00ed partimos para crear un semillero de las nuevas generaciones que en un futuro podr\u00e1n representar a Nuevo Laredo y poner el nombre de la ciudad en lo m\u00e1s alto\u201d, destac\u00f3.<\/p>\n\n\n\n<p>Dio a conocer que una vez que termine esta competencia, los primeros tres lugares de cada disciplina tendr\u00e1n una ceremonia de premiaci\u00f3n para reconocer su rendimiento durante el torneo.<\/p>\n\n\n\n<p>La competencia ya arranc\u00f3 y finalizar\u00e1 el 21 de septiembre del 2024; tiene lugar en la Unidad Deportiva \u201cBenito Ju\u00e1rez\u201d, donde los participantes competir\u00e1n en disciplinas como ajedrez, atletismo, voleibol de sala, f\u00fatbol y b\u00e1squetbol, entre otros.<\/p>\n","protected":false},"excerpt":{"rendered":"<p>Nuevo Laredo, Tamps.- El Gobierno Municipal, a trav\u00e9s de la Secretar\u00eda de Educaci\u00f3n, Cultura y Deporte, dio inicio al Festival Deportivo Patrio, una competici\u00f3n de diversas disciplinas en la que &hellip; <a href=\"http:\/\/revistalaneta.com.mx\/?p=14152\" class=\"more-link\">Leer m\u00e1s<\/a><\/p>\n","protected":false},"author":1,"featured_media":14151,"comment_status":"open","ping_status":"open","sticky":false,"template":"","format":"standard","meta":{"footnotes":""},"categories":[4],"tags":[],"class_list":["post-14152","post","type-post","status-publish","format-standard","has-post-thumbnail","hentry","category-nuevo-laredo","entry"],"_links":{"self":[{"href":"http:\/\/revistalaneta.com.mx\/index.php?rest_route=\/wp\/v2\/posts\/14152","targetHints":{"allow":["GET"]}}],"collection":[{"href":"http:\/\/revistalaneta.com.mx\/index.php?rest_route=\/wp\/v2\/posts"}],"about":[{"href":"http:\/\/revistalaneta.com.mx\/index.php?rest_route=\/wp\/v2\/types\/post"}],"author":[{"embeddable":true,"href":"http:\/\/revistalaneta.com.mx\/index.php?rest_route=\/wp\/v2\/users\/1"}],"replies":[{"embeddable":true,"href":"http:\/\/revistalaneta.com.mx\/index.php?rest_route=%2Fwp%2Fv2%2Fcomments&post=14152"}],"version-history":[{"count":1,"href":"http:\/\/revistalaneta.com.mx\/index.php?rest_route=\/wp\/v2\/posts\/14152\/revisions"}],"predecessor-version":[{"id":14153,"href":"http:\/\/revistalaneta.com.mx\/index.php?rest_route=\/wp\/v2\/posts\/14152\/revisions\/14153"}],"wp:featuredmedia":[{"embeddable":true,"href":"http:\/\/revistalaneta.com.mx\/index.php?rest_route=\/wp\/v2\/media\/14151"}],"wp:attachment":[{"href":"http:\/\/revistalaneta.com.mx\/index.php?rest_route=%2Fwp%2Fv2%2Fmedia&parent=14152"}],"wp:term":[{"taxonomy":"category","embeddable":true,"href":"http:\/\/revistalaneta.com.mx\/index.php?rest_route=%2Fwp%2Fv2%2Fcategories&post=14152"},{"taxonomy":"post_tag","embeddable":true,"href":"http:\/\/revistalaneta.com.mx\/index.php?rest_route=%2Fwp%2Fv2%2Ftags&post=14152"}],"curies":[{"name":"wp","href":"https:\/\/api.w.org\/{rel}","templated":true}]}}