{"id":14155,"date":"2024-09-21T00:08:55","date_gmt":"2024-09-21T00:08:55","guid":{"rendered":"http:\/\/revistalaneta.com.mx\/?p=14155"},"modified":"2024-09-21T00:09:31","modified_gmt":"2024-09-21T00:09:31","slug":"reinician-operaciones-en-la-aduana-de-nuevo-laredo","status":"publish","type":"post","link":"http:\/\/revistalaneta.com.mx\/?p=14155","title":{"rendered":"REINICIAN OPERACIONES EN LA ADUANA DE NUEVO LAREDO"},"content":{"rendered":"\n<p><br>Desde este martes se reiniciaron las operaciones de importaci\u00f3n en la Aduana de Nuevo Laredo, esto gracias a la intervenci\u00f3n directa de la Agencia Nacional de Aduanas de M\u00e9xico (ANAM), cuyos directivos ordenaron se estableciera un \u00e1rea externa para recibir las importaciones con cuatro carriles, en horario de ocho de la ma\u00f1ana a 12 de la noche. A la vez que se trabajaba en la reparaci\u00f3n de la techumbre con maquinaria pesada, esper\u00e1ndose resolver el problema en un m\u00e1ximo de 72 horas, para as\u00ed reanudar las actividades de manera normal y al 100 por ciento. Cabe indicar que en esto hubo gestiones directas de la Presidenta Municipal de Nuevo Laredo, Carmen Lilia Canturosas Villarreal, as\u00ed como del Gobierno del Estado de Tamaulipas, a trav\u00e9s del Fideicomiso del Puente Tres, y de la Asociaci\u00f3n de Agentes Aduanales de Nuevo Laredo que encabeza el agente aduanal Jos\u00e9 Ignacio Zaragoza Ambrosi, mismos que estuvieron muy atentos a la soluci\u00f3n del problema.<\/p>\n\n\n\n<p>BUSCA CCR ABRIR NUEVOS CAMINOS<br \/>Dentro de los proyectos que trae el diputado federal Carlos Canturosas Villarreal para beneficio de Nuevo Laredo, est\u00e1 el conseguir la aprobaci\u00f3n del gobierno federal para que se autorice el uso de la denominada JB de las v\u00edas f\u00e9rreas, que ya no est\u00e1n siendo utilizadas, y que bien pueden ser abiertas para crear nuevos caminos que conecten al oriente con el poniente de la ciudad, y viceversa. Esto es algo que se ha estado contemplando desde hace tiempo, pero que desafortunadamente los dos \u00faltimos diputados federales no hicieron para lograr el objetivo, y en contraparte CCR en el inicio de sus gestiones ya lo tiene en su agenda, y conoci\u00e9ndolo no va a quitar el dedo del rengl\u00f3n hasta lograrlo, lo que de ser as\u00ed ser\u00e1 de gran beneficio para la sociedad neolaredense y un nuevo detonante en el desarrollo de la ciudad. Sea pues.<\/p>\n\n\n\n<p>GRAN CARTELERA EN LA FERIA TAMAULIPAS<br \/>Una gran cartelera de artistas de renombre se presentar\u00e1 en el Teatro del Pueblo durante la Feria Tamaulipas 2024 que se llevar\u00e1 a cabo del 10 al 21 de octubre en Ciudad Victoria, capital del estado, y donde el costo de ingreso para poder verlos ser\u00e1 de solo 40 pesos. Dicha cartelera fue dada a conocer este martes por la secretaria de Desarrollo Econ\u00f3mico, Ninfa Cant\u00fa De\u00e1ndar, quien dijo que el jueves 10 de octubre se presentar\u00e1 Sebasti\u00e1n Yatra, mientras que el viernes 11 estar\u00e1n los Invasores de Nuevo Le\u00f3n. A su vez el s\u00e1bado 12 le tocar\u00e1 presentaci\u00f3n a los Kumbia Kings y el domingo 13 a La Leyenda. Contin\u00faa el lunes 14 con un espect\u00e1culo de lucha libre de AAA, mientras que el martes 15 estar\u00e1 Juanes; el mi\u00e9rcoles 16 el espect\u00e1culo infantil de Bely y Beto y el jueves 17 la presentaci\u00f3n de Alejandra Guzm\u00e1n. El viernes 18 estar\u00e1n Los Enanitos Verdes; el s\u00e1bado 19 Los \u00c1ngeles Azules y el domingo 20 Pesado. Cabe indicar que esta cartelera es independiente a la que se presentar\u00e1 en el Centro de Espect\u00e1culos del mismo recinto ferial, y donde el viernes 11 de octubre estar\u00e1 el grupo Frontera, el jueves 17 Los Tigres del Norte, el viernes 18 Gloria Trevi y el s\u00e1bado 19 La Mafia, all\u00ed s\u00ed, con precios m\u00e1s elevados.<\/p>\n\n\n\n<p>LISTAS LAS INSCRIPCIONES PARA EL MEDIO MARAT\u00d3N PALOS GARZA<br \/>Ya est\u00e1n abiertas las inscripciones para el ya tradicional Medio Marat\u00f3n Palos Garza 2024 que en esta ocasi\u00f3n se va a llevar a cabo el pr\u00f3ximo domingo 10 de noviembre a partir de las siete de la ma\u00f1ana, partiendo de la Unidad Deportiva y corriendo por los alrededores. La competencia se llevar\u00e1 a cabo en las modalidades de 21K, 10K y 5K, y el monto de participaci\u00f3n es de 400 pesos. No hay que olvidar que este evento, organizado por el reconocido empresario neolaredense, Don Mario Palos Garza, es con causa, pues el 100 por ciento del costo del folio de inscripci\u00f3n se destina a programas de apoyo comunitario, tal como las vacunas contra el Virus del Papiloma Humano que se aplica a menores de edad, con el respaldo del Club Rotario de Nuevo Laredo y el Gobierno Municipal de Nuevo Laredo, por lo que aparte de correr, divertirse, tener la posibilidad de ganar, se contribuye tambi\u00e9n a una causa altruista. Bien por ello.<\/p>\n\n\n\n<p>NUEVO DIRECTOR EN EL TEC DE NUEVO LAREDO<br \/>Hay nuevo director en el Instituto Tecnol\u00f3gico de Nuevo Laredo. Se trata del Maestro Benito S\u00e1nchez Raya, quien asumi\u00f3 oficialmente sus funciones este martes por la ma\u00f1ana en el mismo plantel educativo, recibiendo su nombramiento de parte del Dr. Gustavo Emilio Rojo Vel\u00e1zquez, quien asisti\u00f3 en representaci\u00f3n del director general del Tecnol\u00f3gico Nacional de M\u00e9xico (TecNM), Profesor Ram\u00f3n Jim\u00e9nez L\u00f3pez. El nuevo director del Tec sustituye en el cargo a la Maestra Santa Iliana Castillo Garc\u00eda, quien por cierto a su vez ha sido nombrada nueva directora del Tec de Matamoros, de donde es oriunda, por lo que evidentemente le fue bien. S\u00e1nchez Raya agradeci\u00f3 la confianza depositada en \u00e9l y reafirm\u00f3 su compromiso de trabajar en conjunto con el personal directivo, docente y administrativo para seguir impulsando el crecimiento y la excelencia acad\u00e9mica del ITNL.<\/p>\n\n\n\n<p>ESTANCADA LA ACTIVIDAD EN EL CONALEP DE NUEVO LAREDO<br \/>Cada vez hay m\u00e1s quejas de maestros y alumnos del Conalep de Nuevo Laredo por la forma en que se encuentran estancadas las actividades en dicho centro educativo, y lo cual se viene dando desde que Luis Antonio Saavedra Rodr\u00edguez se hizo cargo de la direcci\u00f3n de la instituci\u00f3n. Y en efecto no se le ha visto trabajo, y de hecho se la pasa encerrado en su oficina, no quiere ni que lo molesten. Estar\u00eda bueno que le hicieran una evaluaci\u00f3n, para ver los resultados de su gesti\u00f3n, que evidentemente no son nada buenos, y de confirmarse esto pues que lo cambien, ya su actuar deja mucho que desear, pero sobre todo que decir.<\/p>\n\n\n\n<p>EGRESAN ALUMNOS DE LA FDCSV DE LA UAT<br \/>Un total de 161 alumnos de la Facultad de Derecho y Ciencias Sociales Victoria de la Universidad Aut\u00f3noma de Tamaulipas (UAT) graduaron de las carreras de Derecho, Ciencias de la Comunicaci\u00f3n, Negocios Internacionales y Turismo; as\u00ed como profesionales formados en la Maestr\u00eda en Derecho y Procesos Orales, en un evento encabezado por el rector de la UAT, MVZ D\u00e1maso Anaya Alvarado, quien en su mensaje agradeci\u00f3 a los padres de familia la confianza depositada en la UAT para la formaci\u00f3n de sus hijos, a la vez que expres\u00f3 su felicitaci\u00f3n a los graduados, y subray\u00f3 su confianza en que compartir\u00e1n la meta de contribuir al bienestar de la sociedad desde sus respectivas profesiones, con los conocimientos adquiridos en la m\u00e1xima casa de estudios y ese compromiso con una perspectiva humanista.<\/p>\n\n\n\n<p>LO \u00daLTIMO<br \/>Se espera que todav\u00eda haya una sesi\u00f3n m\u00e1s del Cabildo de Nuevo Laredo, que es en la que se prev\u00e9 que se trasferir\u00e1 la obra p\u00fablica de la actual administraci\u00f3n, a la nueva administraci\u00f3n, as\u00ed como afinar algunos otros detalles\u2026 Siguen muy contentos los que trabajan en la vecina ciudad de Laredo, Texas, y viven en Nuevo Laredo, pues sus d\u00f3lares nuevamente est\u00e1n costando m\u00e1s, y con ello obtienen m\u00e1s recursos. Y a como se ven las cosas, es muy dif\u00edcil que el billete verde vaya a bajar a los 18 pesos de nueva cuenta. Y con eso de que se vienen las fiestas navide\u00f1as, menos\u2026 \u00bfSe acuerdan de la regidora traficante de Reynosa, aquella de nombre Dennise Ahumada a la que le decomisaron en el lado americano 42 kilos de estupefacientes? Bueno, pues ha sido sentenciado a tres a\u00f1os de c\u00e1rcel. Y le sali\u00f3 barato.<\/p>\n","protected":false},"excerpt":{"rendered":"<p>Desde este martes se reiniciaron las operaciones de importaci\u00f3n en la Aduana de Nuevo Laredo, esto gracias a la intervenci\u00f3n directa de la Agencia Nacional de Aduanas de M\u00e9xico (ANAM), &hellip; <a href=\"http:\/\/revistalaneta.com.mx\/?p=14155\" class=\"more-link\">Leer m\u00e1s<\/a><\/p>\n","protected":false},"author":1,"featured_media":14154,"comment_status":"open","ping_status":"open","sticky":false,"template":"","format":"standard","meta":{"footnotes":""},"categories":[2],"tags":[],"class_list":["post-14155","post","type-post","status-publish","format-standard","has-post-thumbnail","hentry","category-chismorreo","entry"],"_links":{"self":[{"href":"http:\/\/revistalaneta.com.mx\/index.php?rest_route=\/wp\/v2\/posts\/14155","targetHints":{"allow":["GET"]}}],"collection":[{"href":"http:\/\/revistalaneta.com.mx\/index.php?rest_route=\/wp\/v2\/posts"}],"about":[{"href":"http:\/\/revistalaneta.com.mx\/index.php?rest_route=\/wp\/v2\/types\/post"}],"author":[{"embeddable":true,"href":"http:\/\/revistalaneta.com.mx\/index.php?rest_route=\/wp\/v2\/users\/1"}],"replies":[{"embeddable":true,"href":"http:\/\/revistalaneta.com.mx\/index.php?rest_route=%2Fwp%2Fv2%2Fcomments&post=14155"}],"version-history":[{"count":1,"href":"http:\/\/revistalaneta.com.mx\/index.php?rest_route=\/wp\/v2\/posts\/14155\/revisions"}],"predecessor-version":[{"id":14156,"href":"http:\/\/revistalaneta.com.mx\/index.php?rest_route=\/wp\/v2\/posts\/14155\/revisions\/14156"}],"wp:featuredmedia":[{"embeddable":true,"href":"http:\/\/revistalaneta.com.mx\/index.php?rest_route=\/wp\/v2\/media\/14154"}],"wp:attachment":[{"href":"http:\/\/revistalaneta.com.mx\/index.php?rest_route=%2Fwp%2Fv2%2Fmedia&parent=14155"}],"wp:term":[{"taxonomy":"category","embeddable":true,"href":"http:\/\/revistalaneta.com.mx\/index.php?rest_route=%2Fwp%2Fv2%2Fcategories&post=14155"},{"taxonomy":"post_tag","embeddable":true,"href":"http:\/\/revistalaneta.com.mx\/index.php?rest_route=%2Fwp%2Fv2%2Ftags&post=14155"}],"curies":[{"name":"wp","href":"https:\/\/api.w.org\/{rel}","templated":true}]}}