{"id":14158,"date":"2024-09-24T12:32:00","date_gmt":"2024-09-24T12:32:00","guid":{"rendered":"http:\/\/revistalaneta.com.mx\/?p=14158"},"modified":"2024-09-24T12:32:37","modified_gmt":"2024-09-24T12:32:37","slug":"la-morena-de-morena","status":"publish","type":"post","link":"http:\/\/revistalaneta.com.mx\/?p=14158","title":{"rendered":"LA MORENA DE MORENA"},"content":{"rendered":"\n<p><br>Para este viernes se espera que la secretaria de Gobernaci\u00f3n, Luisa Mar\u00eda Alcalde Luj\u00e1n, renuncie a su cargo, para ir en pos de la dirigencia nacional del Movimiento de Regeneraci\u00f3n Nacional (MORENA), cuya elecci\u00f3n ser\u00e1 el pr\u00f3ximo domingo 22 de septiembre en la capital del pa\u00eds. Y el hecho de que esto lo haya anunciado el propio presidente de M\u00e9xico, Andr\u00e9s Manuel L\u00f3pez Obrador, da por entendido que es un hecho que la dama del primer comercial de MORENA ser\u00e1 la presidenta de dicho partido. Y lo m\u00e1s seguro es que la susodicha lleve como compa\u00f1ero de f\u00f3rmula al Andr\u00e9s L\u00f3pez Beltr\u00e1n, hijo del presidente L\u00f3pez Obrador, y quien ser\u00e1 el secretario general del mismo instituto pol\u00edtico. Tampoco se ha dicho si habr\u00e1 quien sustituya a Luisa Mar\u00eda en su cargo de Ministra del Interior, aunque lo m\u00e1s seguro es que ya no se nomine a nadie, pues para el viernes estaremos a solo 10 d\u00edas de que culmine el actual gobierno. A menos que se nombre a alguien nada m\u00e1s para darle el gusto de que diga que estuvo al frente de la Secretar\u00eda de Gobernaci\u00f3n.<\/p>\n\n\n\n<p>EL SIMULACRO NACIONAL DE PROTECCI\u00d3N CIVIL<br \/>Para este jueves est\u00e1 programado el simulacro nacional de Protecci\u00f3n Civil, el cual ser\u00e1 a nivel nacional, y Nuevo Laredo no ser\u00e1 la excepci\u00f3n en tomar parte en esta situaci\u00f3n. Al respecto Humberto Fern\u00e1ndez Diez de Pinos, director de Protecci\u00f3n Civil y Bomberos, dijo que el evento est\u00e1 programado a nivel nacional a las 11 de la ma\u00f1ana, pero en la frontera, por la cuesti\u00f3n del cambio de horario, ser\u00e1 a las 12 del mediod\u00eda. Inform\u00f3 que el acto se llevar\u00e1 a efecto en la Presidencia Municipal de Nuevo Laredo, por lo que el personal del Ayuntamiento evacuar\u00e1 las oficinas a dicha hora. Por tal motivo se van a cerrar a la circulaci\u00f3n, quince minutos antes, los cruceros de Guerrero y H\u00e9roe de Nacataz, as\u00ed como Ju\u00e1rez y Maclovio Herrera, esper\u00e1ndose reabrirlos poco despu\u00e9s de las 12:30 horas. Por lo tanto, quienes pretendan circular por esas esquinas a dicha hora, van a tener que tomar v\u00edas alternas.<br \/>LA PREPA DE LA UAT SER\u00c1 DE GRAN BENEFICIO<br \/>No cabe duda que mucho se van a beneficiar aquellos j\u00f3venes que ingresen a la nueva preparatoria que recientemente construy\u00f3 el Gobierno Municipal de Nuevo Laredo, y que ha sido cedida en comodato a la Universidad Aut\u00f3noma de Tamaulipas (UAT), para su administraci\u00f3n y ense\u00f1anza. Y es que la UAT tiene un muy buen sistema de bachillerato, que aplicar\u00e1 en la localidad, y que de antemano preparar\u00e1 a los alumnos para ingresar a la misma UAT, una vez que concluyan sus estudios de preparatoria. De hecho, aquellos j\u00f3venes egresados de secundaria, que tengan previsto cursar sus estudios universitarios en la m\u00e1xima casa de estudios, dicha \u201cprepa\u201d ser\u00e1 su mejor opci\u00f3n de antemano, y por ello se espera que haya mucha matr\u00edcula, una vez que inicie operaciones.<\/p>\n\n\n\n<p>MUESTRA VIVIANO V\u00c1ZQUEZ PODER DE CONVOCATORIA<br \/>Todo un \u00e9xito result\u00f3 la presentaci\u00f3n del \u201cProntuario Socioecon\u00f3mico Binacional 2024\u201d, llevado a cabo por el director del Instituto de la Competitividad y Comercio Exterior, Viviano V\u00e1zquez Mac\u00edas, en acto celebrado el pasado mi\u00e9rcoles por la tarde en la Asociaci\u00f3n de Agentes Aduanales de Nuevo Laredo. El evento estuvo encabezado por la presidenta municipal de Nuevo Laredo, Carmen Lilia Canturosas Villarreal, quien calific\u00f3 dicho prontuario como una herramienta de gran importancia dirigida a la sociedad civil y organismos, donde se refleja estad\u00edsticamente el desarrollo y la competitividad de la regi\u00f3n de los Dos Laredos. Y vaya que Viviano mostr\u00f3 poder de convocatoria, pues logr\u00f3 la asistencia de importantes personalidades, entre ellas Jos\u00e9 Ignacio Zaragoza Ambrosi, presidente de la Asociaci\u00f3n de Agentes Aduanales de Nuevo Laredo; Carlos Mart\u00ednez Fern\u00e1ndez, presidente de la Asociaci\u00f3n de Transportistas de Carga; Eduardo Lozano Guajardo, delegado de la C\u00e1mara Nacional del Autotransporte de Carga, la CANACAR; el presidente del Consejo de Instituciones de Nuevo Laredo, Francisco Mej\u00eda Barrientos; el director de la FCACS de la UAT, Ren\u00e9 Salinas Salinas; la directora del Instituto Universitario de la Asociaci\u00f3n de Agentes Aduanales, Rosa Mar\u00eda Alvarado Monroy; el secretario del Ayuntamiento, Juan \u00c1ngel Mart\u00ednez Salazar, entre otras, que dieron realce al evento.<\/p>\n\n\n\n<p>PERSONAL DEL INE NO ES EMP\u00c1TICO<br \/>Ya son varias las quejas contra el personal que atiende en los m\u00f3dulos del Instituto Nacional Electoral (INE) de Nuevo Laredo, situados en Guti\u00e9rrez cuadra 54 de la colonia Hidalgo. Y es que, aunque presumen en cartelones de estar para servir a la ciudadan\u00eda, no atienden como debe ser, pues en ocasiones asumen posiciones que no son nada correctas. Caso concreto es el hecho de que no permiten que las personas que van a realizar los tr\u00e1mites vayan acompa\u00f1adas de otras, pero hay ocasiones en que esas personas requieren de asistencia, y hay empleados que groseramente corren del lugar a quienes van a apoyar, en una situaci\u00f3n que deja mucho que desear, pero sobre todo que decir. As\u00ed que ojal\u00e1 Don Manuel Moncada Fuentes, Vocal Ejecutivo del INE, ponga orden en el desorden que est\u00e1 imperando en el \u00e1rea de m\u00f3dulos, porque si bien es cierto no todos los empleados incurren en irregularidades (solo aquellos que se sienten las divinas garzas), lamentablemente por unos la llevan todos.<\/p>\n\n\n\n<p>REUNI\u00d3N DEL DIF<br \/>Una reuni\u00f3n con los presidentes entrantes de los Sistemas DIF de los diversos municipios de la entidad sostuvo la presidenta del DIF Tamaulipas, Mar\u00eda de Villarreal, esto como parte de una jornada de trabajo mediante la cual nos pr\u00f3ximos funcionarios ser\u00e1n debidamente capacitados para fortalecer los programas y estrategias, adem\u00e1s de coordinarse debidamente con el organismo estatal. En su mensaje la esposa del gobernador Am\u00e9rico Villarreal Anaya dijo que hoy m\u00e1s que nunca el humanismo debe ser el principio que gu\u00ede las acciones a emprender, y que el compromiso debe ser con la gente que espera un apapacho. El primer d\u00eda de actividades se celebr\u00f3 en la Casa de Gobierno con la presentaci\u00f3n de los objetivos del Sistema DIF Tamaulipas, y el segundo d\u00eda, a efectuarse este jueves, consistir\u00e1 en una serie de capacitaciones t\u00e9cnicas por parte del personal del DIF Estatal, en las que se mostrar\u00e1 la operatividad de cada programa mediante presentaciones din\u00e1micas.<\/p>\n\n\n\n<p>CELEBRA LA UAT 74 A\u00d1OS DE SERVICIO<br \/>En el marco del 74 aniversario de la fundaci\u00f3n de la Universidad Aut\u00f3noma de Tamaulipas, el rector de este plantel, D\u00e1maso Anaya Alvarado, llev\u00f3 a cabo un homenaje en el cual se record\u00f3 a quienes con su gran visi\u00f3n, iniciaron la m\u00e1xima casa de estudios en la entidad. Dicho evento fue celebrado en el Campus Tampico, donde adem\u00e1s el rector dijo que dicho acto debe servir tambi\u00e9n para reflexionar sobre el papel de ser universitarios y abrazar la responsabilidad de ser part\u00edcipes en la generaci\u00f3n de un Tamaulipas m\u00e1s pr\u00f3spero, m\u00e1s humanista y equitativo. Anaya Alvarado encabez\u00f3 la guardia de honor y colocaci\u00f3n de la ofrenda floral en la Rotonda de los Fundadores y Hombres Ilustres, acompa\u00f1ado por estudiantes, docentes, directoras y directores de las facultades e invitados especiales.<\/p>\n\n\n\n<p>LO \u00daLTIMO<br \/>Y justamente este 19 de septiembre se conmemoran los sismos de 1985 y 2017, que causaron muchos estragos en la Ciudad de M\u00e9xico. Por lo tanto de antemano hay el temor de que se vuelva a presentar otro terremoto este d\u00eda\u2026 El tamaulipeco Rodolfo Gonz\u00e1lez Valderrama ha sido designado como director de comunicaci\u00f3n social de la C\u00e1mara de Diputados. Enhorabuena para el paisano\u2026 Mientras que por un lado las autoridades educativas reconocen que faltan maestros en aulas, por otro lado, el l\u00edder magisterial en Tamaulipas, Arnulfo Rodr\u00edguez Trevi\u00f1o, dice que no todos los egresados de las normales est\u00e1n siendo contratados para servir en las aulas. \u00bfEntonces que est\u00e1 pasando, donde est\u00e1 la falla?\u2026 Pues con la novedad que el martes primero de octubre vamos a descansar, toda vez que el Senado de la Rep\u00fablica ya autoriz\u00f3 que cuando se lleve a cabo la sucesi\u00f3n del nuevo Presidente de la Rep\u00fablica, sea de descanso obligatorio, y como el pr\u00f3ximo primero de octubre asumir\u00e1 la presidencia Claudia Sheinbaum Pardo, se aplicar\u00e1 por primera vez dicha disposici\u00f3n.<\/p>\n","protected":false},"excerpt":{"rendered":"<p>Para este viernes se espera que la secretaria de Gobernaci\u00f3n, Luisa Mar\u00eda Alcalde Luj\u00e1n, renuncie a su cargo, para ir en pos de la dirigencia nacional del Movimiento de Regeneraci\u00f3n &hellip; <a href=\"http:\/\/revistalaneta.com.mx\/?p=14158\" class=\"more-link\">Leer m\u00e1s<\/a><\/p>\n","protected":false},"author":1,"featured_media":14157,"comment_status":"open","ping_status":"open","sticky":false,"template":"","format":"standard","meta":{"footnotes":""},"categories":[2],"tags":[],"class_list":["post-14158","post","type-post","status-publish","format-standard","has-post-thumbnail","hentry","category-chismorreo","entry"],"_links":{"self":[{"href":"http:\/\/revistalaneta.com.mx\/index.php?rest_route=\/wp\/v2\/posts\/14158","targetHints":{"allow":["GET"]}}],"collection":[{"href":"http:\/\/revistalaneta.com.mx\/index.php?rest_route=\/wp\/v2\/posts"}],"about":[{"href":"http:\/\/revistalaneta.com.mx\/index.php?rest_route=\/wp\/v2\/types\/post"}],"author":[{"embeddable":true,"href":"http:\/\/revistalaneta.com.mx\/index.php?rest_route=\/wp\/v2\/users\/1"}],"replies":[{"embeddable":true,"href":"http:\/\/revistalaneta.com.mx\/index.php?rest_route=%2Fwp%2Fv2%2Fcomments&post=14158"}],"version-history":[{"count":1,"href":"http:\/\/revistalaneta.com.mx\/index.php?rest_route=\/wp\/v2\/posts\/14158\/revisions"}],"predecessor-version":[{"id":14159,"href":"http:\/\/revistalaneta.com.mx\/index.php?rest_route=\/wp\/v2\/posts\/14158\/revisions\/14159"}],"wp:featuredmedia":[{"embeddable":true,"href":"http:\/\/revistalaneta.com.mx\/index.php?rest_route=\/wp\/v2\/media\/14157"}],"wp:attachment":[{"href":"http:\/\/revistalaneta.com.mx\/index.php?rest_route=%2Fwp%2Fv2%2Fmedia&parent=14158"}],"wp:term":[{"taxonomy":"category","embeddable":true,"href":"http:\/\/revistalaneta.com.mx\/index.php?rest_route=%2Fwp%2Fv2%2Fcategories&post=14158"},{"taxonomy":"post_tag","embeddable":true,"href":"http:\/\/revistalaneta.com.mx\/index.php?rest_route=%2Fwp%2Fv2%2Ftags&post=14158"}],"curies":[{"name":"wp","href":"https:\/\/api.w.org\/{rel}","templated":true}]}}