{"id":14161,"date":"2024-09-24T12:34:11","date_gmt":"2024-09-24T12:34:11","guid":{"rendered":"http:\/\/revistalaneta.com.mx\/?p=14161"},"modified":"2024-09-24T12:34:38","modified_gmt":"2024-09-24T12:34:38","slug":"claudia-y-amlo-vendran-a-nuevo-laredo-la-proxima-semana","status":"publish","type":"post","link":"http:\/\/revistalaneta.com.mx\/?p=14161","title":{"rendered":"CLAUDIA Y AMLO VENDRAN A NUEVO LAREDO LA PR\u00d3XIMA SEMANA"},"content":{"rendered":"\n<p><\/p>\n\n\n\n<p>-Am\u00e9rico entrega cuatro casas en Tula<\/p>\n\n\n\n<p>-Le ponen piedras en el camino a Ismael<\/p>\n\n\n\n<p>Tiempo de opinar<\/p>\n\n\n\n<p>Ra\u00fal Hern\u00e1ndez Moreno<\/p>\n\n\n\n<p>19-septiembre-2024<\/p>\n\n\n\n<p>No ser\u00e1 este s\u00e1bado, sino hasta la siguiente semana, cuando Claudia Sheinbaum y Andr\u00e9s Manuel L\u00f3pez Obrador visiten Nuevo Laredo para inaugurar las inconclusas instalaciones de la Agencia Nacional de Aduanas de M\u00e9xico.<\/p>\n\n\n\n<p>Los dos presidentes, la que llega y el que se va, estar\u00e1n el s\u00e1bado en el tren maya, para inaugurar la parte final de ese proyecto.<\/p>\n\n\n\n<p>Las obras de la ANAM avanzan y su terminaci\u00f3n todav\u00eda requerir\u00e1 de muchos meses m\u00e1s y lo importante es que el cambio de sexenio no afecte el proyecto.<\/p>\n\n\n\n<p>Por otra parte, el gobernador Am\u00e9rico Villarreal Anaya visit\u00f3 y entreg\u00f3 cuatro de las 60 viviendas provisionales que se construyeron con apoyo de la Asociaci\u00f3n Techo, en nueve ejidos del municipio de Tula, para los damnificados por las inundaciones de la tormenta Alberto.<\/p>\n\n\n\n<p>Acompa\u00f1ado por Silvia Casas Gonz\u00e1lez, secretaria de Bienestar Social y por el comisariado ejidal Te\u00f3dulo Gallardo, el gobernador encabez\u00f3 la entrega de despensas y tinacos como parte de los programas sociales en esta comunidad.<\/p>\n\n\n\n<p>\u201cMe da mucho gusto estar aqu\u00ed en este evento, cumplir con la palabra.&nbsp;As\u00ed nos ense\u00f1aron en nuestra casa, as\u00ed me ense\u00f1\u00f3 mi padre, el ingeniero Am\u00e9rico Villarreal Guerra, que seguramente varios de ustedes recuerdan\u201d, dijo.<\/p>\n\n\n\n<p>Previamente, el gobernador supervis\u00f3 el puente-vado del arroyo La Muralla, en el camino rural del ejido Francisco Villa, en el municipio de Tula, donde escuch\u00f3 el agradecimiento del comisariado ejidal Te\u00f3dulo Gallardo, quien record\u00f3 que desde hace 40 a\u00f1os ning\u00fan gobernante los hab\u00eda atendido.<\/p>\n\n\n\n<p>Aqu\u00ed, el secretario de Obras P\u00fablicas, Pedro Cepeda Anaya, explic\u00f3 que el puente-vado tiene una longitud total de 280 metros, incluyendo rampas de entrada y salida.<\/p>\n\n\n\n<p>El gobernador tambi\u00e9n supervis\u00f3 el proyecto para la instalaci\u00f3n de una Cruz Monumental de 30 metros en lo m\u00e1s alto de uno de los cerros que rodean a la cabecera municipal de este Pueblo M\u00e1gico.<\/p>\n\n\n\n<p>Por otra parte, el diputado Humberto Prieto, presidente de la Comisi\u00f3n Permanente en el Congreso, inform\u00f3 que los nuevos diputados que entrar\u00e1n en funciones el 1 de octubre, tendr\u00e1n que tramitar una credencial para poder entrar al recinto. Para ello, este d\u00eda la Comisi\u00f3n Permanente aprob\u00f3 una reforma a La Ley Interna del Congreso que ser\u00e1 votada por el pleno, el pr\u00f3ximo martes.<\/p>\n\n\n\n<p>La reforma tiene dedicatoria para el diputado Ismael Garc\u00eda Cabeza de Vaca quien aparentemente tiene giradas en su contra \u00f3rdenes de aprehensi\u00f3n por parte de la Fiscal\u00eda General de la Rep\u00fablica y cuando se presente a tramitar la credencial lo pepenar\u00edan, por no tener fuero. Al menos eso es lo que piensan los \u201cbrillantes\u201d diputados de Morena. O puede esperarse a los primeros d\u00edas de octubre. El fuero se consigue al ser diputado, no con la entrega de un certificado en particular.<\/p>\n\n\n\n<p>Pero seguramente el hermanito menor de los Cabeza de Vaca ya tiene un amparo en la bolsa para evitar su aprehensi\u00f3n. Si algo tiene el clan Cabeza de Vaca es que saben para que es el dinero y nos importa pagar lo que sea con tal de conseguir impunidad.<\/p>\n","protected":false},"excerpt":{"rendered":"<p>-Am\u00e9rico entrega cuatro casas en Tula -Le ponen piedras en el camino a Ismael Tiempo de opinar Ra\u00fal Hern\u00e1ndez Moreno 19-septiembre-2024 No ser\u00e1 este s\u00e1bado, sino hasta la siguiente semana, &hellip; <a href=\"http:\/\/revistalaneta.com.mx\/?p=14161\" class=\"more-link\">Leer m\u00e1s<\/a><\/p>\n","protected":false},"author":1,"featured_media":14160,"comment_status":"open","ping_status":"open","sticky":false,"template":"","format":"standard","meta":{"footnotes":""},"categories":[2],"tags":[],"class_list":["post-14161","post","type-post","status-publish","format-standard","has-post-thumbnail","hentry","category-chismorreo","entry"],"_links":{"self":[{"href":"http:\/\/revistalaneta.com.mx\/index.php?rest_route=\/wp\/v2\/posts\/14161","targetHints":{"allow":["GET"]}}],"collection":[{"href":"http:\/\/revistalaneta.com.mx\/index.php?rest_route=\/wp\/v2\/posts"}],"about":[{"href":"http:\/\/revistalaneta.com.mx\/index.php?rest_route=\/wp\/v2\/types\/post"}],"author":[{"embeddable":true,"href":"http:\/\/revistalaneta.com.mx\/index.php?rest_route=\/wp\/v2\/users\/1"}],"replies":[{"embeddable":true,"href":"http:\/\/revistalaneta.com.mx\/index.php?rest_route=%2Fwp%2Fv2%2Fcomments&post=14161"}],"version-history":[{"count":1,"href":"http:\/\/revistalaneta.com.mx\/index.php?rest_route=\/wp\/v2\/posts\/14161\/revisions"}],"predecessor-version":[{"id":14162,"href":"http:\/\/revistalaneta.com.mx\/index.php?rest_route=\/wp\/v2\/posts\/14161\/revisions\/14162"}],"wp:featuredmedia":[{"embeddable":true,"href":"http:\/\/revistalaneta.com.mx\/index.php?rest_route=\/wp\/v2\/media\/14160"}],"wp:attachment":[{"href":"http:\/\/revistalaneta.com.mx\/index.php?rest_route=%2Fwp%2Fv2%2Fmedia&parent=14161"}],"wp:term":[{"taxonomy":"category","embeddable":true,"href":"http:\/\/revistalaneta.com.mx\/index.php?rest_route=%2Fwp%2Fv2%2Fcategories&post=14161"},{"taxonomy":"post_tag","embeddable":true,"href":"http:\/\/revistalaneta.com.mx\/index.php?rest_route=%2Fwp%2Fv2%2Ftags&post=14161"}],"curies":[{"name":"wp","href":"https:\/\/api.w.org\/{rel}","templated":true}]}}