{"id":14164,"date":"2024-09-24T12:38:36","date_gmt":"2024-09-24T12:38:36","guid":{"rendered":"http:\/\/revistalaneta.com.mx\/?p=14164"},"modified":"2024-09-24T12:39:12","modified_gmt":"2024-09-24T12:39:12","slug":"no-cesa-el-caos-en-la-autopista-nuevo-laredo-monterrey","status":"publish","type":"post","link":"http:\/\/revistalaneta.com.mx\/?p=14164","title":{"rendered":"NO CESA EL CAOS EN LA AUTOPISTA NUEVO LAREDO-MONTERREY"},"content":{"rendered":"\n<p><br>De nueva cuenta usuarios de la autopista Nuevo Laredo-Monterrey sufrieron este jueves las de Ca\u00edn al circular por dicho camino, toda vez que se form\u00f3 un enorme congestionamiento bajando del cerro de Mamulique con rumbo a la entrada a Monterrey. Hasta dos horas hicieron algunos para pasar dicho tramo, pues iban a vuelta de rueda. Lo reitero, la dicha autopista ya no es conveniente para llegar r\u00e1pido a la Sultana del Norte, pues ante tanto congestionamiento ya est\u00e1 saliendo m\u00e1s r\u00e1pido, y a la vez m\u00e1s ahorrativo, irse por la carretera libre, que si bien es de un solo carril y se batalla en avanzar, al menos se avanza m\u00e1s que en la autopista, cuyo costo es de 314 pesos, dinero pr\u00e1cticamente tirado a la basura.<\/p>\n\n\n\n<p>CAMBIOSS EN EL PAN NACIONAL, \u00bfY EN TAMAULIPAS CUANDO?<br \/>Mientras que a nivel nacional ya se avecinan elecciones internas en el Partido Acci\u00f3n Nacional (PAN), y as\u00ed tratar de dejar atr\u00e1s la tremenda debacle causada por el inh\u00e1bil de Marco Cort\u00e9s Mendoza, a nivel estatal no se ve para cuando pueda haber cambios en la dirigencia de este mismo partido, donde sigue liderando el tambi\u00e9n incompetente de Luis Ren\u00e9 Cant\u00fa Galv\u00e1n, que puso al blanquiazul en la peor debacle de la historia de la entidad. Lo peor del caso es que en todos los municipios los panistas saben que urge el cambio en la dirigencia del PAN de Tamaulipas, y nadie est\u00e1 haciendo algo para lograr dicho objetivo, por lo que el mentado \u201cCachorro\u201d, que m\u00e1s bien ya es un \u201cCacharro\u201d, sigue hundiendo m\u00e1s a Acci\u00f3n Nacional. Que tiempo aquellos en que los panistas eran aguerridos y ante cualquier ilegalidad alzaban la voz, pero eso ha quedado en el olvido.<\/p>\n\n\n\n<p>SIEMPRE NO VIENE AMLO A NUEVO LAREDO<br \/>Dado el retraso en las obras de la Agencia Nacional de Aduanas de M\u00e9xico (ANAM) ha quedado suspendida la inauguraci\u00f3n de la misma, hasta nuevo aviso. Por lo tanto ni el presidente Andr\u00e9s Manuel L\u00f3pez Obrador, ni la presidenta electa, Claudia Sheinbaum Pardo, estar\u00e1n en Nuevo Laredo este s\u00e1bado 21 de septiembre, como inicialmente se hab\u00eda anunciado. No obstante, el mandatario nacional vendr\u00e1 a Tamaulipas, pero hasta el martes 24 de septiembre, aunque a Matamoros, donde encabezar\u00e1 un homenaje a Catarino Garza, revolucionario originario de dicha poblaci\u00f3n. Lo de la inauguraci\u00f3n de la ANAM se habla que se postergar\u00e1 hasta febrero del a\u00f1o entrante, por lo que ya le tocar\u00e1 a Claudia Sheinbaum llevarla a efecto.<\/p>\n\n\n\n<p>IMPORTANTE GIRA DE TRABAJO DEL GOBERNADOR<br \/>Una intensa gira de trabajo por el suroeste de Tamaulipas tuvo el gobernador Am\u00e9rico Villarreal Anaya, al acudir primeramente el mi\u00e9rcoles por la tarde a ser part\u00edcipe de la conexi\u00f3n de los dos frentes de la excavaci\u00f3n en medio de un t\u00fanel de casi dos kil\u00f3metros del importante proyecto que representa la autopista Mante-Ocampo-Tula, y que vendr\u00e1 a detonar el desarrollo de nuestro estado. El mandatario estatal convivi\u00f3 con los trabajadores y los anim\u00f3 a continuar con esta magna obra que dar\u00e1 mayor conectividad a la entidad. Y el jueves el jefe del ejecutivo estatal estuvo en Tula, donde supervis\u00f3 los trabajos del vado-puente La Muralla, adem\u00e1s que encabez\u00f3 la jornada de entrega de apoyos sociales y atendi\u00f3 demandas para la mejora de caminos vecinales, obras de electrificaci\u00f3n, agua potable y mejoramiento de infraestructura escolar en el ejido Francisco Villa, aparte de entrega cuatro de las 60 viviendas provisionales que se construyeron con apoyo de la Asociaci\u00f3n Techo, en nueve ejidos de este municipio, para los damnificados por las inundaciones de la tormenta Alberto. Y todav\u00eda se dio tiempo para encabezar en Ciudad Victoria el simulacro de Protecci\u00f3n Civil.<\/p>\n\n\n\n<p>SIMULACRO SIN NOVEDAD<br \/>Sin novedad alguna se llev\u00f3 a cabo el simulacro por el D\u00eda de Protecci\u00f3n Civil, celebrado en Nuevo Laredo, y organizado por la Direcci\u00f3n de Protecci\u00f3n Civil y Bomberos, y en la cual participaron m\u00e1s de 400 empleados municipales, incluyendo regidores y funcionarios de primer nivel. Al final se record\u00f3 a los ca\u00eddos en los sismos de 1985 y 2017, con un minuto de silencio, y con el pu\u00f1o en alto. Cabe indicar que tampoco se dieron incidentes en el mismo acto que llev\u00f3 a cabo el Gobierno del Estado de Tamaulipas, y en el cual, como ya se cit\u00f3, tom\u00f3 parte el gobernador Am\u00e9rico Villarreal Anaya. Por cierto que volvi\u00f3 a temblar este 19 de septiembre, aunque con baja intensidad, en un sismo registrado con epicentro en Oaxaca. Ya es de terror dicho d\u00eda.<\/p>\n\n\n\n<p>LOGROS EN SERVICIOS P\u00daBLICOS MUNICIPALES DE CLCR<br \/>Durante la actual administraci\u00f3n municipal que encabeza Carmen Lilia Canturosas Villarreal, y que est\u00e1 a punto de concluir, se logr\u00f3 la instalaci\u00f3n de 32 mil 900 luminarias con tecnolog\u00eda LED por toda la ciudad, con lo que se mejor\u00f3 la iluminaci\u00f3n de calles, plazas y parques, todo ellos con una inversi\u00f3n de 171 millones 276 mil 782 de pesos. Igualmente se atendieron un total de 57 mil 950 baches con recubrimiento asf\u00e1ltico y de concreto, con una inversi\u00f3n de 137 millones 772 mil 236 pesos. A la par se moto-conformaron m\u00e1s de 2 millones de metros cuadrados de caminos y terrenos, y se han encalichado con m\u00e1s de 31 mil metros c\u00fabicos de material, con una inversi\u00f3n de 28 millones de pesos. Adem\u00e1s, se plantaron m\u00e1s de mil 300 especies de \u00e1rboles en lugares p\u00fablicos, con una inversi\u00f3n cercana a los 7 millones de pesos. Cabe indicar que estas son partes de las acciones en el rubro de Servicios P\u00fablicos Municipales, anunciadas durante el Tercer Informe de Gobierno de Carmen Lilia Canturosas Villarreal.<\/p>\n\n\n\n<p>INAUGURAN INSTITUTO DE ENERG\u00cdA<br \/>Bajo el objetivo de que alumnos y catedr\u00e1ticos de la Universidad Aut\u00f3noma de Tamaulipas (UAT) se especialicen en el \u00e1mbito de la energ\u00eda, con la misi\u00f3n de ser un faro de innovaci\u00f3n, investigaci\u00f3n y formaci\u00f3n en el campo energ\u00e9tico, la Secretar\u00eda de Desarrollo Energ\u00e9tico, en colaboraci\u00f3n con la Universidad Aut\u00f3noma de Tamaulipas, inaugur\u00f3 el Instituto de Energ\u00eda en la zona sur del estado. Dicho acto fue encabezado por el secretario de Desarrollo Energ\u00e9tico, Jos\u00e9 Ram\u00f3n Silva Arizabalo y el rector de la UAT, D\u00e1maso Anaya Alvarado, mismos que cortaron el list\u00f3n de dicha obra. En su mensaje Silva Arizabalo destac\u00f3 que dicho instituto ser\u00e1 fundamental en la transici\u00f3n energ\u00e9tica, promoviendo la investigaci\u00f3n, la innovaci\u00f3n y la formaci\u00f3n de talento especializado, acentuando que no solo representa un avance acad\u00e9mico y cient\u00edfico, sino tambi\u00e9n un compromiso con el bienestar de las comunidades de la regi\u00f3n<\/p>\n\n\n\n<p>RECIBE LA UAT ACREDITACIONES DE PROGRAMAS EDUCATIVOS<br \/>Constancias de acreditaci\u00f3n de calidad para ocho de sus programas educativos, as\u00ed como certificaciones de calidad para sus bibliotecas centrales y el Centro de Idiomas para la Ni\u00f1ez y la Adolescencia (CeINA), recibi\u00f3 la Universidad Aut\u00f3noma de Tamaulipas (UAT) recibi\u00f3 por parte del Comit\u00e9 de Ciencias Sociales y Administrativas de los Comit\u00e9s Interinstitucionales para la Evaluaci\u00f3n de la Educaci\u00f3n Superior (CIEES). Fue en evento celebrado en Tampico, y encabezado por el rector de la UAT, D\u00e1maso Anaya Alvarado, que se llev\u00f3 a cabo la ceremonia de obtenci\u00f3n de dichos reconocimientos, de la mano del Dr. Jos\u00e9 Alberto Gayt\u00e1n Garc\u00eda, representante del vocal ejecutivo de los CIEES. Dichas constancias de acreditaci\u00f3n se entregaron a los programas de licenciatura en Contador P\u00fablico y Administraci\u00f3n de la Facultad de Comercio y Administraci\u00f3n Tampico; Atenci\u00f3n al Desarrollo y Bienestar Infantil y de Historia y Gesti\u00f3n del Patrimonio Cultural de la Facultad de Ciencias de la Educaci\u00f3n y Humanidades; y a la Licenciatura en Seguridad, Salud y Medio Ambiente de la Unidad Acad\u00e9mica Multidisciplinaria Matamoros. A la vez a los programas de Ingenier\u00eda Civil, Ingenier\u00eda Industrial y de Sistemas, e Ingenier\u00eda en Sistemas Computacionales de la Facultad de Ingenier\u00eda Tampico, e igualmente a las Bibliotecas Centrales de Tampico y Victoria, as\u00ed como al CeINA. Al respecto el rector Anaya Alvarado resalt\u00f3 que la UAT cuenta con el 96.2 por ciento de sus programas de licenciatura certificados, adem\u00e1s de cuatro centros de idiomas y dos bibliotecas centrales, cuyos logros la destacan como la instituci\u00f3n de mayor relevancia en Tamaulipas.LO \u00daLTIMO<br \/>Este viernes se va a llevar a cabo la ceremonia de celebraci\u00f3n del octag\u00e9simo sexto aniversario de la fundaci\u00f3n de la Asociaci\u00f3n de Agentes Aduanales de Nuevo Laredo (AAANLD) motivo por el cual habr\u00e1 festejo en dicho organismo, que ha preparado su presidente, Jos\u00e9 Ignacio \u201cI\u00f1aki\u201d Zaragoza Ambrosi, y donde aparte de los socios agentes aduanales, estar\u00e1n distinguidos invitados\u2026 Ya est\u00e1 todo preparado para que el martes 24 y mi\u00e9rcoles 25 de septiembre se lleve a cabo el Segundo Congreso de Ciencia y Tecnolog\u00eda Aplicada que organiza la Universidad Tecnol\u00f3gica de Nuevo Laredo (UTNL) y el cual habr\u00e1 de llevarse a cabo en el Centro Cultural de Nuevo Laredo. Viene a inaugurarlo la secretaria de Educaci\u00f3n de Tamaulipas, Luc\u00eda Aim\u00e9 Castillo Pastor\u2026 Tienen raz\u00f3n quienes dicen que septiembre se est\u00e1 yendo como agua. En un parpadeo ya nos echamos las dos terceras partes del mes.<\/p>\n","protected":false},"excerpt":{"rendered":"<p>De nueva cuenta usuarios de la autopista Nuevo Laredo-Monterrey sufrieron este jueves las de Ca\u00edn al circular por dicho camino, toda vez que se form\u00f3 un enorme congestionamiento bajando del &hellip; <a href=\"http:\/\/revistalaneta.com.mx\/?p=14164\" class=\"more-link\">Leer m\u00e1s<\/a><\/p>\n","protected":false},"author":1,"featured_media":14163,"comment_status":"open","ping_status":"open","sticky":false,"template":"","format":"standard","meta":{"footnotes":""},"categories":[2,3],"tags":[],"class_list":["post-14164","post","type-post","status-publish","format-standard","has-post-thumbnail","hentry","category-chismorreo","category-opinion","entry"],"_links":{"self":[{"href":"http:\/\/revistalaneta.com.mx\/index.php?rest_route=\/wp\/v2\/posts\/14164","targetHints":{"allow":["GET"]}}],"collection":[{"href":"http:\/\/revistalaneta.com.mx\/index.php?rest_route=\/wp\/v2\/posts"}],"about":[{"href":"http:\/\/revistalaneta.com.mx\/index.php?rest_route=\/wp\/v2\/types\/post"}],"author":[{"embeddable":true,"href":"http:\/\/revistalaneta.com.mx\/index.php?rest_route=\/wp\/v2\/users\/1"}],"replies":[{"embeddable":true,"href":"http:\/\/revistalaneta.com.mx\/index.php?rest_route=%2Fwp%2Fv2%2Fcomments&post=14164"}],"version-history":[{"count":1,"href":"http:\/\/revistalaneta.com.mx\/index.php?rest_route=\/wp\/v2\/posts\/14164\/revisions"}],"predecessor-version":[{"id":14165,"href":"http:\/\/revistalaneta.com.mx\/index.php?rest_route=\/wp\/v2\/posts\/14164\/revisions\/14165"}],"wp:featuredmedia":[{"embeddable":true,"href":"http:\/\/revistalaneta.com.mx\/index.php?rest_route=\/wp\/v2\/media\/14163"}],"wp:attachment":[{"href":"http:\/\/revistalaneta.com.mx\/index.php?rest_route=%2Fwp%2Fv2%2Fmedia&parent=14164"}],"wp:term":[{"taxonomy":"category","embeddable":true,"href":"http:\/\/revistalaneta.com.mx\/index.php?rest_route=%2Fwp%2Fv2%2Fcategories&post=14164"},{"taxonomy":"post_tag","embeddable":true,"href":"http:\/\/revistalaneta.com.mx\/index.php?rest_route=%2Fwp%2Fv2%2Ftags&post=14164"}],"curies":[{"name":"wp","href":"https:\/\/api.w.org\/{rel}","templated":true}]}}