{"id":14182,"date":"2024-09-24T12:54:43","date_gmt":"2024-09-24T12:54:43","guid":{"rendered":"http:\/\/revistalaneta.com.mx\/?p=14182"},"modified":"2024-09-24T12:55:49","modified_gmt":"2024-09-24T12:55:49","slug":"impulsa-carlos-canturosas-dictamen-a-favor-de-pueblos-indigenas-y-afromexicanos","status":"publish","type":"post","link":"http:\/\/revistalaneta.com.mx\/?p=14182","title":{"rendered":"Impulsa Carlos Canturosas dictamen a favor de pueblos ind\u00edgenas y afromexicanos"},"content":{"rendered":"\n<p><\/p>\n\n\n\n<p>Nuevo Laredo, Tamps.- Para reconocer los derechos de los pueblos ind\u00edgenas y afromexicanas, en la C\u00e1mara de Diputados se aprob\u00f3 por unanimidad el dictamen que reforma, adiciona y deroga el art\u00edculo segundo de la Constituci\u00f3n mexicana en materia de estas comunidades.<\/p>\n\n\n\n<p>El diputado federal por el distrito uno con cabecera en Nuevo Laredo, Carlos Canturosas Villarreal, detall\u00f3 que con esta reforma aprobada, se reconocer\u00e1 por primera vez como sujetos de derecho a los pueblos ind\u00edgenas en M\u00e9xico, sector que comprende el 17% de la poblaci\u00f3n nacional con m\u00e1s de 23 millones de habitantes, de acuerdo al Censo de Poblaci\u00f3n y Vivienda 2020.<\/p>\n\n\n\n<p>&#8220;Gracias a esta iniciativa propuesta por el presidente Andr\u00e9s Manuel L\u00f3pez Obrador, los ind\u00edgenas y afromexicanas tendr\u00e1n mayor autonom\u00eda y poder legal para su desarrollo; adem\u00e1s recibir\u00e1n asistencia jur\u00eddica especializada, con int\u00e9rpretes y defensores que respeten su diversidad cultural y ling\u00fc\u00edstica&#8221;, se\u00f1al\u00f3.<\/p>\n\n\n\n<p>Destac\u00f3 que tambi\u00e9n se les incorporar\u00e1 el derecho a la consulta previa con la cual, se les garantiza a estas comunidades que ser\u00e1n consultadas antes de que se tomen<br \/>decisiones que puedan afectar sus territorios, cultura o recursos.<\/p>\n\n\n\n<p>Adem\u00e1s, se promover\u00e1 la preservaci\u00f3n y difusi\u00f3n de sus lenguas y culturas a trav\u00e9s de medios de comunicaci\u00f3n, telecomunicaciones y nuevas tecnolog\u00edas; as\u00ed como mejorar el acceso de ese sector a la comunicaci\u00f3n.<\/p>\n\n\n\n<p>Canturosas Villarreal tambi\u00e9n dio a conocer que por medio del dictamen, se fortalecer\u00e1 el uso de la medicina tradicional ind\u00edgena en el sistema de salud nacional.<\/p>\n\n\n\n<p>Asimismo, se pondr\u00e1 especial \u00e9nfasis en asegurar la igualdad de g\u00e9nero, protegiendo los derechos de las<br \/>mujeres ind\u00edgenas y afromexicanas, y promoviendo su participaci\u00f3n en la vida pol\u00edtica y social; y se garantizar\u00e1n los derechos de las ni\u00f1as, ni\u00f1os, adolescentes y j\u00f3venes ind\u00edgenas y afromexicanos, protegi\u00e9ndolos de la discriminaci\u00f3n y la violencia, especialmente la violencia sexual y de g\u00e9nero.<\/p>\n\n\n\n<p>Este dictamen fue aprobado por 492 votos a favor, cero en contra y ninguna abstenci\u00f3n tanto en lo general como lo particular y as\u00ed, elevar a rango constitucional lo anteriormente mencionado.<\/p>\n\n\n\n<p>Esta reforma es parte de 20 iniciativas presentadas por el presidente Andr\u00e9s Manuel L\u00f3pez Obrador que present\u00f3 en febrero pasado, entre ellas destaca la de Reforma Judicial y que la Guardia Nacional quede adscrita a la SEDENA, iniciativas que ya fueron aprobadas.<\/p>\n","protected":false},"excerpt":{"rendered":"<p>Nuevo Laredo, Tamps.- Para reconocer los derechos de los pueblos ind\u00edgenas y afromexicanas, en la C\u00e1mara de Diputados se aprob\u00f3 por unanimidad el dictamen que reforma, adiciona y deroga el &hellip; <a href=\"http:\/\/revistalaneta.com.mx\/?p=14182\" class=\"more-link\">Leer m\u00e1s<\/a><\/p>\n","protected":false},"author":1,"featured_media":14181,"comment_status":"open","ping_status":"open","sticky":false,"template":"","format":"standard","meta":{"footnotes":""},"categories":[4],"tags":[],"class_list":["post-14182","post","type-post","status-publish","format-standard","has-post-thumbnail","hentry","category-nuevo-laredo","entry"],"_links":{"self":[{"href":"http:\/\/revistalaneta.com.mx\/index.php?rest_route=\/wp\/v2\/posts\/14182","targetHints":{"allow":["GET"]}}],"collection":[{"href":"http:\/\/revistalaneta.com.mx\/index.php?rest_route=\/wp\/v2\/posts"}],"about":[{"href":"http:\/\/revistalaneta.com.mx\/index.php?rest_route=\/wp\/v2\/types\/post"}],"author":[{"embeddable":true,"href":"http:\/\/revistalaneta.com.mx\/index.php?rest_route=\/wp\/v2\/users\/1"}],"replies":[{"embeddable":true,"href":"http:\/\/revistalaneta.com.mx\/index.php?rest_route=%2Fwp%2Fv2%2Fcomments&post=14182"}],"version-history":[{"count":1,"href":"http:\/\/revistalaneta.com.mx\/index.php?rest_route=\/wp\/v2\/posts\/14182\/revisions"}],"predecessor-version":[{"id":14183,"href":"http:\/\/revistalaneta.com.mx\/index.php?rest_route=\/wp\/v2\/posts\/14182\/revisions\/14183"}],"wp:featuredmedia":[{"embeddable":true,"href":"http:\/\/revistalaneta.com.mx\/index.php?rest_route=\/wp\/v2\/media\/14181"}],"wp:attachment":[{"href":"http:\/\/revistalaneta.com.mx\/index.php?rest_route=%2Fwp%2Fv2%2Fmedia&parent=14182"}],"wp:term":[{"taxonomy":"category","embeddable":true,"href":"http:\/\/revistalaneta.com.mx\/index.php?rest_route=%2Fwp%2Fv2%2Fcategories&post=14182"},{"taxonomy":"post_tag","embeddable":true,"href":"http:\/\/revistalaneta.com.mx\/index.php?rest_route=%2Fwp%2Fv2%2Ftags&post=14182"}],"curies":[{"name":"wp","href":"https:\/\/api.w.org\/{rel}","templated":true}]}}