{"id":14208,"date":"2024-09-25T14:15:46","date_gmt":"2024-09-25T14:15:46","guid":{"rendered":"http:\/\/revistalaneta.com.mx\/?p=14208"},"modified":"2024-09-25T14:16:11","modified_gmt":"2024-09-25T14:16:11","slug":"mas-de-2-mil-emprendedores-se-benefician-con-bazares-une","status":"publish","type":"post","link":"http:\/\/revistalaneta.com.mx\/?p=14208","title":{"rendered":"M\u00e1s de 2 mil emprendedores se benefician con bazares UNE"},"content":{"rendered":"\n<p><\/p>\n\n\n\n<p>Nuevo Laredo, Tamps.-Con la finalidad de promover los negocios locales, el Gobierno Municipal a trav\u00e9s de la Secretar\u00eda de Bienestar Social, realiz\u00f3 39 ediciones del \u201cBazar UNE\u201d, durante toda la Administraci\u00f3n Municipal 2021-2024.<\/p>\n\n\n\n<p>Mediante esta iniciativa, se apoy\u00f3 un total de 2 mil 840 expositores para fortalecer sus emprendimientos con espacios para que promocionaran y ofertaran sus servicios y productos como: accesorios, ropa, joyer\u00eda, calzado, personalidades, bisuter\u00eda, juguetes y alimentos.<\/p>\n\n\n\n<p>Liliana Arjona Barocio, secretaria de Bienestar Social, explic\u00f3 que a trav\u00e9s de este programa no s\u00f3lo se beneficia a los comerciantes locales, sino que adem\u00e1s la poblaci\u00f3n tiene la oportunidad de adquirir diversos productos a bajo costo.<\/p>\n\n\n\n<p>\u201cEstos tres a\u00f1os han sido de mucho beneficio para los emprendedores de la ciudad gracias a este programa que no s\u00f3lo fomenta el consumo local, sino que ha sido un punto de encuentro para la comunidad\u201d, expres\u00f3.<\/p>\n\n\n\n<p>Como resultado de este programa, los comerciantes locales tuvieron una derrama econ\u00f3mica superior a los 3 millones de pesos durante la gesti\u00f3n de la alcaldesa Carmen Lilia Canturosas Villarreal.<\/p>\n\n\n\n<p>Adem\u00e1s, el Bazar UNE ofreci\u00f3, a m\u00e1s de 136 mil asistentes, espacios con ambiente familiar, de recreaci\u00f3n y sano esparcimiento en diversos espacios p\u00fablicos como las plazas Sim\u00f3n Bol\u00edvar y Zaragoza, el Parque Viveros, Polyforum La Fe y las explanadas de la Independencia y Esteban Baca Calder\u00f3n.<\/p>\n","protected":false},"excerpt":{"rendered":"<p>Nuevo Laredo, Tamps.-Con la finalidad de promover los negocios locales, el Gobierno Municipal a trav\u00e9s de la Secretar\u00eda de Bienestar Social, realiz\u00f3 39 ediciones del \u201cBazar UNE\u201d, durante toda la &hellip; <a href=\"http:\/\/revistalaneta.com.mx\/?p=14208\" class=\"more-link\">Leer m\u00e1s<\/a><\/p>\n","protected":false},"author":1,"featured_media":14207,"comment_status":"open","ping_status":"open","sticky":false,"template":"","format":"standard","meta":{"footnotes":""},"categories":[4],"tags":[],"class_list":["post-14208","post","type-post","status-publish","format-standard","has-post-thumbnail","hentry","category-nuevo-laredo","entry"],"_links":{"self":[{"href":"http:\/\/revistalaneta.com.mx\/index.php?rest_route=\/wp\/v2\/posts\/14208","targetHints":{"allow":["GET"]}}],"collection":[{"href":"http:\/\/revistalaneta.com.mx\/index.php?rest_route=\/wp\/v2\/posts"}],"about":[{"href":"http:\/\/revistalaneta.com.mx\/index.php?rest_route=\/wp\/v2\/types\/post"}],"author":[{"embeddable":true,"href":"http:\/\/revistalaneta.com.mx\/index.php?rest_route=\/wp\/v2\/users\/1"}],"replies":[{"embeddable":true,"href":"http:\/\/revistalaneta.com.mx\/index.php?rest_route=%2Fwp%2Fv2%2Fcomments&post=14208"}],"version-history":[{"count":1,"href":"http:\/\/revistalaneta.com.mx\/index.php?rest_route=\/wp\/v2\/posts\/14208\/revisions"}],"predecessor-version":[{"id":14209,"href":"http:\/\/revistalaneta.com.mx\/index.php?rest_route=\/wp\/v2\/posts\/14208\/revisions\/14209"}],"wp:featuredmedia":[{"embeddable":true,"href":"http:\/\/revistalaneta.com.mx\/index.php?rest_route=\/wp\/v2\/media\/14207"}],"wp:attachment":[{"href":"http:\/\/revistalaneta.com.mx\/index.php?rest_route=%2Fwp%2Fv2%2Fmedia&parent=14208"}],"wp:term":[{"taxonomy":"category","embeddable":true,"href":"http:\/\/revistalaneta.com.mx\/index.php?rest_route=%2Fwp%2Fv2%2Fcategories&post=14208"},{"taxonomy":"post_tag","embeddable":true,"href":"http:\/\/revistalaneta.com.mx\/index.php?rest_route=%2Fwp%2Fv2%2Ftags&post=14208"}],"curies":[{"name":"wp","href":"https:\/\/api.w.org\/{rel}","templated":true}]}}