{"id":14223,"date":"2024-09-26T11:56:04","date_gmt":"2024-09-26T11:56:04","guid":{"rendered":"http:\/\/revistalaneta.com.mx\/?p=14223"},"modified":"2024-09-26T11:56:22","modified_gmt":"2024-09-26T11:56:22","slug":"presenta-la-contraloria-gubernamental-de-tamaulipas-a-ganadores-del-concurso-estatal-transparencia-en-corto","status":"publish","type":"post","link":"http:\/\/revistalaneta.com.mx\/?p=14223","title":{"rendered":"Presenta la Contralor\u00eda Gubernamental de Tamaulipas a ganadores del concurso estatal \u201cTransparencia en Corto\u201d"},"content":{"rendered":"\n<p><\/p>\n\n\n\n<p><\/p>\n\n\n\n<p>Ciudad Victoria, Tamaulipas. &#8211; La contralora gubernamental del estado de Tamaulipas, Norma Ang\u00e9lica Pedraza Melo, present\u00f3 los resultados del Primer Concurso Estatal \u201cTransparencia en Corto 2024\u201d, como parte de las actividades de Tamaulipas ante la Comisi\u00f3n Permanente de Contralores Estados &#8211; Federaci\u00f3n.<\/p>\n\n\n\n<p>La deliberaci\u00f3n de los trabajos se realiz\u00f3 bajo el an\u00e1lisis de expertos en la materia, resultando ganadores en la categor\u00eda de 15 a 18 a\u00f1os de edad: Primer lugar: Pablo Emiliano Turrubiates Hern\u00e1ndez, con el cortometraje \u201cEl Uso\u201d; y segundo lugar: Karolina Torres V\u00e1zquez, con el cortometraje \u201cLo prometido es deuda\u201d.<\/p>\n\n\n\n<p>En la categor\u00eda de 19 a 25 a\u00f1os de edad, el primer lugar fue para Mar\u00eda Guadalupe Zurita Calixto, con el cortometraje \u201cUn aliado fuera de serie\u201d.<\/p>\n\n\n\n<p>El jurado calificador evalu\u00f3 14 trabajos registrados, considerando que cumplieran con las caracter\u00edsticas de un cortometraje, evaluando la creatividad, el contenido y su impacto social, tal como lo indicaba la convocatoria.<\/p>\n\n\n\n<p>La ceremonia de premiaci\u00f3n tendr\u00e1 lugar el pr\u00f3ximo 25 de septiembre en la cineteca del Centro Cultural Tamaulipas, en Ciudad Victoria.<\/p>\n\n\n\n<p>Los trabajos ganadores pasar\u00e1n a la etapa nacional, que se realizar\u00e1 en el marco de la LXXIII Reuni\u00f3n Nacional de la Comisi\u00f3n Permanente de Contralores Estados \u2013 Federaci\u00f3n.<code> * * *<\/code><\/p>\n","protected":false},"excerpt":{"rendered":"<p>Ciudad Victoria, Tamaulipas. &#8211; La contralora gubernamental del estado de Tamaulipas, Norma Ang\u00e9lica Pedraza Melo, present\u00f3 los resultados del Primer Concurso Estatal \u201cTransparencia en Corto 2024\u201d, como parte de las &hellip; <a href=\"http:\/\/revistalaneta.com.mx\/?p=14223\" class=\"more-link\">Leer m\u00e1s<\/a><\/p>\n","protected":false},"author":1,"featured_media":14222,"comment_status":"open","ping_status":"open","sticky":false,"template":"","format":"standard","meta":{"footnotes":""},"categories":[7],"tags":[],"class_list":["post-14223","post","type-post","status-publish","format-standard","has-post-thumbnail","hentry","category-ciudad-victoria","entry"],"_links":{"self":[{"href":"http:\/\/revistalaneta.com.mx\/index.php?rest_route=\/wp\/v2\/posts\/14223","targetHints":{"allow":["GET"]}}],"collection":[{"href":"http:\/\/revistalaneta.com.mx\/index.php?rest_route=\/wp\/v2\/posts"}],"about":[{"href":"http:\/\/revistalaneta.com.mx\/index.php?rest_route=\/wp\/v2\/types\/post"}],"author":[{"embeddable":true,"href":"http:\/\/revistalaneta.com.mx\/index.php?rest_route=\/wp\/v2\/users\/1"}],"replies":[{"embeddable":true,"href":"http:\/\/revistalaneta.com.mx\/index.php?rest_route=%2Fwp%2Fv2%2Fcomments&post=14223"}],"version-history":[{"count":1,"href":"http:\/\/revistalaneta.com.mx\/index.php?rest_route=\/wp\/v2\/posts\/14223\/revisions"}],"predecessor-version":[{"id":14224,"href":"http:\/\/revistalaneta.com.mx\/index.php?rest_route=\/wp\/v2\/posts\/14223\/revisions\/14224"}],"wp:featuredmedia":[{"embeddable":true,"href":"http:\/\/revistalaneta.com.mx\/index.php?rest_route=\/wp\/v2\/media\/14222"}],"wp:attachment":[{"href":"http:\/\/revistalaneta.com.mx\/index.php?rest_route=%2Fwp%2Fv2%2Fmedia&parent=14223"}],"wp:term":[{"taxonomy":"category","embeddable":true,"href":"http:\/\/revistalaneta.com.mx\/index.php?rest_route=%2Fwp%2Fv2%2Fcategories&post=14223"},{"taxonomy":"post_tag","embeddable":true,"href":"http:\/\/revistalaneta.com.mx\/index.php?rest_route=%2Fwp%2Fv2%2Ftags&post=14223"}],"curies":[{"name":"wp","href":"https:\/\/api.w.org\/{rel}","templated":true}]}}