{"id":14241,"date":"2024-09-26T12:06:35","date_gmt":"2024-09-26T12:06:35","guid":{"rendered":"http:\/\/revistalaneta.com.mx\/?p=14241"},"modified":"2024-09-26T12:06:46","modified_gmt":"2024-09-26T12:06:46","slug":"impulsa-carlos-canturosas-iniciativas-a-favor-de-la-seguridad-y-bienestar-de-los-ciudadanos","status":"publish","type":"post","link":"http:\/\/revistalaneta.com.mx\/?p=14241","title":{"rendered":"Impulsa Carlos Canturosas iniciativas a favor de la seguridad y bienestar de los ciudadanos"},"content":{"rendered":"\n<p><\/p>\n\n\n\n<p>CDMX.- Con el objetivo de establecer a la Guardia Nacional como una fuerza de seguridad p\u00fablica adscrita a la Secretar\u00eda de la Defensa Nacional (SEDENA), el pleno de la C\u00e1mara de Diputados aval\u00f3 en lo general y en lo particular por mayor\u00eda calificada de 353 votos a favor y 126 en contra, el dictamen que pone bajo un mando militar a ese instituto.<\/p>\n\n\n\n<p>El diputado federal del Distrito Uno en Nuevo Laredo, Carlos Canturosas Villarreal, se\u00f1al\u00f3 que esta propuesta nace debido a que el 74% de la poblaci\u00f3n percibio\u0301 como \u201cefectivo\u201d o \u201cmuy efectivo\u201d el desempe\u00f1o de la Guardia Nacional en sus labores para prevenir y combatir la delincuencia, de acuerdo a la Encuesta Nacional de Seguridad P\u00fablica Urbana (ENSU) del Instituto Nacional de Estad\u00edstica y Geograf\u00eda (INEGI) al segundo trimestre de 2024.<\/p>\n\n\n\n<p>\u201cEl dictamen viene a fortalecer todo lo que tiene que ver con la seguridad, este cuerpo no operar\u00e1 como el ej\u00e9rcito, sino que su formaci\u00f3n y preparaci\u00f3n ser\u00e1 de car\u00e1cter militar pero actuar\u00e1 como instituci\u00f3n policial\u201d, detall\u00f3.<\/p>\n\n\n\n<p>Explic\u00f3 que con esta reforma se facilitar\u00e1 la coordinaci\u00f3n y colaboraci\u00f3n de esta instituci\u00f3n con el Ej\u00e9rcito, la Armada y la Fuerza A\u00e9rea cuando estos participen en tareas de apoyo a la seguridad p\u00fablica.<\/p>\n\n\n\n<p>El dictamen define a la Guardia Nacional como una fuerza policial de car\u00e1cter permanente, de origen, formaci\u00f3n y adiestramiento a cargo de las fuerzas castrenses, complement\u00e1ndose a su vez con la profesionalizaci\u00f3n, valores y filosof\u00eda de car\u00e1cter estrictamente civil, con la cual cuenta la Federaci\u00f3n para ejecutar la Estrategia Nacional de Seguridad P\u00fablica, lo cual garantizar\u00e1 que las acciones de seguridad p\u00fablica a cargo de los elementos de la Guardia Nacional se realicen con estricto apego a la legalidad y respetando los derechos humanos.<\/p>\n\n\n\n<p>Asimismo, la Guardia Nacional podr\u00e1 coadyuvar en la investigaci\u00f3n de los delitos bajo la conducci\u00f3n y mando del Ministerio P\u00fablico.<\/p>\n\n\n\n<p>Tambi\u00e9n precisa que la Secretar\u00eda de Seguridad y Protecci\u00f3n Ciudadana formulara\u0301 la Estrategia Nacional de Seguridad P\u00fablica, y los programas, pol\u00edticas y acciones respectivos, as\u00ed como reconocer que los miembros de la Guardia Nacional tendr\u00e1n los mismos derechos y prestaciones laborales que los integrantes de las Fuerzas Armadas.<\/p>\n\n\n\n<p>Adem\u00e1s, establece que el Estado proporcionara\u0301 a los miembros en activo de la Guardia Nacional las prestaciones referentes a la vivienda en t\u00e9rminos similares que a militares y marinos a trav\u00e9s del organismo encargado de la seguridad social de los miembros de las Fuerzas Armadas.<\/p>\n\n\n\n<p>La reforma constitucional en materia de Guardia Nacional ya se turn\u00f3 al Senado para su tr\u00e1mite legislativo.<\/p>\n","protected":false},"excerpt":{"rendered":"<p>CDMX.- Con el objetivo de establecer a la Guardia Nacional como una fuerza de seguridad p\u00fablica adscrita a la Secretar\u00eda de la Defensa Nacional (SEDENA), el pleno de la C\u00e1mara &hellip; <a href=\"http:\/\/revistalaneta.com.mx\/?p=14241\" class=\"more-link\">Leer m\u00e1s<\/a><\/p>\n","protected":false},"author":1,"featured_media":14240,"comment_status":"open","ping_status":"open","sticky":false,"template":"","format":"standard","meta":{"footnotes":""},"categories":[4],"tags":[],"class_list":["post-14241","post","type-post","status-publish","format-standard","has-post-thumbnail","hentry","category-nuevo-laredo","entry"],"_links":{"self":[{"href":"http:\/\/revistalaneta.com.mx\/index.php?rest_route=\/wp\/v2\/posts\/14241","targetHints":{"allow":["GET"]}}],"collection":[{"href":"http:\/\/revistalaneta.com.mx\/index.php?rest_route=\/wp\/v2\/posts"}],"about":[{"href":"http:\/\/revistalaneta.com.mx\/index.php?rest_route=\/wp\/v2\/types\/post"}],"author":[{"embeddable":true,"href":"http:\/\/revistalaneta.com.mx\/index.php?rest_route=\/wp\/v2\/users\/1"}],"replies":[{"embeddable":true,"href":"http:\/\/revistalaneta.com.mx\/index.php?rest_route=%2Fwp%2Fv2%2Fcomments&post=14241"}],"version-history":[{"count":1,"href":"http:\/\/revistalaneta.com.mx\/index.php?rest_route=\/wp\/v2\/posts\/14241\/revisions"}],"predecessor-version":[{"id":14242,"href":"http:\/\/revistalaneta.com.mx\/index.php?rest_route=\/wp\/v2\/posts\/14241\/revisions\/14242"}],"wp:featuredmedia":[{"embeddable":true,"href":"http:\/\/revistalaneta.com.mx\/index.php?rest_route=\/wp\/v2\/media\/14240"}],"wp:attachment":[{"href":"http:\/\/revistalaneta.com.mx\/index.php?rest_route=%2Fwp%2Fv2%2Fmedia&parent=14241"}],"wp:term":[{"taxonomy":"category","embeddable":true,"href":"http:\/\/revistalaneta.com.mx\/index.php?rest_route=%2Fwp%2Fv2%2Fcategories&post=14241"},{"taxonomy":"post_tag","embeddable":true,"href":"http:\/\/revistalaneta.com.mx\/index.php?rest_route=%2Fwp%2Fv2%2Ftags&post=14241"}],"curies":[{"name":"wp","href":"https:\/\/api.w.org\/{rel}","templated":true}]}}