{"id":14247,"date":"2024-09-26T12:17:23","date_gmt":"2024-09-26T12:17:23","guid":{"rendered":"http:\/\/revistalaneta.com.mx\/?p=14247"},"modified":"2024-09-26T12:17:38","modified_gmt":"2024-09-26T12:17:38","slug":"invita-gobierno-municipal-a-concierto-nuestro-mexico-en-la-casa-longoria","status":"publish","type":"post","link":"http:\/\/revistalaneta.com.mx\/?p=14247","title":{"rendered":"Invita Gobierno Municipal a concierto &#8216;Nuestro M\u00e9xico&#8221; en la Casa Longoria"},"content":{"rendered":"\n<p><\/p>\n\n\n\n<p>Nuevo Laredo, Tamps.- Dentro del marco conmemorativo del mes patrio, el Gobierno Municipal a trav\u00e9s de la Direcci\u00f3n de Arte y Cultura, invita a los neolaredenses a acudir al concierto \u201cNuestro M\u00e9xico\u201d en el que se mostrar\u00e1 un nuevo repertorio de la Centenaria Banda Municipal.<\/p>\n\n\n\n<p>Esta actividad se realiza para dar a conocer y poner al alcance de la ciudadan\u00eda una producci\u00f3n art\u00edstica y cultural con ense\u00f1anzas de un nivel superior que se impartieron en el Taller de M\u00fasica a cargo de Mar\u00eda Antonia Gonz\u00e1lez G\u00f3mez, quien es egresada de la Facultad de M\u00fasica y Artes de la Universidad Aut\u00f3noma de Tamaulipas.<\/p>\n\n\n\n<p>El director municipal de Arte y Cultura, Felipe Flores Montemayor, destac\u00f3 la carrera de Gonz\u00e1lez G\u00f3mez por su preparaci\u00f3n con expertos en la materia, continuando su formaci\u00f3n en Argentina y Espa\u00f1a, adem\u00e1s de obtener el segundo lugar en el concurso Nacional de directores de orquesta organizado por el Sistema Nacional de Fomento musical.<\/p>\n\n\n\n<p>\u201cEs importante continuar con la capacitaci\u00f3n de nuestros elementos y as\u00ed lograr que la Centenaria Banda Municipal ampl\u00ede su repertorio y ofrezca un mayor espect\u00e1culo y de alto nivel para los neolaredenses\u201d, manifest\u00f3.<\/p>\n\n\n\n<p>El funcionario mencion\u00f3 que Mar\u00eda Antonia Gonz\u00e1lez G\u00f3mez es la fundadora de de la Orquesta Filarm\u00f3nica del Espacio Cultural Metropolitano en Tampico, Tamaulipas y fue de 2019 a 2023, directora titular de la Orquesta Sinf\u00f3nica de la Universidad Aut\u00f3noma de Tamaulipas.<\/p>\n\n\n\n<p>El evento tendr\u00e1 lugar en los patios de la Casa Longoria, ser\u00e1 el s\u00e1bado 28 de septiembre a partir de las 7:00 PM y la entrada ser\u00e1 gratuita.<\/p>\n","protected":false},"excerpt":{"rendered":"<p>Nuevo Laredo, Tamps.- Dentro del marco conmemorativo del mes patrio, el Gobierno Municipal a trav\u00e9s de la Direcci\u00f3n de Arte y Cultura, invita a los neolaredenses a acudir al concierto &hellip; <a href=\"http:\/\/revistalaneta.com.mx\/?p=14247\" class=\"more-link\">Leer m\u00e1s<\/a><\/p>\n","protected":false},"author":1,"featured_media":14246,"comment_status":"open","ping_status":"open","sticky":false,"template":"","format":"standard","meta":{"footnotes":""},"categories":[4],"tags":[],"class_list":["post-14247","post","type-post","status-publish","format-standard","has-post-thumbnail","hentry","category-nuevo-laredo","entry"],"_links":{"self":[{"href":"http:\/\/revistalaneta.com.mx\/index.php?rest_route=\/wp\/v2\/posts\/14247","targetHints":{"allow":["GET"]}}],"collection":[{"href":"http:\/\/revistalaneta.com.mx\/index.php?rest_route=\/wp\/v2\/posts"}],"about":[{"href":"http:\/\/revistalaneta.com.mx\/index.php?rest_route=\/wp\/v2\/types\/post"}],"author":[{"embeddable":true,"href":"http:\/\/revistalaneta.com.mx\/index.php?rest_route=\/wp\/v2\/users\/1"}],"replies":[{"embeddable":true,"href":"http:\/\/revistalaneta.com.mx\/index.php?rest_route=%2Fwp%2Fv2%2Fcomments&post=14247"}],"version-history":[{"count":1,"href":"http:\/\/revistalaneta.com.mx\/index.php?rest_route=\/wp\/v2\/posts\/14247\/revisions"}],"predecessor-version":[{"id":14248,"href":"http:\/\/revistalaneta.com.mx\/index.php?rest_route=\/wp\/v2\/posts\/14247\/revisions\/14248"}],"wp:featuredmedia":[{"embeddable":true,"href":"http:\/\/revistalaneta.com.mx\/index.php?rest_route=\/wp\/v2\/media\/14246"}],"wp:attachment":[{"href":"http:\/\/revistalaneta.com.mx\/index.php?rest_route=%2Fwp%2Fv2%2Fmedia&parent=14247"}],"wp:term":[{"taxonomy":"category","embeddable":true,"href":"http:\/\/revistalaneta.com.mx\/index.php?rest_route=%2Fwp%2Fv2%2Fcategories&post=14247"},{"taxonomy":"post_tag","embeddable":true,"href":"http:\/\/revistalaneta.com.mx\/index.php?rest_route=%2Fwp%2Fv2%2Ftags&post=14247"}],"curies":[{"name":"wp","href":"https:\/\/api.w.org\/{rel}","templated":true}]}}