{"id":14250,"date":"2024-09-26T12:20:36","date_gmt":"2024-09-26T12:20:36","guid":{"rendered":"http:\/\/revistalaneta.com.mx\/?p=14250"},"modified":"2024-09-26T12:21:16","modified_gmt":"2024-09-26T12:21:16","slug":"consumados-es-luisa-maria-nueva-lider-nacional-de-morena","status":"publish","type":"post","link":"http:\/\/revistalaneta.com.mx\/?p=14250","title":{"rendered":"CONSUMADOS ES; LUISA MAR\u00cdA, NUEVA L\u00cdDER NACIONAL DE MORENA"},"content":{"rendered":"\n<p><br>Tal y como era de esperarse, Luisa Mar\u00eda Alcalde Luj\u00e1n fue electa como la nueva presidenta del comit\u00e9 nacional del Movimiento de Regeneraci\u00f3n Nacional (MORENA), aunque eso s\u00ed, hubo sorpresa en la designaci\u00f3n de la secretaria general, pue sen este sentido qued\u00f3 la michoacana Carolina Rangel Gracida, siendo que inicialmente se pensaba que quedar\u00eda en esa posici\u00f3n Andr\u00e9s L\u00f3pez Beltr\u00e1n, hijo del presidente Andr\u00e9s Manuel L\u00f3pez Obrador, y quien finalmente qued\u00f3 como secretario de organizaci\u00f3n. La dirigencia nacional de MORENA la complementan Iv\u00e1n Herrera Zazueta, como secretario de Finanzas; Aar\u00f3n Enr\u00edquez Garc\u00eda, como secretario de J\u00f3venes; Camila Mart\u00ednez Guti\u00e9rrez, como secretaria de Comunicaci\u00f3n; Manuel Alejandro G\u00f3mez Robles, como secretario de Mexicanos en el Exterior; Arturo Mart\u00ednez N\u00fa\u00f1ez, como secretario de Arte y Cultura, as\u00ed como Manuel Zavala Salar, como secretario de Movimientos Sociales.<\/p>\n\n\n\n<p>PRESENTE NUEVO LAREDO EN LA CONVENCI\u00d3N DE MORENA<br \/>Por cierto que los nueve consejeros nacionales de MORENA oriundos de Nuevo Laredo hicieron presencia en dicho acto, a la par con la gran mayor\u00eda de consejeros a nivel nacional, pues en este sentido en el partido guinda fueron muy enf\u00e1ticos de que los quer\u00edan a todos en la asamblea. Por lo tanto, ah\u00ed se vio a la alcaldesa Carmen Lilia Canturosas Villarreal; al diputado federal, Carlos Canturosas Villarreal; la s\u00edndica Imelda Mangin Torre; la diputada local, Gabriela Regalado Fuentes; la regidora Nubia Lizeth Almaguer; la regidora electa, Leticia Meneses Camino; adem\u00e1s de \u00c1lvaro Morales Garc\u00eda, Oscar Alarc\u00f3n Santos, Oliver Gurri\u00f3n Pavi\u00e1n. Hay que recordar que a nivel local son nueve los consejeros nacionales, pues tras la muerte de Jorge Valdez Vargas, dicha posici\u00f3n se la dieron a alguien del sur del estado, quit\u00e1ndosela as\u00ed a Nuevo Laredo, en un robo que no ha quedado del todo claro.<\/p>\n\n\n\n<p>\u00bfCAMBIOS EN LA CTM DE NUEVO LAREDO?<br \/>A nueve a\u00f1os de que F\u00e9lix Alberto Alem\u00e1n asumi\u00f3 la dirigencia de la CTM en Nuevo Laredo, al interior de dicha central obrera ya empiezan a escucharse voces sobre un posible relevo, m\u00e1s que nada al considerarse que F\u00e9lix no ha estado inyect\u00e1ndole \u00e1nimo a su labor como l\u00edder, pues de hecho ni se deja ver, y solo despacha en ciertas horas y d\u00edas en su oficina. Aparte de que ya va a cumplir el per\u00edodo por el cual fue reelecto, y por lo tanto se avecina una nueva elecci\u00f3n interna. Al respecto hay varios tiradores al cargo de la dirigencia local, pero es claro que primero tiene que haber una reuni\u00f3n de l\u00edderes de las diversas organizaciones, para ver qu\u00e9 rumbo se va a tomar. Y sobre todo que se rindan cuentas de lo que se ha hecho hasta el momento. Pero de que se avizoran vientos de cambio al interior de la CTM de Nuevo Laredo, vaya que se avizoran.<\/p>\n\n\n\n<p>CELEBRAR\u00c1N TERCERA FERIA DEL EMPLEO<br \/>Para este pr\u00f3ximo mi\u00e9rcoles 25 de septiembre se llevar\u00e1 a cabo la Tercera Feria del Empleo 2024, esto en el Centro C\u00edvico de Nuevo Laredo, en horario de nueve de la ma\u00f1ana a dos de la tarde. El evento es organizado por el Gobierno Municipal de Nuevo Laredo, a trav\u00e9s de la Secretar\u00eda de Desarrollo Econ\u00f3mico, y en el mismo se van a ofertas cientos de empleos por parte de diversas empresas de la localidad, para las personas interesadas en ocuparse, y para lo cual se les pide que asistan con curriculum en mano, ya que lo m\u00e1s seguro es que consigan un empleo en dicho evento.<\/p>\n\n\n\n<p>EXITOSO EVENTO DE ANIVERSARIO DE LA AAANLD<br \/>Exitosa y concurrida estuvo la ceremonia del 86 aniversario de la fundaci\u00f3n de la Asociaci\u00f3n de Agentes Aduanales de Nuevo Laredo (AAANLD), que preside I\u00f1aki Zaragoza Ambrosi, y quien en este sentido result\u00f3 un gran anfitri\u00f3n, y con gran poder de convocatoria, pues aparte de que congreg\u00f3 a la gran mayor\u00eda de agentes aduanales, tambi\u00e9n reuni\u00f3n a importantes personalidades de la sociedad civil, empezando por la alcaldesa Carmen Lilia Canturosas Villarreal. De esta manera la AAANLD se consolida como el organismo m\u00e1s representativo del sector empresarial neolaredense.<\/p>\n\n\n\n<p>CELEBRA LA UAT REUNI\u00d3N DE DIRECTORES<br \/>En el marco de la s\u00e9ptima Reuni\u00f3n Ordinaria del Colegio de Directores de la Universidad Aut\u00f3noma de Tamaulipas (UAT), el rector de la misma, D\u00e1maso Anaya Alvarado, hizo un recuento de los recientes avances de su gesti\u00f3n, resaltando las alianzas estrat\u00e9gicas con la petrolera Woodside y el inicio de relaciones con la Embajada de Australia para establecer programas de investigaci\u00f3n y movilidad acad\u00e9mica. Asimismo, se habl\u00f3 sobre impulsar temas para el desarrollo acad\u00e9mico y tecnol\u00f3gico, tales como optimizar la gesti\u00f3n docente dentro de la Universidad, mejorar los procesos educativos, adem\u00e1s de otros relacionados con la eficiencia en la ense\u00f1anza y la aplicaci\u00f3n de nuevas tecnolog\u00edas que beneficien tanto a docentes como a estudiantes universitarios. En esta reuni\u00f3n participaron los titulares de las 26 facultades, unidades acad\u00e9micas y escuelas, que la UAT tiene en todo el estado.<\/p>\n\n\n\n<p>LO PEN\u00daLTIMO<br \/>Siguen los cambios en el organigrama de la Secretar\u00eda de Educaci\u00f3n de Tamaulipas (SET). Ahora toc\u00f3 el turno de designar nueva directora de la Universidad Polit\u00e9cnica de Victoria (UPV), siendo Abril Alejandra Ram\u00edrez Erazo, la favorecida\u2026 El recientemente designado director del Tecnol\u00f3gico de Ciudad Madero, Juan Dionisio Cruz Guerrero, est\u00e1 siendo acusado de desalojar ilegalmente a la concesionaria del restaurante de dicho plantel educativo. La propia afectada, Ana Bel\u00e9n Azpeitia, denunci\u00f3 los hechos a trav\u00e9s de un video, y exige se le haga justicia. Cabe indicar que Juan Dionisio es esposo de la diputada local \u00darsula Patricia Salazar Mojica\u2026 Este pr\u00f3ximo martes es la inauguraci\u00f3n del Segundo Congreso de Ciencias y Tecnolog\u00eda Aplicada que realiza la Universidad Tecnol\u00f3gica de Nuevo Laredo en el Centro Cultural de Nuevo Laredo, y donde estar\u00e1n ponentes de m\u00e1s de 20 pa\u00edses que hablar\u00e1n sobre todo lo que se avecina en el \u00e1mbito de la ciencia y tecnolog\u00eda. Es un evento que no se puede dejar de verlo.<\/p>\n\n\n\n<p>LO \u00daLTIMO<br \/>Muchas felicidades a mi compadre y amigo Gabriel Gonz\u00e1lez Valverde, quien este lunes est\u00e1 cumpliendo un a\u00f1o m\u00e1s de vida, al igual que al maestro de la UTNL, Filadelfo Medell\u00edn. \u00a1Muchos m\u00e1s d\u00edas de estos para ambos!\u2026 Muy felicitada estuvo este domingo la senadora Olga Sosa Ruiz, con motivo de su cumplea\u00f1os. \u00a1Enhorabuena!\u2026 Contin\u00faa la labor social de la Fundaci\u00f3n \u201cCarlos E. Cant\u00fa Rosas\u201d, que preside la se\u00f1ora Claudette Villarreal Viuda de Canturosas, y quien el pasado fin de semana llev\u00f3 a cabo la entrega de alimentos y \u00fatiles escolares a diversas personas. Constantemente dicha fundaci\u00f3n realiza este tipo de apoyos entre quienes menos tienen\u2026 Quedaron concluidos los trabajos de restauraci\u00f3n del gimnasio de la Nueva Ciudad Deportiva, y el cual qued\u00f3 muy bien, con nuevas butacas, una cancha m\u00e1s amplia y sobre todo con climatizaci\u00f3n. Se espera pronto llevar a cabo su inauguraci\u00f3n\u2026 Este lunes es el d\u00eda 266 del a\u00f1o, por lo que estamos justamente a 100 d\u00edas de que concluya el presente a\u00f1o. No hay que olvidar que es a\u00f1o bisiesto.<\/p>\n","protected":false},"excerpt":{"rendered":"<p>Tal y como era de esperarse, Luisa Mar\u00eda Alcalde Luj\u00e1n fue electa como la nueva presidenta del comit\u00e9 nacional del Movimiento de Regeneraci\u00f3n Nacional (MORENA), aunque eso s\u00ed, hubo sorpresa &hellip; <a href=\"http:\/\/revistalaneta.com.mx\/?p=14250\" class=\"more-link\">Leer m\u00e1s<\/a><\/p>\n","protected":false},"author":1,"featured_media":14249,"comment_status":"open","ping_status":"open","sticky":false,"template":"","format":"standard","meta":{"footnotes":""},"categories":[2,3],"tags":[],"class_list":["post-14250","post","type-post","status-publish","format-standard","has-post-thumbnail","hentry","category-chismorreo","category-opinion","entry"],"_links":{"self":[{"href":"http:\/\/revistalaneta.com.mx\/index.php?rest_route=\/wp\/v2\/posts\/14250","targetHints":{"allow":["GET"]}}],"collection":[{"href":"http:\/\/revistalaneta.com.mx\/index.php?rest_route=\/wp\/v2\/posts"}],"about":[{"href":"http:\/\/revistalaneta.com.mx\/index.php?rest_route=\/wp\/v2\/types\/post"}],"author":[{"embeddable":true,"href":"http:\/\/revistalaneta.com.mx\/index.php?rest_route=\/wp\/v2\/users\/1"}],"replies":[{"embeddable":true,"href":"http:\/\/revistalaneta.com.mx\/index.php?rest_route=%2Fwp%2Fv2%2Fcomments&post=14250"}],"version-history":[{"count":1,"href":"http:\/\/revistalaneta.com.mx\/index.php?rest_route=\/wp\/v2\/posts\/14250\/revisions"}],"predecessor-version":[{"id":14251,"href":"http:\/\/revistalaneta.com.mx\/index.php?rest_route=\/wp\/v2\/posts\/14250\/revisions\/14251"}],"wp:featuredmedia":[{"embeddable":true,"href":"http:\/\/revistalaneta.com.mx\/index.php?rest_route=\/wp\/v2\/media\/14249"}],"wp:attachment":[{"href":"http:\/\/revistalaneta.com.mx\/index.php?rest_route=%2Fwp%2Fv2%2Fmedia&parent=14250"}],"wp:term":[{"taxonomy":"category","embeddable":true,"href":"http:\/\/revistalaneta.com.mx\/index.php?rest_route=%2Fwp%2Fv2%2Fcategories&post=14250"},{"taxonomy":"post_tag","embeddable":true,"href":"http:\/\/revistalaneta.com.mx\/index.php?rest_route=%2Fwp%2Fv2%2Ftags&post=14250"}],"curies":[{"name":"wp","href":"https:\/\/api.w.org\/{rel}","templated":true}]}}