{"id":14256,"date":"2024-09-26T12:25:52","date_gmt":"2024-09-26T12:25:52","guid":{"rendered":"http:\/\/revistalaneta.com.mx\/?p=14256"},"modified":"2024-09-26T12:26:29","modified_gmt":"2024-09-26T12:26:29","slug":"exsenador-de-victimario-a-victima","status":"publish","type":"post","link":"http:\/\/revistalaneta.com.mx\/?p=14256","title":{"rendered":"EXSENADOR, DE VICTIMARIO A V\u00cdCTIMA"},"content":{"rendered":"\n<p><br>La dirigencia estatal del Partido Acci\u00f3n Nacional (PAN) difundi\u00f3 una carta del exsenador tamaulipeco Ismael Garc\u00eda Cabeza de Vaca, quien se queja de persecuci\u00f3n pol\u00edtica por parte del gobierno del estado, en algo que la verdad es de risa. Y es que ahora Ismael dice ser v\u00edctima, cuando antes fue victimario, pues todos sabemos que cuando su hermano Francisco Garc\u00eda Cabeza de Vaca ostent\u00f3 el cargo de gobernador, \u00e9l hizo lo que quiso, abus\u00f3 de su poder y junto a su fraterno aplicaron una verdadera persecuci\u00f3n pol\u00edtica contra sus adversarios. \u00bfO ya se le olvid\u00f3 a Ismael que su hermano quiso arrestar a Am\u00e9rico Villarreal Anaya, cuando este ya era gobernador electo? \u00bfO la persecuci\u00f3n que hizo en contra de Carlos Canturosas Villarreal, contra Leticia Salazar V\u00e1zquez y muchos otros m\u00e1s? Por eso siempre he dicho que donde m\u00e1s aplica el karma, es en la pol\u00edtica, y por eso los pol\u00edticos deben entender que los carniceros de hoy, ser\u00e1n las reses del ma\u00f1ana, pues tarde o temprano dejar\u00e1n el poder, y entonces se les voltear\u00e1n las cosas. As\u00ed de simple.<\/p>\n\n\n\n<p>EMOTIVA CEREMONIA EN HONOR A CATARINO GARZA<br \/>Muy emotiva result\u00f3 la ceremonia de repatriaci\u00f3n de los restos y develaci\u00f3n de una estatua del revolucionario tamaulipeco, Catarino Garza Rodr\u00edguez, celebrada este lunes en la ciudad de Matamoros, y encabezada por el presidente de M\u00e9xico, Andr\u00e9s Manuel L\u00f3pez Obrador, quien es admirador del pr\u00f3cer matamorense, a tal grado que escribi\u00f3 un libro sobre su historia. En el evento el mandatario nacional estuvo acompa\u00f1ado de su esposa, Beatriz Guti\u00e9rrez M\u00fcller y la presidenta electa, Claudia Sheinbaum pardo, adem\u00e1s del gobernador de Tamaulipas, Am\u00e9rico Villarreal Anaya, adem\u00e1s de mandos militares, autoridades c\u00edvicas y familiares del homenajeado, de quien se trajeron sus restos de Panam\u00e1. Este acto representa el \u00faltimo que L\u00f3pez Obrador encabeza en Tamaulipas, como presidente del pa\u00eds, pues el pr\u00f3ximo lunes culmina su mandato.<\/p>\n\n\n\n<p>APRUEBA CABILDO OTRAS 15 OBRAS M\u00c1S<br \/>Obras de infraestructura educativa, electrificaci\u00f3n y drenaje sanitario, fueron aprobadas por el Cabildo de Nuevo Laredo en su m\u00e1s reciente sesi\u00f3n, para lo cual se destin\u00f3 un presupuesto de 38 millones 402 mil 588 pesos. Son un total de 15 obras que forman parte del Segundo Paquete de Obras Correspondientes al Fondo de Infraestructura Social Municipal, Ramo 33 del ejercicio 2024, y que se aplicar\u00e1n en zonas de atenci\u00f3n prioritaria, establecidas por el Consejo Nacional de Evaluaci\u00f3n de la Pol\u00edtica de Desarrollo Social (CONEVAL). Se especific\u00f3 que son cuatro obras de drenaje sanitario a efectuarse en las colonias Mirador y Las Torres, Hip\u00f3dromo, Unidad Nacional y La Fe; y Villas La Fe, con presupuesto 26 millones 694 mil 945.44 pesos. Asimismo, una obra de electrificaci\u00f3n en la colonia San Roberto con inversi\u00f3n de 966 mil 718.96 pesos, y 10 obras de infraestructura educativa, en escuelas de las colonias Reforma Urbana, Voluntad y Trabajo 4, 20 de Noviembre, Las Torres, Mirador, Palacios, Francisco Villa, El Campanario, Granjas Regina y Nueva Era, con un monto de 10 millones 740 mil 923.60 pesos.<\/p>\n\n\n\n<p>GRAN \u00c9XITO DEL MARAT\u00d3N BINACIONAL<br \/>Todo un \u00e9xito result\u00f3 el Marat\u00f3n Binacional 21K Dos Laredos \u201cLa Carrera de las Fronteras\u201d, en el cual tomaron parte 560 corredores de los Dos Laredos y \u00e1reas circunvecinas. Dicho evento fue organizado coordinadamente por el Gobierno Municipal de Nuevo Laredo y la Ciudad de Laredo, y se llev\u00f3 a cabo en las modalidades de 5k, 10K y 21K, as\u00ed como tambi\u00e9n hubo caminata. Los ganadores fueron del estado de Coahuila, siendo estos Victor Hugo Bracamontes y Nora Leticia Jim\u00e9nez, quienes ganaron en sus respectivas ramas. Al t\u00e9rmino del evento se llev\u00f3 a cabo un festival en la explanada Independencia del Palacio Federal, que fue la meta del evento. Esta es la segunda ocasi\u00f3n que se lleva a cabo este marat\u00f3n, que se espera hacerlo tradici\u00f3n a\u00f1o con a\u00f1o.<\/p>\n\n\n\n<p>CONTIN\u00daA EL MAL SERVICIO DE VEOLIA<br \/>Siguen los problemas de mal servicio de la empresa Veolia, que est\u00e1 a cargo del servicio de limpieza en Nuevo Laredo. La principal queja de los ciudadanos es que los camiones no est\u00e1n pasando a recolectar los desperdicios. Y esto se debe a que a la referida compa\u00f1\u00eda ya les vale cacahuate, pues ya se van, de hecho terminan su contrato el 30 de septiembre, a la par con la conclusi\u00f3n de la presente administraci\u00f3n. Se supone que viene una nueva empresa, pero no se sabe s\u00ed entrar\u00e1 en funciones inmediatamente en octubre, pues de no ser as\u00ed, vamos a tener serios problemas de acumulaci\u00f3n de basura. Esperemos que las autoridades municipales aclaren esta situaci\u00f3n en breve.<\/p>\n\n\n\n<p>INAUGURA ESTE MARTES LA UTNL IMPORTANTE CONGRESO<br \/>Este martes es la inauguraci\u00f3n del Segundo Congreso de Ciencia y Tecnolog\u00eda Aplicada que organiza la Universidad Tecnol\u00f3gica de Nuevo Laredo (UTNL). Empieza en punto de las 11 de la ma\u00f1ana en el Centro Cultural de Nuevo Laredo y ser\u00e1 inaugurado por la secretaria de Educaci\u00f3n de Tamaulipas, Luc\u00eda Aim\u00e9 Castillo Pastor, as\u00ed como por la alcaldesa Carmen Lilia Canturosas Villarreal. Se ofrecer\u00e1n un total de 26 conferencias, as\u00ed como diversos paneles, en los cuales participar\u00e1n ponentes de diversos pa\u00edses tales como Estados Unidos, Jap\u00f3n, Rusia, Cuba, Espa\u00f1a, Austria, L\u00edbano, Belice, Chile, Brasil, Argentina, M\u00e9xico y muchos otros m\u00e1s, aparte que se tendr\u00e1n representantes de la UNESCO y la CEPAL, que abordar\u00e1n temas sobre los avances en computaci\u00f3n, nanotecnolog\u00eda industria 4.0, neurociencia, la agenda 2030, biolog\u00eda molecular, ingenier\u00eda, electr\u00f3nica, astronom\u00eda y muchos otros relacionados con la ciencia y tecnolog\u00eda. El evento ser\u00e1 en el Centro Cultural de Nuevo Laredo, tanto en el teatro principal como el experimental y adem\u00e1s habr\u00e1 dos sedes alternas en los hoteles Holiday Inn y Real Inn. Todos est\u00e1n invitados.<\/p>\n\n\n\n<p>PONE EN MARCHA LA UAT LA SEXTA SEMANA DE CIBERSEGURIDAD<br \/>La Sexta Semana de Ciberseguridad denominada \u201cProt\u00e9gete de los peligros de Internet\u201d, fue inaugurada por la Universidad Aut\u00f3noma de Tamaulipas (UAT). Correspondi\u00f3 al propio rector de la m\u00e1xima casa de estudios de la entidad, D\u00e1maso Anaya Alvarado, poner en marcha tan importante evento que comprende talleres y conferencias presenciales y virtuales, y que se estar\u00e1n desarrollado hasta el viernes 27 de septiembre. En su mensaje el rector Anaya Alvarado destac\u00f3 que dicho encuentro es una valiosa oportunidad para seguirse preparando en los temas de la ciberseguridad y el uso responsable del manejo de datos e informaci\u00f3n. Cabe indicar que en el evento se cont\u00f3 con la participaci\u00f3n por videoconferencia del Maestro Jos\u00e9 Luis Ponce L\u00f3pez, director de Tecnolog\u00edas de la Informaci\u00f3n y Comunicaci\u00f3n de la ANUIES, quien reconoci\u00f3 a la UAT por estar a la vanguardia en estos temas y mantener actualizada a su comunidad universitaria.<\/p>\n\n\n\n<p>LO \u00daLTIMO<br \/>Muchas felicidades al amigo Joel Silva Pulido, de Protecci\u00f3n Civil y Bomberos de Nuevo Laredo, quien este martes cumple un a\u00f1o m\u00e1s de vida, al igual que la compa\u00f1era Elizabeth Alfaro G\u00f3mez. \u00a1Muchos m\u00e1s d\u00edas de estos!\u2026 Este viernes 27 de septiembre no habr\u00e1 clases en escuelas de educaci\u00f3n b\u00e1sica debido a las reuniones de consejo t\u00e9cnico que se van a llevar a cabo en los planteles educativos. Y el martes 1 de octubre tampoco habr\u00e1 clases, por la asunci\u00f3n de Claudia Sheinbaum Pardo como presidenta de M\u00e9xico\u2026 Para el viernes 27 de septiembre, de 10 de la ma\u00f1ana a una de la tarde se ha programado una campa\u00f1a de Salud M\u00e9dica, esto en los terrenos ubicados por Fraccionamiento Am\u00e9rica sin n\u00famero en la colonia El Triunfo, del kil\u00f3metro 18 de la Carretera Nacional. Habr\u00e1 consultas m\u00e9dicas, nutricional y dental, as\u00ed como atenci\u00f3n psicol\u00f3gica, corte de cabello, vacunaci\u00f3n, pruebas Covid, detecci\u00f3n oportuna de diabetes e hipertensi\u00f3n, entre otros servicios que ser\u00e1n totalmente gratuitos. Invita el Gobierno Municipal de Nuevo Laredo\u2026 Un total de 2 mil 840 emprendedores se vieron beneficiados en sus ventas al participar en las 39 ediciones del Bazar UNE que llev\u00f3 a cabo la administraci\u00f3n municipal 2021-2024 que est\u00e1 a punto de concluir. Bien por ello\u2026 Se espera algo de lluvias para este martes en Nuevo Laredo y la regi\u00f3n, pero m\u00e1s posibilidades para el mi\u00e9rcoles.<\/p>\n","protected":false},"excerpt":{"rendered":"<p>La dirigencia estatal del Partido Acci\u00f3n Nacional (PAN) difundi\u00f3 una carta del exsenador tamaulipeco Ismael Garc\u00eda Cabeza de Vaca, quien se queja de persecuci\u00f3n pol\u00edtica por parte del gobierno del &hellip; <a href=\"http:\/\/revistalaneta.com.mx\/?p=14256\" class=\"more-link\">Leer m\u00e1s<\/a><\/p>\n","protected":false},"author":1,"featured_media":14255,"comment_status":"open","ping_status":"open","sticky":false,"template":"","format":"standard","meta":{"footnotes":""},"categories":[2,3],"tags":[],"class_list":["post-14256","post","type-post","status-publish","format-standard","has-post-thumbnail","hentry","category-chismorreo","category-opinion","entry"],"_links":{"self":[{"href":"http:\/\/revistalaneta.com.mx\/index.php?rest_route=\/wp\/v2\/posts\/14256","targetHints":{"allow":["GET"]}}],"collection":[{"href":"http:\/\/revistalaneta.com.mx\/index.php?rest_route=\/wp\/v2\/posts"}],"about":[{"href":"http:\/\/revistalaneta.com.mx\/index.php?rest_route=\/wp\/v2\/types\/post"}],"author":[{"embeddable":true,"href":"http:\/\/revistalaneta.com.mx\/index.php?rest_route=\/wp\/v2\/users\/1"}],"replies":[{"embeddable":true,"href":"http:\/\/revistalaneta.com.mx\/index.php?rest_route=%2Fwp%2Fv2%2Fcomments&post=14256"}],"version-history":[{"count":1,"href":"http:\/\/revistalaneta.com.mx\/index.php?rest_route=\/wp\/v2\/posts\/14256\/revisions"}],"predecessor-version":[{"id":14257,"href":"http:\/\/revistalaneta.com.mx\/index.php?rest_route=\/wp\/v2\/posts\/14256\/revisions\/14257"}],"wp:featuredmedia":[{"embeddable":true,"href":"http:\/\/revistalaneta.com.mx\/index.php?rest_route=\/wp\/v2\/media\/14255"}],"wp:attachment":[{"href":"http:\/\/revistalaneta.com.mx\/index.php?rest_route=%2Fwp%2Fv2%2Fmedia&parent=14256"}],"wp:term":[{"taxonomy":"category","embeddable":true,"href":"http:\/\/revistalaneta.com.mx\/index.php?rest_route=%2Fwp%2Fv2%2Fcategories&post=14256"},{"taxonomy":"post_tag","embeddable":true,"href":"http:\/\/revistalaneta.com.mx\/index.php?rest_route=%2Fwp%2Fv2%2Ftags&post=14256"}],"curies":[{"name":"wp","href":"https:\/\/api.w.org\/{rel}","templated":true}]}}