{"id":14268,"date":"2024-10-03T12:03:57","date_gmt":"2024-10-03T12:03:57","guid":{"rendered":"http:\/\/revistalaneta.com.mx\/?p=14268"},"modified":"2024-10-03T12:04:12","modified_gmt":"2024-10-03T12:04:12","slug":"la-mejor-epoca-de-nuevo-laredo-esta-por-venir-carmen-lilia-canturosas-rinde-protesta-como-presidenta-municipal","status":"publish","type":"post","link":"http:\/\/revistalaneta.com.mx\/?p=14268","title":{"rendered":"&#8220;La mejor \u00e9poca de Nuevo Laredo est\u00e1 por venir&#8221;: Carmen Lilia Canturosas rinde protesta como presidenta municipal"},"content":{"rendered":"\n<p><\/p>\n\n\n\n<p>Nuevo Laredo, Tamps.- En una emotiva ceremonia, Carmen Lilia Canturosas Villarreal asumi\u00f3 por segunda vez el cargo de alcaldesa para el periodo 2024- 2027 el cual representa un gran paso hacia la consolidaci\u00f3n de un mejor futuro para todos los habitantes de Nuevo Laredo.<\/p>\n\n\n\n<p>El acto tuvo lugar en la Sala de Cabildo \u201cNi\u00f1os H\u00e9roes\u201d, donde Canturosas Villarreal rindi\u00f3 protesta y se dirigi\u00f3 a los neolaredenses, reafirmando su compromiso de llevar a Nuevo Laredo al siguiente nivel.<\/p>\n\n\n\n<p>\u201cFamilia neolaredense hace 3 a\u00f1os asum\u00ed el privilegio de servirles y conducir los destinos de esta extraordinaria tierra. Nos comprometimos a levantar una ciudad que estaba en ruinas, a devolverle al pueblo su dignidad, escribiendo as\u00ed una nueva historia de honestidad, trabajo y resultados. Aqu\u00ed estamos unidos con la frente en alto y el coraz\u00f3n lleno de esperanza\u201d, se\u00f1al\u00f3 Canturosas Villarreal.<\/p>\n\n\n\n<p>La presidenta municipal enfatiz\u00f3 que el trabajo entre gobierno y sociedad es clave para construir un futuro m\u00e1s pr\u00f3spero y sostenible pues solo uniendo esfuerzos se superar\u00e1n los desaf\u00edos que se presenten.<\/p>\n\n\n\n<p>\u201cHoy, con el coraz\u00f3n lleno de orgullo me presento por segunda vez ante ustedes como su Presidenta Municipal, puedo decirles con plena seguridad que la mejor \u00e9poca de Nuevo Laredo est\u00e1 por venir, lo s\u00e9 porque la responsabilidad de nuestro futuro nos pertenece, porque lo hemos construido con cimientos firmes, con la voluntad de ser mejores cada d\u00eda y de nunca rendirnos para conquistar la libertad de ser due\u00f1os de nuestro destino\u201d, afirm\u00f3 la presidenta municipal.<\/p>\n\n\n\n<p>La alcaldesa Carmen Lilia tambi\u00e9n les tom\u00f3 protesta a la s\u00edndica y regidores del Republicano Ayuntamiento para el periodo 2024- 2027, quienes ocupar\u00e1n su cargo a partir del 1 de octubre tambi\u00e9n los convoc\u00f3 a seguir siendo ejemplo de progreso, donde el desarrollo y la paz no sean aspiraciones, sino realidades.<\/p>\n\n\n\n<p>Destac\u00f3 que para lograr avanzar al siguiente nivel de la transformaci\u00f3n se contar\u00e1 con grandes aliados como lo son el Gobernador, Am\u00e9rico Villarreal Anaya, Diputados Locales, Diputados Federales, y Senadores.<\/p>\n\n\n\n<p>As\u00ed como con el respaldo de la primera Presidenta de M\u00e9xico, Claudia Sheinbaum Pardo, quien tomar\u00e1 protesta el primero de octubre.<\/p>\n\n\n\n<p>En su discurso la alcaldesa asegur\u00f3 que trabajar\u00e1 sin descanso, al cual le dedicar\u00e1 el tiempo que se requiera y toda la capacidad para cumplir con el mandato y con los ciudadanos.<\/p>\n\n\n\n<p>Agradeci\u00f3 el apoyo invaluable de sus hermanos Cynthia, Claudette y Carlos Canturosas Villarreal, as\u00ed como el de su madre Claudette Villarreal de Canturosas y de su padre Don Carlos Cant\u00fa Rosas. De igual forma manifest\u00f3 su gratitud hacia su esposo \u00d3scar Mario Hinojosa, y a sus hijos \u00d3scar, Carlos y Carmenlilia.<\/p>\n\n\n\n<p>En la toma de protesta estuvieron presentes: Ninfa Cant\u00fa De\u00e1ndar, secretaria de Econom\u00eda, en representaci\u00f3n del gobernador Am\u00e9rico Villarreal; diputados locales electos, Ana Laura Huerta y Sergio Ojeda; rector de la Universidad Aut\u00f3noma de Tamaulipas (UAT, Damaso Anaya; Arnulfo Rodr\u00edguez Trevi\u00f1o, secretario general de la secci\u00f3n 30 del Sindicato Nacional de Trabajadores de la Educaci\u00f3n; representantes del gabinete estatal.<\/p>\n\n\n\n<p>As\u00ed como presidentes estatales de los partidos PT y Morena; y presidentes de organismos y asociaciones de la ciudad.<\/p>\n","protected":false},"excerpt":{"rendered":"<p>Nuevo Laredo, Tamps.- En una emotiva ceremonia, Carmen Lilia Canturosas Villarreal asumi\u00f3 por segunda vez el cargo de alcaldesa para el periodo 2024- 2027 el cual representa un gran paso &hellip; <a href=\"http:\/\/revistalaneta.com.mx\/?p=14268\" class=\"more-link\">Leer m\u00e1s<\/a><\/p>\n","protected":false},"author":1,"featured_media":14267,"comment_status":"open","ping_status":"open","sticky":false,"template":"","format":"standard","meta":{"footnotes":""},"categories":[4],"tags":[],"class_list":["post-14268","post","type-post","status-publish","format-standard","has-post-thumbnail","hentry","category-nuevo-laredo","entry"],"_links":{"self":[{"href":"http:\/\/revistalaneta.com.mx\/index.php?rest_route=\/wp\/v2\/posts\/14268","targetHints":{"allow":["GET"]}}],"collection":[{"href":"http:\/\/revistalaneta.com.mx\/index.php?rest_route=\/wp\/v2\/posts"}],"about":[{"href":"http:\/\/revistalaneta.com.mx\/index.php?rest_route=\/wp\/v2\/types\/post"}],"author":[{"embeddable":true,"href":"http:\/\/revistalaneta.com.mx\/index.php?rest_route=\/wp\/v2\/users\/1"}],"replies":[{"embeddable":true,"href":"http:\/\/revistalaneta.com.mx\/index.php?rest_route=%2Fwp%2Fv2%2Fcomments&post=14268"}],"version-history":[{"count":1,"href":"http:\/\/revistalaneta.com.mx\/index.php?rest_route=\/wp\/v2\/posts\/14268\/revisions"}],"predecessor-version":[{"id":14269,"href":"http:\/\/revistalaneta.com.mx\/index.php?rest_route=\/wp\/v2\/posts\/14268\/revisions\/14269"}],"wp:featuredmedia":[{"embeddable":true,"href":"http:\/\/revistalaneta.com.mx\/index.php?rest_route=\/wp\/v2\/media\/14267"}],"wp:attachment":[{"href":"http:\/\/revistalaneta.com.mx\/index.php?rest_route=%2Fwp%2Fv2%2Fmedia&parent=14268"}],"wp:term":[{"taxonomy":"category","embeddable":true,"href":"http:\/\/revistalaneta.com.mx\/index.php?rest_route=%2Fwp%2Fv2%2Fcategories&post=14268"},{"taxonomy":"post_tag","embeddable":true,"href":"http:\/\/revistalaneta.com.mx\/index.php?rest_route=%2Fwp%2Fv2%2Ftags&post=14268"}],"curies":[{"name":"wp","href":"https:\/\/api.w.org\/{rel}","templated":true}]}}