{"id":14271,"date":"2024-10-03T12:05:42","date_gmt":"2024-10-03T12:05:42","guid":{"rendered":"http:\/\/revistalaneta.com.mx\/?p=14271"},"modified":"2024-10-03T12:06:01","modified_gmt":"2024-10-03T12:06:01","slug":"firman-convenio-de-colaboracion-inmujer-nuevo-laredo-y-maquiladora-medline","status":"publish","type":"post","link":"http:\/\/revistalaneta.com.mx\/?p=14271","title":{"rendered":"Firman convenio de colaboraci\u00f3n INMUJER Nuevo Laredo y maquiladora Medline"},"content":{"rendered":"\n<p><\/p>\n\n\n\n<p>Nuevo Laredo, Tamps.- Medline M\u00e9xico es la primera maquiladora en Nuevo Laredo en establecer un convenio con el INMUJER el cual permitir\u00e1 que las trabajadoras obtengan asesor\u00eda legal y psicol\u00f3gica en un m\u00f3dulo de atenci\u00f3n.<\/p>\n\n\n\n<p>En la firma del convenio estuvieron presentes Carlos Beltr\u00e1n, Gerente de Recursos Humanos; Jaime Aguilar, Vicepresidente de Manufactura en M\u00e9xico de Medline; as\u00ed como Cynthia Rodr\u00edguez Leija, Directora del Inmujer; Linda Gonz\u00e1lez, Coordinadora de Eventos Especiales; y Areli Cortez Salinas, Coordinadora de Capacitaci\u00f3n y Vinculaci\u00f3n del instituto.<\/p>\n\n\n\n<p>Este acuerdo representa un avance significativo hacia la igualdad y el empoderamiento de las mujeres, para proporcionar un espacio seguro y confidencial en el que puedan recibir el apoyo necesario para enfrentar situaciones de estr\u00e9s, ansiedad y cualquier tipo de violencia o discriminaci\u00f3n.<\/p>\n\n\n\n<p>Esta colaboraci\u00f3n no solo beneficiar\u00e1 a las mujeres que utilicen estos servicios, sino que tambi\u00e9n tendr\u00e1 un impacto positivo en toda la comunidad, fomentando una cultura de respeto, apoyo y equidad.<\/p>\n\n\n\n<p>Adem\u00e1s, se espera que esta iniciativa inspire a otras empresas de la regi\u00f3n a tomar medidas similares, promoviendo as\u00ed un entorno laboral m\u00e1s inclusivo y solidario.<\/p>\n\n\n\n<p>Se planean futuras actividades y programas que refuercen estos objetivos, incluyendo talleres de desarrollo personal, cursos de capacitaci\u00f3n profesional y campa\u00f1as de sensibilizaci\u00f3n sobre los derechos de las mujeres.<\/p>\n\n\n\n<p>Con este tipo de iniciativas, se espera que Nuevo Laredo se convierta en un referente en la promoci\u00f3n de los derechos de las mujeres y en la lucha contra la desigualdad de g\u00e9nero, demostrando que es posible construir un futuro m\u00e1s prometedor y equitativo para todas y todos.<\/p>\n","protected":false},"excerpt":{"rendered":"<p>Nuevo Laredo, Tamps.- Medline M\u00e9xico es la primera maquiladora en Nuevo Laredo en establecer un convenio con el INMUJER el cual permitir\u00e1 que las trabajadoras obtengan asesor\u00eda legal y psicol\u00f3gica &hellip; <a href=\"http:\/\/revistalaneta.com.mx\/?p=14271\" class=\"more-link\">Leer m\u00e1s<\/a><\/p>\n","protected":false},"author":1,"featured_media":14270,"comment_status":"open","ping_status":"open","sticky":false,"template":"","format":"standard","meta":{"footnotes":""},"categories":[4],"tags":[],"class_list":["post-14271","post","type-post","status-publish","format-standard","has-post-thumbnail","hentry","category-nuevo-laredo","entry"],"_links":{"self":[{"href":"http:\/\/revistalaneta.com.mx\/index.php?rest_route=\/wp\/v2\/posts\/14271","targetHints":{"allow":["GET"]}}],"collection":[{"href":"http:\/\/revistalaneta.com.mx\/index.php?rest_route=\/wp\/v2\/posts"}],"about":[{"href":"http:\/\/revistalaneta.com.mx\/index.php?rest_route=\/wp\/v2\/types\/post"}],"author":[{"embeddable":true,"href":"http:\/\/revistalaneta.com.mx\/index.php?rest_route=\/wp\/v2\/users\/1"}],"replies":[{"embeddable":true,"href":"http:\/\/revistalaneta.com.mx\/index.php?rest_route=%2Fwp%2Fv2%2Fcomments&post=14271"}],"version-history":[{"count":1,"href":"http:\/\/revistalaneta.com.mx\/index.php?rest_route=\/wp\/v2\/posts\/14271\/revisions"}],"predecessor-version":[{"id":14272,"href":"http:\/\/revistalaneta.com.mx\/index.php?rest_route=\/wp\/v2\/posts\/14271\/revisions\/14272"}],"wp:featuredmedia":[{"embeddable":true,"href":"http:\/\/revistalaneta.com.mx\/index.php?rest_route=\/wp\/v2\/media\/14270"}],"wp:attachment":[{"href":"http:\/\/revistalaneta.com.mx\/index.php?rest_route=%2Fwp%2Fv2%2Fmedia&parent=14271"}],"wp:term":[{"taxonomy":"category","embeddable":true,"href":"http:\/\/revistalaneta.com.mx\/index.php?rest_route=%2Fwp%2Fv2%2Fcategories&post=14271"},{"taxonomy":"post_tag","embeddable":true,"href":"http:\/\/revistalaneta.com.mx\/index.php?rest_route=%2Fwp%2Fv2%2Ftags&post=14271"}],"curies":[{"name":"wp","href":"https:\/\/api.w.org\/{rel}","templated":true}]}}