{"id":14283,"date":"2024-10-03T12:18:36","date_gmt":"2024-10-03T12:18:36","guid":{"rendered":"http:\/\/revistalaneta.com.mx\/?p=14283"},"modified":"2024-10-03T12:19:11","modified_gmt":"2024-10-03T12:19:11","slug":"todo-listo-para-que-nos-gobierno-una-mujer","status":"publish","type":"post","link":"http:\/\/revistalaneta.com.mx\/?p=14283","title":{"rendered":"TODO LISTO PARA QUE NOS GOBIERNO UNA MUJER"},"content":{"rendered":"\n<p><br>Todo est\u00e1 listo para que este martes la doctora Claudia Sheinbaum Pardo asuma su cargo como presidenta de M\u00e9xico, y se convierta as\u00ed en la primera mujer en gobernar el pa\u00eds. Ser\u00e1 en punto de las nueve de la ma\u00f1ana cuando se lleve a efecto la ceremonia oficial en el Congreso de la Uni\u00f3n, donde la mencionada rendir\u00e1 protesta constitucional ante los legisladores, tanto de la C\u00e1mara de Diputados, como de la C\u00e1mara de Senadores. En dicho evento se contar\u00e1 con la presencia de importantes l\u00edderes a nivel mundial. Y m\u00e1s tarde, a las 16:00 horas se llevar\u00e1 a efecto una ceremonia simb\u00f3lica de transmisi\u00f3n de poder, desde el Z\u00f3calo de la Ciudad de M\u00e9xico, y donde se espera que la nueva mandataria nacional de a conocer sus planes y compromisos para los primeras 100 d\u00edas de su gobierno. De esta forma se abre una nueva era en la historia pol\u00edtica de M\u00e9xico.<\/p>\n\n\n\n<p>GOBERNADOR RESTAURA OFICINA REPRESENTANTIVA EN LA CDMX<br \/>En gira de trabajo por la capital del pa\u00eds, el gobernador de Tamaulipas, Am\u00e9rico Villarreal Anaya llev\u00f3 a cabo la inauguraci\u00f3n de las oficinas remodeladas de la representaci\u00f3n del Gobierno de Tamaulipas en la Ciudad de M\u00e9xico, a la vez que entreg\u00f3 nombramiento Alejandro R\u00e1bago Hern\u00e1ndez, como nuevo titular de la misma. En dicho acto el mandatario estatal record\u00f3 que su se\u00f1or padre, Am\u00e9rico Villarreal Guerra, cuando fue gobernador adquiri\u00f3 dichas oficinas situadas en avenida Paseo de la Reforma 195, de la colonia Cuauht\u00e9moc, en la Ciudad de M\u00e9xico, y las cuales ahora volver\u00e1n a servir para atender situaciones en favor de los tamaulipecos. Y justamente al cumplirse los dos primeros a\u00f1os de su mandato, el gobernador Am\u00e9rico Villarreal Anaya se manifest\u00f3 complacido de haber cumplido con un \u201cgobierno humanista\u201d. Cabe indicar que este martes el gobernador tamaulipeco estar\u00e1 en la ceremonia de asunci\u00f3n de Claudia Sheinbaum Pardo como presidenta de M\u00e9xico.<\/p>\n\n\n\n<p>CONGRESO DEL ESTADO DA ENTRADA A DOS OFICIOS<br \/>En la que fue su \u00faltima actividad, la diputaci\u00f3n permanente de la Sexag\u00e9sima Sexta Legislatura del Congreso del Estado dio entrada a dos oficios mediante los cuales se supo de la renuncia del Fiscal Anticorrupci\u00f3n del Estado, Ra\u00fal Ram\u00edrez Casta\u00f1eda, y de la inhabilitaci\u00f3n de Gerardo Pe\u00f1a Flores para asumir como diputado local de v\u00eda plurinominal, al estar impedido para ello por contar con una sanci\u00f3n para ejercer cargos p\u00fablicos por un a\u00f1o, decretada por la Secretar\u00eda de la Funci\u00f3n P\u00fablica Federal, y por lo tanto se mand\u00f3 llamar a su suplente. Asimismo, se estableci\u00f3 que la nueva legislatura, que en este caso es la Sexag\u00e9sima Sexta, y que inicia funciones justamente este primero de octubre, ser\u00e1 qui\u00e9n de cauce a los respectivos procedimientos en torno a estos dos casos, y donde sin duda el caso de Gerardo Pe\u00f1a vuelve a causar controversia en el \u00e1mbito legislativo. Pero bueno, ya sabemos como es esto del \u201ckarma\u201d.<\/p>\n\n\n\n<p>ALUMNOS DE LA UAT GANAN CONCURSO<br \/>Dos alumnos de la Universidad Aut\u00f3noma de Tamaulipas (UAT) ganaron el Primer Concurso Estatal Transparencia en Corto, organizado por la Contralor\u00eda Gubernamental del Estado, y con lo cual busca fomentar la participaci\u00f3n juvenil en la creaci\u00f3n de cortometrajes sobre el tema de la transparencia, promoviendo el uso correcto de las redes de informaci\u00f3n en el contexto gubernamental. Los ganadores son Mar\u00eda Guadalupe Zurita Calixto, alumna reci\u00e9n egresada de la carrera de Ciencias de la Comunicaci\u00f3n de la Facultad de Derecho y Ciencias Sociales Victoria, y quien gan\u00f3 con su cortometraje denominado \u201cUn aliado fuera de serie\u201d, que ofrece un enfoque din\u00e1mico utilizando la creatividad para informar de manera m\u00e1s accesible c\u00f3mo la tecnolog\u00eda puede ser una aliada de la transparencia, as\u00ed como Pablo Emiliano Turrubiates Hern\u00e1ndez, estudiante primer semestre de Ciencias de la Comunicaci\u00f3n de la Facultad de Derecho y Ciencias Sociales Tampico, quien gan\u00f3 con su cortometraje \u201cEl uso\u201d, enfocado en la utilizaci\u00f3n responsable de las redes sociales. La ceremonia de premiaci\u00f3n tuvo lugar el pasado 27 de septiembre en la Cineteca del Centro Cultural Tamaulipas, donde los ganadores recibieron reconocimientos, premios en efectivo y su pase a la etapa nacional del certamen.<\/p>\n\n\n\n<p>GRATIS LA ENTRADA AL ZOOL\u00d3GICO Y ACUARIO<br \/>Para este martes 1 de octubre el Gobierno Municipal de Nuevo Laredo ha dispuesto entrada gratis al Zool\u00f3gico y al Acuario, esto a fin de que la ciudadan\u00eda aproveche el descanso y vaya a divertirse a dichos centros recreativos. El horario de funcionamiento de ambos sitios ser\u00e1 de las 11 de la ma\u00f1ana a las 6 de la tarde. La verdad vale la pena acudir a estos dos centros de entretenimiento ya que en el caso del Acuario cuenta con nuevas especies en exhibici\u00f3n, a la vez que el Zool\u00f3gico ha incrementado sus espacios y ya tiene m\u00e1s animales y mejores \u00e1reas para divertirse. Aparte ambos est\u00e1n dentro del complejo del parque Viveros, que tambi\u00e9n cuenta con muchas otras \u00e1reas atractivas para el sano esparcimiento.<\/p>\n\n\n\n<p>QUE INTERVENGA EL GOBIERNO FEDERAL EN EL CAOS DE LA AUTOPISTA<br \/>Ya en definitiva el gobierno federal debe intervenir para poner fin a los constantes embotellamientos viales en la autopista Nuevo Laredo-Monterrey y viceversa. Este lunes volvieron los problemas, tanto de ida, como de vuelta. Y es que realmente ya es cosa de todos los d\u00edas que haya congestionamientos, \u201cencamotamientos\u201d o como quieran llamarle en dicha v\u00eda, que se supone fue construida para agilizar el cruce de mercanc\u00eda, y por el contrario lo retrasa. Y nada vale que siguen cobrando los 314 pesos por el uso de la misma, cuando es claro que no cumple su funci\u00f3n y como tal deber\u00edan bajar el costo cuando menos a la mitad. Lo peor del caso es que nadie pone atenci\u00f3n a esta situaci\u00f3n, todos hacen o\u00eddos sordos, por lo que ojal\u00e1 el nuevo gobierno federal si pueda intervenir y poner orden en tanto desorden. Que les quiten la concesi\u00f3n a quienes la tienen, pues a fin de cuentas han demostrado no servir para nada.<\/p>\n\n\n\n<p>LO \u00daLTIMO<br \/>Muchas felicidades al maestro David Ojeda Posada, quien este martes est\u00e1 cumpliendo un a\u00f1o m\u00e1s de vida. \u00a1Muchos m\u00e1s d\u00edas de estos!\u2026 Y este martes empieza el \u00faltimo trimestre del a\u00f1o, el trimestre del vacil\u00f3n\u2026 Urge el delineado de carriles en la Carretera Aeropuerto de Nuevo Laredo, pues casi no se ve por donde debe circular uno, y eso genera gran parte de los percances viales, sobre todo en la noche, en que no se ve nada. Y de paso que tambi\u00e9n hagan lo mismo en la Carretera Nacional, en el tramo de la tienda Smart al Kil\u00f3metro 15\u2026 Y hablando de accidentes viales, a diario se dan percances en esta ciudad fronteriza. No hay d\u00eda en que no se registren, y algunos con fatales consecuencias. Y es que lamentablemente prevalece el valemadrismo, pero sobre todo el hecho de que mucha gente agarra veh\u00edculos sin saber maneja como es debido. Urge establecer como obligatorio el examen de manejo\u2026 Que Ismael Garc\u00eda Cabeza de Vaca consigui\u00f3 un amparo para poder asumir su cargo como diputado local, y as\u00ed evitar que lo arresten antes de que entre en funci\u00f3n su fuero. Pues que entre al congreso, total, ni debate trae. No sabe ni expresarse debidamente.<\/p>\n","protected":false},"excerpt":{"rendered":"<p>Todo est\u00e1 listo para que este martes la doctora Claudia Sheinbaum Pardo asuma su cargo como presidenta de M\u00e9xico, y se convierta as\u00ed en la primera mujer en gobernar el &hellip; <a href=\"http:\/\/revistalaneta.com.mx\/?p=14283\" class=\"more-link\">Leer m\u00e1s<\/a><\/p>\n","protected":false},"author":1,"featured_media":14282,"comment_status":"open","ping_status":"open","sticky":false,"template":"","format":"standard","meta":{"footnotes":""},"categories":[2,3],"tags":[],"class_list":["post-14283","post","type-post","status-publish","format-standard","has-post-thumbnail","hentry","category-chismorreo","category-opinion","entry"],"_links":{"self":[{"href":"http:\/\/revistalaneta.com.mx\/index.php?rest_route=\/wp\/v2\/posts\/14283","targetHints":{"allow":["GET"]}}],"collection":[{"href":"http:\/\/revistalaneta.com.mx\/index.php?rest_route=\/wp\/v2\/posts"}],"about":[{"href":"http:\/\/revistalaneta.com.mx\/index.php?rest_route=\/wp\/v2\/types\/post"}],"author":[{"embeddable":true,"href":"http:\/\/revistalaneta.com.mx\/index.php?rest_route=\/wp\/v2\/users\/1"}],"replies":[{"embeddable":true,"href":"http:\/\/revistalaneta.com.mx\/index.php?rest_route=%2Fwp%2Fv2%2Fcomments&post=14283"}],"version-history":[{"count":1,"href":"http:\/\/revistalaneta.com.mx\/index.php?rest_route=\/wp\/v2\/posts\/14283\/revisions"}],"predecessor-version":[{"id":14284,"href":"http:\/\/revistalaneta.com.mx\/index.php?rest_route=\/wp\/v2\/posts\/14283\/revisions\/14284"}],"wp:featuredmedia":[{"embeddable":true,"href":"http:\/\/revistalaneta.com.mx\/index.php?rest_route=\/wp\/v2\/media\/14282"}],"wp:attachment":[{"href":"http:\/\/revistalaneta.com.mx\/index.php?rest_route=%2Fwp%2Fv2%2Fmedia&parent=14283"}],"wp:term":[{"taxonomy":"category","embeddable":true,"href":"http:\/\/revistalaneta.com.mx\/index.php?rest_route=%2Fwp%2Fv2%2Fcategories&post=14283"},{"taxonomy":"post_tag","embeddable":true,"href":"http:\/\/revistalaneta.com.mx\/index.php?rest_route=%2Fwp%2Fv2%2Ftags&post=14283"}],"curies":[{"name":"wp","href":"https:\/\/api.w.org\/{rel}","templated":true}]}}