{"id":14286,"date":"2024-10-03T12:20:08","date_gmt":"2024-10-03T12:20:08","guid":{"rendered":"http:\/\/revistalaneta.com.mx\/?p=14286"},"modified":"2024-10-03T12:20:52","modified_gmt":"2024-10-03T12:20:52","slug":"y-se-fue","status":"publish","type":"post","link":"http:\/\/revistalaneta.com.mx\/?p=14286","title":{"rendered":"Y SE FUE&#8230;"},"content":{"rendered":"\n<p><\/p>\n\n\n\n<p>-Termin\u00f3 sexenio de pesadilla<\/p>\n\n\n\n<p>-Resurge la esperanza de un cambio<\/p>\n\n\n\n<p>-Renunci\u00f3 Fiscal Anticorrupci\u00f3n<\/p>\n\n\n\n<p>Tiempo de opinar<\/p>\n\n\n\n<p>Ra\u00fal Hern\u00e1ndez Moreno<\/p>\n\n\n\n<p>1-octubre-2024<\/p>\n\n\n\n<p>Termin\u00f3 el sexenio del MALO, perd\u00f3n, AMLO. Termin\u00f3 un sexenio de terror que en las siguientes d\u00e9cadas ser\u00e1 recordado por no hacer nada para evitar la muerte de un mill\u00f3n de personas, 800 mil del COVID y 200 mil asesinados, m\u00e1s 116 mil desaparecidos.<\/p>\n\n\n\n<p>Termin\u00f3 el sexenio del presidente m\u00e1s conservador de las \u00faltimas d\u00e9cadas, que durante el COVID se protegi\u00f3 con estampitas religiosas y nunca tuvo una postura clara en temas de sexualidad. Nunca conden\u00f3 la venta de ni\u00f1as en Guerrero y a lo m\u00e1s que atin\u00f3 a decir, es que eran los usos y costumbres de la gente y ah\u00ed no se met\u00eda. Tampoco se meti\u00f3 en el tema del crimen organizado, m\u00e1s que para proteger a un c\u00e1rtel y ordenar combatir a los dem\u00e1s.<\/p>\n\n\n\n<p>Termin\u00f3 el sexenio del presidente que exig\u00eda vivir en austeridad y no tener aspiraciones y a su hijo menor lo envi\u00f3 a estudiar a Londres y le compro tenis de 150 mil pesos; que presume que tenemos el mejor sistema de salud del mundo y su nieto naci\u00f3 en un hospital de Houston.<\/p>\n\n\n\n<p>Se va el presidente que prometi\u00f3 que la econom\u00eda crecer\u00eda al 6 por ciento anual y terminamos creciendo 6 por ciento en los 6 a\u00f1os.<\/p>\n\n\n\n<p>Se va el presidente pendenciero que se pele\u00f3 con Per\u00fa, Ecuador, Argentina, Estados Unidos, Espa\u00f1a y defendi\u00f3 las dictaduras de Venezuela, Cuba y Rusia.<\/p>\n\n\n\n<p>Y si bien AMLO ya se fue, habr\u00e1 que ver si realmente se va, o est\u00e1 agazapado y desde la oscuridad planea seguir mandando a su sucesora, como lo hizo Plutarco El\u00edas Calles quien en 1928 proclam\u00f3 el fin del caudillismo y le dio la bienvenida a las instituciones y sin embargo, impuso en la presidencia a Emilio Portes Gil, Pascual Ortiz Rubio, Abelardo Rodr\u00edguez y L\u00e1zaro C\u00e1rdenas.<\/p>\n\n\n\n<p>Por lo pronto, AMLO le hered\u00f3 a Claudia, la mitad del gabinete, controla el Senado con Ad\u00e1n Augusto L\u00f3pez y Gerardo Fern\u00e1ndez Noro\u00f1a y parte de la C\u00e1mara de Diputados.<\/p>\n\n\n\n<p>Y todo indica que AMLO seguir\u00e1 influyendo en las fuerzas armadas porque en su sexenio les dio todo y enriqueci\u00f3 a muchos generales al otorgarles toda clase de obras.<\/p>\n\n\n\n<p>No todo est\u00e1 perdido, por supuesto. Hoy, como en cualquier otro inicio de sexenio, existe la esperanza de que ahora s\u00ed tengamos un estadista al frente del gobierno mexicano, que se preocupe y ocupe de que a todos los ciudadanos les vaya bien, por lo menos a los que enfrentan mayores carencias econ\u00f3micas, que son m\u00e1s de 50 millones de habitantes.<\/p>\n\n\n\n<p>Lo mejor del sexenio que termin\u00f3 es que AMLO ya se fue.<\/p>\n\n\n\n<p>En otro tema, el Fiscal Anticorrupci\u00f3n, Ra\u00fal Ram\u00edrez renunci\u00f3 al cargo, que asumi\u00f3 en septiembre de 2021. La anterior legislatura, controlada por Morena, lo destituy\u00f3, pero \u00e9l se ampar\u00f3 y le pelaron los dientes.<\/p>\n\n\n\n<p>Se tard\u00f3 en renunciar, si sab\u00eda que no lo quer\u00edan ni los diputados de Morena ni el Ejecutivo, debi\u00f3 renunciar al inicio del actual sexenio, pero por sus calzones se sostuvo. El Fiscal Irving Barrios deber\u00eda seguir su ejemplo. A \u00e9l tampoco no lo quieren, pero hasta el momento eso le tiene sin cuidado.<\/p>\n","protected":false},"excerpt":{"rendered":"<p>-Termin\u00f3 sexenio de pesadilla -Resurge la esperanza de un cambio -Renunci\u00f3 Fiscal Anticorrupci\u00f3n Tiempo de opinar Ra\u00fal Hern\u00e1ndez Moreno 1-octubre-2024 Termin\u00f3 el sexenio del MALO, perd\u00f3n, AMLO. Termin\u00f3 un sexenio &hellip; <a href=\"http:\/\/revistalaneta.com.mx\/?p=14286\" class=\"more-link\">Leer m\u00e1s<\/a><\/p>\n","protected":false},"author":1,"featured_media":14285,"comment_status":"open","ping_status":"open","sticky":false,"template":"","format":"standard","meta":{"footnotes":""},"categories":[2],"tags":[],"class_list":["post-14286","post","type-post","status-publish","format-standard","has-post-thumbnail","hentry","category-chismorreo","entry"],"_links":{"self":[{"href":"http:\/\/revistalaneta.com.mx\/index.php?rest_route=\/wp\/v2\/posts\/14286","targetHints":{"allow":["GET"]}}],"collection":[{"href":"http:\/\/revistalaneta.com.mx\/index.php?rest_route=\/wp\/v2\/posts"}],"about":[{"href":"http:\/\/revistalaneta.com.mx\/index.php?rest_route=\/wp\/v2\/types\/post"}],"author":[{"embeddable":true,"href":"http:\/\/revistalaneta.com.mx\/index.php?rest_route=\/wp\/v2\/users\/1"}],"replies":[{"embeddable":true,"href":"http:\/\/revistalaneta.com.mx\/index.php?rest_route=%2Fwp%2Fv2%2Fcomments&post=14286"}],"version-history":[{"count":1,"href":"http:\/\/revistalaneta.com.mx\/index.php?rest_route=\/wp\/v2\/posts\/14286\/revisions"}],"predecessor-version":[{"id":14287,"href":"http:\/\/revistalaneta.com.mx\/index.php?rest_route=\/wp\/v2\/posts\/14286\/revisions\/14287"}],"wp:featuredmedia":[{"embeddable":true,"href":"http:\/\/revistalaneta.com.mx\/index.php?rest_route=\/wp\/v2\/media\/14285"}],"wp:attachment":[{"href":"http:\/\/revistalaneta.com.mx\/index.php?rest_route=%2Fwp%2Fv2%2Fmedia&parent=14286"}],"wp:term":[{"taxonomy":"category","embeddable":true,"href":"http:\/\/revistalaneta.com.mx\/index.php?rest_route=%2Fwp%2Fv2%2Fcategories&post=14286"},{"taxonomy":"post_tag","embeddable":true,"href":"http:\/\/revistalaneta.com.mx\/index.php?rest_route=%2Fwp%2Fv2%2Ftags&post=14286"}],"curies":[{"name":"wp","href":"https:\/\/api.w.org\/{rel}","templated":true}]}}