{"id":14289,"date":"2024-10-03T12:25:45","date_gmt":"2024-10-03T12:25:45","guid":{"rendered":"http:\/\/revistalaneta.com.mx\/?p=14289"},"modified":"2024-10-03T12:26:23","modified_gmt":"2024-10-03T12:26:23","slug":"designan-secretarios-municipales","status":"publish","type":"post","link":"http:\/\/revistalaneta.com.mx\/?p=14289","title":{"rendered":"DESIGNAN SECRETARIOS MUNICIPALES"},"content":{"rendered":"\n<p><br>En lo que fue la primera sesi\u00f3n del Cabildo de Nuevo Laredo de la administraci\u00f3n 2024-2027, que preside Carmen Lilia Canturosas Villarreal, se aprobaron las designaciones del licenciado Juan \u00c1ngel Mart\u00ednez Salazar, como secretario del Ayuntamiento; del CP Enrique \u00c1lvarez del Castillo Rojas, como secretario de Tesorer\u00eda y Finanzas; del arquitecto Carlos Germ\u00e1n De Anda Hern\u00e1ndez, como secretario de Obras P\u00fablicas y de la licenciada Reynalda Perales Rodr\u00edguez, como secretaria de la Contralor\u00eda y Transparencia. En los cuatro casos las aprobaciones se dieron por mayor\u00eda de votos, con 17 a favor, 5 en contra y 1 abstenci\u00f3n.<\/p>\n\n\n\n<p>HABR\u00c1 NUEVO S\u00cdNDICO<br \/>En esta misma sesi\u00f3n el Cabildo de Nuevo Laredo tambi\u00e9n aprob\u00f3 la solicitud de licencia para separarse de su cargo de manera indefinida como primer s\u00edndico suplente, del profesor Francisco Javier Altamirano Carrasco, con lo que autom\u00e1ticamente queda fuera de la posibilidad de asumir la primera sindicatura, ante el lamentable deceso del licenciado Roberto Maldonado Siller, quien era el senador propietario. Ante tal situaci\u00f3n la alcaldesa present\u00f3 una terna para enviarla al Congreso del Estado, y as\u00ed se pueda designar al nuevo primer s\u00edndico. Y dicho tr\u00edo est\u00e1 integrado por Jes\u00fas Jasso Montemayor, quien de hecho viene de ocupar dicha posici\u00f3n, por lo que de resultar favorecido estar\u00eda consiguiendo la reelecci\u00f3n, as\u00ed como Roberto Herrera Ju\u00e1rez e Imelda Mangin Torre, quien tambi\u00e9n viene de ser s\u00edndica. Por lo tanto, habr\u00e1 que esperar la decisi\u00f3n del Congreso del Estado.<\/p>\n\n\n\n<p>HAR\u00c1N EXHORTO PARA QUE ACABAR CON PROBLEMAS EN LA AUTOPISTA<br \/>Otra cosa que tambi\u00e9n se aprob\u00f3 en la reuni\u00f3n del Cabildo de Nuevo Laredo fue el presentar un exhorto a la Secretar\u00eda de Infraestructura, Comunicaciones y Transportes (SICT) para que se exija a la empresa encargada de los trabajos de restauraci\u00f3n de la autopista Nuevo Laredo-Monterrey en su tramo del kil\u00f3metro 42 al 50, toda vez que por los mismos se ha estado retrasando mucho el cruce de mercanc\u00edas hacia los Estados Unidos, lo cual est\u00e1 afectando mucho a Nuevo Laredo, que como sabemos depende mucho del comercio exterior. Y cabe indicar que en esta propuesta hecha directamente por la alcaldesa Carmen Lilia Canturosas Villarreal, se dio la primera votaci\u00f3n de unanimidad de los miembros del nuevo cabildo.<\/p>\n\n\n\n<p>PRIMERAS FRICCIONES, PERO AL FINAL TODO BIEN<br \/>Y bueno si bien es cierto que en esta primera sesi\u00f3n del Cabildo de Nuevo Laredo se dieron las primeras fricciones entre ediles panistas y morenistas, donde los primeros dejaron en claro que van a ser una f\u00e9rrea oposici\u00f3n, en tanto que los segundos mostraron que no se van a dejar, y tienen con que refutarles. Y si bien al inicio la sesi\u00f3n se puso tensa, conforme fue pasando el tiempo aminoraron los \u00e1nimos, aunque se espera que las siguientes sesiones tambi\u00e9n sean contundentes. Pero por ambos lados hay integrantes que saben debatir, y solo se espera que toda acci\u00f3n sea dentro de los l\u00edmites del respeto y la prudencia, pues a fin de cuentas todos viven en el mismo pueblo, y representan al mismo pueblo. Que haya diferencias entre s\u00ed, ese es otro rollo.<\/p>\n\n\n\n<p>INFORMAR\u00c1 EL GOBERNADOR DE MANERA DIFERENTE<br \/>Para este pr\u00f3ximo domingo 6 de octubre se ha programado un evento denominado \u201cDos a\u00f1os. Memorias de una transformaci\u00f3n\u201d, el cual ser\u00e1 llevado a cabo por el Gobernador de Tamaulipas, Am\u00e9rico Villarreal Anaya, tras cumplirse dos a\u00f1os de su gobierno. Dicho evento se realizar\u00e1 en el auditorio \u201cAmalia G. de Castillo Led\u00f3n\u201d, de la capital del estado, y lo destacable es que no ser\u00e1 una rendici\u00f3n de cuenta tradicional, sino m\u00e1s bien un di\u00e1logo cercano y directo con la ciudadan\u00eda. A trav\u00e9s de dicha conversaci\u00f3n el mandatario estatal dar\u00e1 a conocer los logros, retos y avances que han convertido a Tamaulipas en un referente de cambio a nivel nacional. En el acto se espera la presencia de senadores, diputados federales, alcaldes, diputados locales, miembros del gabinete y dem\u00e1s autoridades de los tres niveles de gobierno, y donde el gobernador estar\u00e1 acompa\u00f1ado de su esposa, la presidenta del DIF Tamaulipas, Mar\u00eda Santiago de Villarreal. Cabe indicar que, al preferir realizar una charla, en vez de un informe tradicional, el gobernador tamaulipeco da a la gente la oportunidad de ser part\u00edcipe de dicho acto y analizar los dos a\u00f1os de gobierno, y ver c\u00f3mo se puede mejorar para seguir haciendo de Tamaulipas una gran entidad.<\/p>\n\n\n\n<p>TAMAULIPAS SE SEGUIR\u00c1 BENEFICIANDO CON NUEVO GOBIERNO<br \/>Aparte del tren de pasajeros que ir\u00e1 de Nuevo Laredo a la Ciudad de M\u00e9xico, y que pasar\u00e1 por las ciudades de Monterrey, Saltillo, San Luis Potos\u00ed y Quer\u00e9taro, el nuevo gobierno federal que preside Claudia Sheinbaum Pardo, tiene proyectado tambi\u00e9n llevar a cabo la ampliaci\u00f3n de los puertos de Altamira y el Puerto del Norte en Matamoros, as\u00ed como extender las carreteras que convergen en Tampico, adem\u00e1s de realizar la tecnificaci\u00f3n de hect\u00e1reas de riego y con ello garantizar el reciclaje y el acceso humano al agua, esto como parte de las acciones en beneficio de Tamaulipas. Por todo ello el gobernador Am\u00e9rico Villarreal Anaya se encuentra contento, pues es claro que seguir\u00e1 contando con el apoyo del gobierno federal, ahora en manos de Claudia Sheinbaum, con quien es claro que tiene gran amistad.<\/p>\n\n\n\n<p>PRIMERA SESI\u00d3N DEL CONGRESO DEL ESTADO<br \/>En su primera sesi\u00f3n ordinaria el Congreso de Tamaulipas design\u00f3 a Juan Lorenzo Ochoa Garc\u00eda como nuevo secretario general de dicho \u00f3rgano legislativo, por lo que correspondi\u00f3 a la presidenta de la mesa directiva, Magaly De\u00e1ndar Robinson, tomarle la protesta de ley. A su vez el congreso aprob\u00f3 por mayor\u00eda de votos una reforma para eliminar el que se tenga que tener la aprobaci\u00f3n de todos los municipios de la entidad, para avalar las decisiones del propio congreso, algo que la verdad est\u00e1 bien, pues no es justo que el voto de municipios que tienen menos de 5 mil habitantes, cuente por igual de aquellos que tienen m\u00e1s de 400 mil habitantes. Cabe indicar que en dicha sesi\u00f3n se tom\u00f3 protesta a Gerardo Pe\u00f1a Flores como diputado local del PAN, pero con reservas de la ley, en tanto se define su situaci\u00f3n por una posible sanci\u00f3n de nivel federal para no ejercer funci\u00f3n p\u00fablica.<\/p>\n\n\n\n<p>DESTACA IMELDA SANMIGUEL EN EVENTO DE CLAUDIA SHEINBAUM<br \/>Vaya que destac\u00f3 la presencia de la senadora tamaulipeca (y sobre todo neolaredense) Imelda Sanmiguel S\u00e1nchez, durante la ceremonia de toma de protesta de Claudia Sheinbaum Pardo celebrada el pasado martes en el Congreso de la Uni\u00f3n. Y es que Imelda estuvo a unos metros de Claudia Sheinbaum, esto dado a que es secretaria de la mesa directiva del Senado. Y de hecho a trav\u00e9s de sus redes sociales Imelda emiti\u00f3 un mensaje dirigido a la nueva presidenta de M\u00e9xico, donde hizo hincapi\u00e9 en que conf\u00eda en que har\u00e1 valer su autonom\u00eda, y cumplir\u00e1 en los hechos, su propuesta de gobernar para todas y todos los mexicanos, a la vez que dijo que por su parte est\u00e1 dispuesta a colaborar ayudar al pa\u00eds en todo lo que se necesite, y asegur\u00f3, \u201cseremos una oposici\u00f3n responsable, firme a la defensa de M\u00e9xico y por lo tanto defender\u00e9 con argumentos pero tampoco le tengo miedo a coincidir, porque la patria es primero\u201d. Bien por Imelda, quien por cierto tambi\u00e9n destac\u00f3 porque fue punta de lanza para \u201ccuerpear\u201d a la ministra presidenta de la Suprema Corte de Justicia de la Naci\u00f3n (SCJN), Norma Pi\u00f1a Hern\u00e1ndez, durante su presencia en el estrado previo al solemne acto.<\/p>\n\n\n\n<p>MAESTRAS, MADRE E HIJA, RECIBEN RECONOCIMIENTO INTERNACIONAL<br \/>Dos maestras neolaredenses, que casualmente son madre e hija, fueron galardonadas por la Asociaci\u00f3n de Acreditaci\u00f3n Internacional y Certificaci\u00f3n de Entidades Privadas (AAICEP) con el premio denominado Global Education Prize 2024, que reconoce a docentes que destacan por su vocaci\u00f3n en beneficio de los estudiantes. Se trata de las maestras Luz Ang\u00e9lica Alem\u00e1n Valerio, subdirectora de la Escuela Secundaria T\u00e9cnica 32, as\u00ed como Diana Alejandro Alem\u00e1n, subdirectora de la Escuela Secundaria T\u00e9cnica 94, y que se ubicaron dentro de las ocho maestras reconocidas por dicho organismo en M\u00e9xico, y de un total de 15 a nivel mundial. En lo personal las conozco a las dos, pues trabajaron en la Escuela Secundaria T\u00e9cnica 79, donde estudiaron tres de mis hijos, y puedo dar fe de que son dos grandes maestras, que siempre han dado lo mejor por atender a los chamacos. Mil felicitaciones a las dos, son un orgullo para Nuevo Laredo.<\/p>\n\n\n\n<p>INSTITUTO DE ENERG\u00cdA DE LA UAT SER\u00c1 DE GRAN APOYO<br \/>El reci\u00e9n creado Instituto de Energ\u00eda de la Universidad Aut\u00f3noma de Tamaulipas (UAT) va a contribuir en mucho con la Secretar\u00eda de Desarrollo Energ\u00e9tico del Gobierno del Estado, para impulsar la investigaci\u00f3n, el desarrollo tecnol\u00f3gico y la formaci\u00f3n especializada de recursos humanos en dicho sector. Cabe indicar que la creaci\u00f3n de dicho instituto se ha dado por iniciativa del rector de la UAT, D\u00e1maso Anaya Alvarado, quien con este nuevo organismo pretende promover el desarrollo energ\u00e9tico sustentable en la entidad. El referido instituto se ubica en el Centro Universitario Sur de la UAT (Campus Tampico), y estar\u00e1 colaborando mediante sus investigadores y especialistas en diversos proyectos del Gobierno de Tamaulipas, y donde se destaca el dise\u00f1o de estrategias para cubrir con energ\u00eda el\u00e9ctrica viviendas ubicadas en zonas rurales donde econ\u00f3micamente es poco factible llevar una l\u00ednea de abastecimiento, as\u00ed como ofrecer servicios especializados en el Corredor Industrial del Sur de Tamaulipas, que cuenta con m\u00e1s de diez empresas del ramo de hidrocarburos, y ofrecer en el municipio de Reynosa an\u00e1lisis ambientales espec\u00edficos y las respectivas propuestas para el desarrollo urbano.<\/p>\n\n\n\n<p>LO \u00daLTIMO<br \/>Entre los cambios que se est\u00e1n llevando a cabo en el Gobierno Municipal de Nuevo Laredo destaca que el amigo Fredy Guarneros Carranza ha sido designado secretario particular de la alcaldesa Carmen Lilia Canturosas Villarreal, por lo deja la posici\u00f3n de encargado de la log\u00edstica, la cual ahora por su parte estar\u00e1 a cargo de Daniel Lagunes\u2026 Aunque hay nueva Contralora Municipal, no se esperan muchos cambios en dicha dependencia, toda vez que la mencionada era la segunda de abordo, y de hecho laboraba con el mismo personal\u2026 Todos aquellos maestros que no se presentaron en clases el pasado lunes, en escuelas de Nuevo Laredo, se les descontar\u00e1 el d\u00eda. Es lo justo, sobre todo porque ni siquiera avisaron a los padres de familia que suspender\u00edan las actividades escolares\u2026 El ingeniero Juan Enrique Cabrero Ram\u00edrez recibi\u00f3 nombramiento como nuevo director general de la Comisi\u00f3n de Agua Potable y Saneamiento del Estado de Tamaulipas (CAPSET)organismo que se encargada de apoyar a la Secretar\u00eda de Recursos Hidr\u00e1ulicos para el Desarrollo Social en la conducci\u00f3n de la pol\u00edtica p\u00fablica estatal en materia de implementaci\u00f3n de acciones administrativas y t\u00e9cnico-operativas\u2026 El ex diputado local victorense Juan Vital Rom\u00e1n Mart\u00ednez, fue designado jefe del CREDE de Ciudad Victoria. Es un premio a su lealtad a la 4T\u2026 Y as\u00ed tambi\u00e9n se esperan muchas otras designaciones en los pr\u00f3ximos d\u00edas en cargos estatales y de los diferentes municipios, a quienes han sido leales a la causa morenista.<\/p>\n","protected":false},"excerpt":{"rendered":"<p>En lo que fue la primera sesi\u00f3n del Cabildo de Nuevo Laredo de la administraci\u00f3n 2024-2027, que preside Carmen Lilia Canturosas Villarreal, se aprobaron las designaciones del licenciado Juan \u00c1ngel &hellip; <a href=\"http:\/\/revistalaneta.com.mx\/?p=14289\" class=\"more-link\">Leer m\u00e1s<\/a><\/p>\n","protected":false},"author":1,"featured_media":14288,"comment_status":"open","ping_status":"open","sticky":false,"template":"","format":"standard","meta":{"footnotes":""},"categories":[2,3],"tags":[],"class_list":["post-14289","post","type-post","status-publish","format-standard","has-post-thumbnail","hentry","category-chismorreo","category-opinion","entry"],"_links":{"self":[{"href":"http:\/\/revistalaneta.com.mx\/index.php?rest_route=\/wp\/v2\/posts\/14289","targetHints":{"allow":["GET"]}}],"collection":[{"href":"http:\/\/revistalaneta.com.mx\/index.php?rest_route=\/wp\/v2\/posts"}],"about":[{"href":"http:\/\/revistalaneta.com.mx\/index.php?rest_route=\/wp\/v2\/types\/post"}],"author":[{"embeddable":true,"href":"http:\/\/revistalaneta.com.mx\/index.php?rest_route=\/wp\/v2\/users\/1"}],"replies":[{"embeddable":true,"href":"http:\/\/revistalaneta.com.mx\/index.php?rest_route=%2Fwp%2Fv2%2Fcomments&post=14289"}],"version-history":[{"count":1,"href":"http:\/\/revistalaneta.com.mx\/index.php?rest_route=\/wp\/v2\/posts\/14289\/revisions"}],"predecessor-version":[{"id":14290,"href":"http:\/\/revistalaneta.com.mx\/index.php?rest_route=\/wp\/v2\/posts\/14289\/revisions\/14290"}],"wp:featuredmedia":[{"embeddable":true,"href":"http:\/\/revistalaneta.com.mx\/index.php?rest_route=\/wp\/v2\/media\/14288"}],"wp:attachment":[{"href":"http:\/\/revistalaneta.com.mx\/index.php?rest_route=%2Fwp%2Fv2%2Fmedia&parent=14289"}],"wp:term":[{"taxonomy":"category","embeddable":true,"href":"http:\/\/revistalaneta.com.mx\/index.php?rest_route=%2Fwp%2Fv2%2Fcategories&post=14289"},{"taxonomy":"post_tag","embeddable":true,"href":"http:\/\/revistalaneta.com.mx\/index.php?rest_route=%2Fwp%2Fv2%2Ftags&post=14289"}],"curies":[{"name":"wp","href":"https:\/\/api.w.org\/{rel}","templated":true}]}}