{"id":14307,"date":"2024-10-05T00:25:32","date_gmt":"2024-10-05T00:25:32","guid":{"rendered":"http:\/\/revistalaneta.com.mx\/?p=14307"},"modified":"2024-10-05T00:25:48","modified_gmt":"2024-10-05T00:25:48","slug":"tiene-capset-nuevo-director-general","status":"publish","type":"post","link":"http:\/\/revistalaneta.com.mx\/?p=14307","title":{"rendered":"Tiene CAPSET nuevo director general"},"content":{"rendered":"\n<p><\/p>\n\n\n\n<p><\/p>\n\n\n\n<p>Ciudad Victoria, Tamaulipas.- Bajo la encomienda instruida por el gobernador Am\u00e9rico Villarreal Anaya, de contar con las y los funcionarios mejor capacitados de acuerdo a sus responsabilidades y con sentido humanista, el secretario de Recursos Hidr\u00e1ulicos para el Desarrollo Social, Ra\u00fal Quiroga \u00c1lvarez, hizo entrega a Juan Enrique Cabrero Ram\u00edrez, de su nombramiento como nuevo director general de la Comisi\u00f3n de Agua Potable y Saneamiento del Estado de Tamaulipas (CAPSET).<\/p>\n\n\n\n<p>La CAPSET tiene como objetivo apoyar a la Secretar\u00eda de Recursos Hidr\u00e1ulicos para el Desarrollo Social en la conducci\u00f3n de la pol\u00edtica p\u00fablica estatal en materia de implementaci\u00f3n de acciones administrativas y t\u00e9cnico-operativas oportunas que garanticen el acceso al agua para consumo personal y dom\u00e9stico, as\u00ed como el saneamiento de la misma.<\/p>\n\n\n\n<p>El nuevo titular de la CAPSET es ingeniero civil por la Universidad Aut\u00f3noma de San Luis Potos\u00ed y Maestro en Valuaci\u00f3n Inmobiliaria e Industrial por el Instituto Tecnol\u00f3gico de la Construcci\u00f3n. Adem\u00e1s, cuenta con amplia experiencia y conocimiento en el sector hidr\u00e1ulico, habiendo desempe\u00f1ado cargos en la Secretar\u00eda de Recursos Hidr\u00e1ulicos zona centro y zona cuenca baja del P\u00e1nuco, la Secretar\u00eda de Agricultura y Recursos Hidr\u00e1ulicos, y de consultor\u00eda, entre otros.<\/p>\n\n\n\n<p>La entrega del documento realizada por el secretario de Recursos Hidr\u00e1ulicos para el Desarrollo Social, sirvi\u00f3 para refrendar el compromiso con la transformaci\u00f3n del sector hidr\u00e1ulico y para seguir garantizando el derecho humano al agua para el bienestar de las y los tamaulipecos.<code> * * *<\/code><\/p>\n","protected":false},"excerpt":{"rendered":"<p>Ciudad Victoria, Tamaulipas.- Bajo la encomienda instruida por el gobernador Am\u00e9rico Villarreal Anaya, de contar con las y los funcionarios mejor capacitados de acuerdo a sus responsabilidades y con sentido &hellip; <a href=\"http:\/\/revistalaneta.com.mx\/?p=14307\" class=\"more-link\">Leer m\u00e1s<\/a><\/p>\n","protected":false},"author":1,"featured_media":14306,"comment_status":"open","ping_status":"open","sticky":false,"template":"","format":"standard","meta":{"footnotes":""},"categories":[7],"tags":[],"class_list":["post-14307","post","type-post","status-publish","format-standard","has-post-thumbnail","hentry","category-ciudad-victoria","entry"],"_links":{"self":[{"href":"http:\/\/revistalaneta.com.mx\/index.php?rest_route=\/wp\/v2\/posts\/14307","targetHints":{"allow":["GET"]}}],"collection":[{"href":"http:\/\/revistalaneta.com.mx\/index.php?rest_route=\/wp\/v2\/posts"}],"about":[{"href":"http:\/\/revistalaneta.com.mx\/index.php?rest_route=\/wp\/v2\/types\/post"}],"author":[{"embeddable":true,"href":"http:\/\/revistalaneta.com.mx\/index.php?rest_route=\/wp\/v2\/users\/1"}],"replies":[{"embeddable":true,"href":"http:\/\/revistalaneta.com.mx\/index.php?rest_route=%2Fwp%2Fv2%2Fcomments&post=14307"}],"version-history":[{"count":1,"href":"http:\/\/revistalaneta.com.mx\/index.php?rest_route=\/wp\/v2\/posts\/14307\/revisions"}],"predecessor-version":[{"id":14308,"href":"http:\/\/revistalaneta.com.mx\/index.php?rest_route=\/wp\/v2\/posts\/14307\/revisions\/14308"}],"wp:featuredmedia":[{"embeddable":true,"href":"http:\/\/revistalaneta.com.mx\/index.php?rest_route=\/wp\/v2\/media\/14306"}],"wp:attachment":[{"href":"http:\/\/revistalaneta.com.mx\/index.php?rest_route=%2Fwp%2Fv2%2Fmedia&parent=14307"}],"wp:term":[{"taxonomy":"category","embeddable":true,"href":"http:\/\/revistalaneta.com.mx\/index.php?rest_route=%2Fwp%2Fv2%2Fcategories&post=14307"},{"taxonomy":"post_tag","embeddable":true,"href":"http:\/\/revistalaneta.com.mx\/index.php?rest_route=%2Fwp%2Fv2%2Ftags&post=14307"}],"curies":[{"name":"wp","href":"https:\/\/api.w.org\/{rel}","templated":true}]}}