{"id":14311,"date":"2024-10-05T00:27:25","date_gmt":"2024-10-05T00:27:25","guid":{"rendered":"http:\/\/revistalaneta.com.mx\/?p=14311"},"modified":"2024-10-05T00:27:55","modified_gmt":"2024-10-05T00:27:55","slug":"capacita-dif-tamaulipas-a-su-personal-en-lengua-de-senas-mexicana","status":"publish","type":"post","link":"http:\/\/revistalaneta.com.mx\/?p=14311","title":{"rendered":"Capacita DIF Tamaulipas a su personal en Lengua de Se\u00f1as Mexicana"},"content":{"rendered":"\n<p><\/p>\n\n\n\n<p><\/p>\n\n\n\n<p>Ciudad Victoria, Tamaulipas. Como parte de la capacitaci\u00f3n continua que recibe el personal del Centro de Rehabilitaci\u00f3n y Educaci\u00f3n Especial (CREE) del Sistema para el Desarrollo Integral de la Familia en Tamaulipas que preside la doctora Mar\u00eda de Villarreal, se llev\u00f3 a cabo el curso de Lengua de Se\u00f1as Mexicana para reforzar la comunicaci\u00f3n con las personas que presenten discapacidad auditiva y que asisten a solicitar alg\u00fan servicio.<\/p>\n\n\n\n<p>En este curso se incluyeron temas como historia, n\u00fameros, cuestionamiento, cordialidad, familia, verbos, profesiones, cuerpo humano, enfermedades y sus s\u00edntomas, vocabulario cl\u00ednico, entre otros que facilitan el entendimiento cotidiano entre pacientes y el personal de esa instituci\u00f3n de asistencia social.<\/p>\n\n\n\n<p>Durante dos d\u00edas de trabajo, m\u00e1s de 50 profesionales de este centro de atenci\u00f3n especializada recibieron los conocimientos pr\u00e1cticos para utilizar este sistema de comunicaci\u00f3n, que adem\u00e1s promueve la inclusi\u00f3n y la integraci\u00f3n de las personas con discapacidad y sus familias.<\/p>\n\n\n\n<p>De esta manera, el DIF Tamaulipas contin\u00faa apoyando a quienes m\u00e1s lo necesitan con humanismo y una atenci\u00f3n personalizada.<code> * * *<\/code><\/p>\n","protected":false},"excerpt":{"rendered":"<p>Ciudad Victoria, Tamaulipas. Como parte de la capacitaci\u00f3n continua que recibe el personal del Centro de Rehabilitaci\u00f3n y Educaci\u00f3n Especial (CREE) del Sistema para el Desarrollo Integral de la Familia &hellip; <a href=\"http:\/\/revistalaneta.com.mx\/?p=14311\" class=\"more-link\">Leer m\u00e1s<\/a><\/p>\n","protected":false},"author":1,"featured_media":14310,"comment_status":"open","ping_status":"open","sticky":false,"template":"","format":"standard","meta":{"footnotes":""},"categories":[7],"tags":[],"class_list":["post-14311","post","type-post","status-publish","format-standard","has-post-thumbnail","hentry","category-ciudad-victoria","entry"],"_links":{"self":[{"href":"http:\/\/revistalaneta.com.mx\/index.php?rest_route=\/wp\/v2\/posts\/14311","targetHints":{"allow":["GET"]}}],"collection":[{"href":"http:\/\/revistalaneta.com.mx\/index.php?rest_route=\/wp\/v2\/posts"}],"about":[{"href":"http:\/\/revistalaneta.com.mx\/index.php?rest_route=\/wp\/v2\/types\/post"}],"author":[{"embeddable":true,"href":"http:\/\/revistalaneta.com.mx\/index.php?rest_route=\/wp\/v2\/users\/1"}],"replies":[{"embeddable":true,"href":"http:\/\/revistalaneta.com.mx\/index.php?rest_route=%2Fwp%2Fv2%2Fcomments&post=14311"}],"version-history":[{"count":1,"href":"http:\/\/revistalaneta.com.mx\/index.php?rest_route=\/wp\/v2\/posts\/14311\/revisions"}],"predecessor-version":[{"id":14312,"href":"http:\/\/revistalaneta.com.mx\/index.php?rest_route=\/wp\/v2\/posts\/14311\/revisions\/14312"}],"wp:featuredmedia":[{"embeddable":true,"href":"http:\/\/revistalaneta.com.mx\/index.php?rest_route=\/wp\/v2\/media\/14310"}],"wp:attachment":[{"href":"http:\/\/revistalaneta.com.mx\/index.php?rest_route=%2Fwp%2Fv2%2Fmedia&parent=14311"}],"wp:term":[{"taxonomy":"category","embeddable":true,"href":"http:\/\/revistalaneta.com.mx\/index.php?rest_route=%2Fwp%2Fv2%2Fcategories&post=14311"},{"taxonomy":"post_tag","embeddable":true,"href":"http:\/\/revistalaneta.com.mx\/index.php?rest_route=%2Fwp%2Fv2%2Ftags&post=14311"}],"curies":[{"name":"wp","href":"https:\/\/api.w.org\/{rel}","templated":true}]}}