{"id":14314,"date":"2024-10-05T00:29:38","date_gmt":"2024-10-05T00:29:38","guid":{"rendered":"http:\/\/revistalaneta.com.mx\/?p=14314"},"modified":"2024-10-05T00:29:49","modified_gmt":"2024-10-05T00:29:49","slug":"impulsa-certamen-estatal-creatividad-e-innovacion-tecnologica-talento-de-ninas-ninos-y-jovenes-tamaulipecos","status":"publish","type":"post","link":"http:\/\/revistalaneta.com.mx\/?p=14314","title":{"rendered":"Impulsa Certamen Estatal Creatividad e Innovaci\u00f3n Tecnol\u00f3gica talento de ni\u00f1as, ni\u00f1os y j\u00f3venes tamaulipecos"},"content":{"rendered":"\n<p><\/p>\n\n\n\n<ul class=\"wp-block-list\">\n<li>En la ciudad de Tampico se efectu\u00f3 la sede regional correspondiente a los municipios del sur de Tamaulipas<\/li>\n<\/ul>\n\n\n\n<p><\/p>\n\n\n\n<p>Tampico, Tamaulipas.\u2013 Con la finalidad de impulsar el inter\u00e9s en las ciencias y tecnolog\u00edas e incentivar el talento de las ni\u00f1as, ni\u00f1os y j\u00f3venes estudiantes tamaulipecos, el Consejo Tamaulipeco de Ciencia y Tecnolog\u00eda (COTACYT), lleva a cabo la edici\u00f3n n\u00famero 26 del Certamen Estatal Creatividad e Innovaci\u00f3n Tecnol\u00f3gica.<\/p>\n\n\n\n<p>En sus etapas regionales, se realiz\u00f3 en el municipio de Tampico, con sede en el Gimnasio Multidisciplinario de la Universidad Aut\u00f3noma de Tamaulipas, donde destacadas personalidades del \u00e1mbito educativo, gubernamental y empresarial de la zona sur de la entidad se dieron cita.<\/p>\n\n\n\n<p>El Certamen Estatal Creatividad e Innovaci\u00f3n Tecnol\u00f3gica es un espacio para la presentaci\u00f3n de proyectos innovadores que demuestran la creatividad y el ingenio de las y los estudiantes desde el nivel de preescolar hasta el de educaci\u00f3n superior y posgrado.<\/p>\n\n\n\n<p>En esta fase regional participaron m\u00e1s de 90 proyectos, con el enfoque de resolver los problemas que tienen en sus localidades, usando la ciencia y la tecnolog\u00eda para ello. Los ganadores obtuvieron su pase al certamen estatal que se efectuar\u00e1 el 31 de octubre y 1 de noviembre en Ciudad Victoria.<\/p>\n\n\n\n<p>Estuvieron presentes Guadalupe Acosta Villarreal, subsecretario de Educaci\u00f3n Media Superior y Superior, representante de la secretaria de Educaci\u00f3n, Luc\u00eda Aim\u00e9 Castillo Pastor; Fernando Leal R\u00edos, secretario de Investigaci\u00f3n y Posgrado de la UAT; Julio Mart\u00ednez Burnes, director general del COTACYT; y representantes del Instituto Mexicano de la Propiedad Industrial, la Fundaci\u00f3n Fleishman y del Consejo de Instituciones Empresariales del Sur de Tamaulipas.<\/p>\n\n\n\n<p>Con estas competencias se cumple el compromiso del Gobierno del Estado, dirigido por Am\u00e9rico Villarreal Anaya, de fortalecer la formaci\u00f3n de las y los estudiantes as\u00ed como el de avanzar en la transformaci\u00f3n de Tamaulipas.<code> * * *<\/code><\/p>\n","protected":false},"excerpt":{"rendered":"<p>Tampico, Tamaulipas.\u2013 Con la finalidad de impulsar el inter\u00e9s en las ciencias y tecnolog\u00edas e incentivar el talento de las ni\u00f1as, ni\u00f1os y j\u00f3venes estudiantes tamaulipecos, el Consejo Tamaulipeco de &hellip; <a href=\"http:\/\/revistalaneta.com.mx\/?p=14314\" class=\"more-link\">Leer m\u00e1s<\/a><\/p>\n","protected":false},"author":1,"featured_media":14313,"comment_status":"open","ping_status":"open","sticky":false,"template":"","format":"standard","meta":{"footnotes":""},"categories":[7],"tags":[],"class_list":["post-14314","post","type-post","status-publish","format-standard","has-post-thumbnail","hentry","category-ciudad-victoria","entry"],"_links":{"self":[{"href":"http:\/\/revistalaneta.com.mx\/index.php?rest_route=\/wp\/v2\/posts\/14314","targetHints":{"allow":["GET"]}}],"collection":[{"href":"http:\/\/revistalaneta.com.mx\/index.php?rest_route=\/wp\/v2\/posts"}],"about":[{"href":"http:\/\/revistalaneta.com.mx\/index.php?rest_route=\/wp\/v2\/types\/post"}],"author":[{"embeddable":true,"href":"http:\/\/revistalaneta.com.mx\/index.php?rest_route=\/wp\/v2\/users\/1"}],"replies":[{"embeddable":true,"href":"http:\/\/revistalaneta.com.mx\/index.php?rest_route=%2Fwp%2Fv2%2Fcomments&post=14314"}],"version-history":[{"count":1,"href":"http:\/\/revistalaneta.com.mx\/index.php?rest_route=\/wp\/v2\/posts\/14314\/revisions"}],"predecessor-version":[{"id":14315,"href":"http:\/\/revistalaneta.com.mx\/index.php?rest_route=\/wp\/v2\/posts\/14314\/revisions\/14315"}],"wp:featuredmedia":[{"embeddable":true,"href":"http:\/\/revistalaneta.com.mx\/index.php?rest_route=\/wp\/v2\/media\/14313"}],"wp:attachment":[{"href":"http:\/\/revistalaneta.com.mx\/index.php?rest_route=%2Fwp%2Fv2%2Fmedia&parent=14314"}],"wp:term":[{"taxonomy":"category","embeddable":true,"href":"http:\/\/revistalaneta.com.mx\/index.php?rest_route=%2Fwp%2Fv2%2Fcategories&post=14314"},{"taxonomy":"post_tag","embeddable":true,"href":"http:\/\/revistalaneta.com.mx\/index.php?rest_route=%2Fwp%2Fv2%2Ftags&post=14314"}],"curies":[{"name":"wp","href":"https:\/\/api.w.org\/{rel}","templated":true}]}}