{"id":14332,"date":"2024-10-10T11:58:48","date_gmt":"2024-10-10T11:58:48","guid":{"rendered":"http:\/\/revistalaneta.com.mx\/?p=14332"},"modified":"2024-10-10T11:59:06","modified_gmt":"2024-10-10T11:59:06","slug":"avanzan-cedes-de-tamaulipas-en-clasificacion-nacional","status":"publish","type":"post","link":"http:\/\/revistalaneta.com.mx\/?p=14332","title":{"rendered":"Avanzan CEDES de Tamaulipas en clasificaci\u00f3n nacional"},"content":{"rendered":"\n<p><\/p>\n\n\n\n<ul class=\"wp-block-list\">\n<li>Desde el 2022 Tamaulipas ascendi\u00f3 13 sitios en el Diagn\u00f3stico Nacional de Supervisi\u00f3n Penitenciaria<\/li>\n<\/ul>\n\n\n\n<p><\/p>\n\n\n\n<p>Ciudad Victoria, Tamaulipas.- Resultado del trabajo realizado en la Secretar\u00eda de Seguridad P\u00fablica de Tamaulipas (SSPT) a trav\u00e9s de la Subsecretar\u00eda de Ejecuci\u00f3n de Sanciones y Reinserci\u00f3n Social, los cinco Centros de Ejecuci\u00f3n de Sanciones (CEDES) de la entidad ascendieron 13 lugares en el Diagn\u00f3stico Nacional de Supervisi\u00f3n Penitenciaria.<\/p>\n\n\n\n<p>De acuerdo al secretario de Seguridad P\u00fablica de Tamaulipas, Sergio Hernando Ch\u00e1vez Garc\u00eda, en el a\u00f1o 2022 la entidad se encontraba en el lugar 32 a nivel nacional; sin embargo, en la \u00faltima edici\u00f3n de esta clasificaci\u00f3n se coloc\u00f3 en el lugar 19.<\/p>\n\n\n\n<p>Entre las acciones que la actual administraci\u00f3n estatal, encabezada por el gobernador Am\u00e9rico Villarreal Anaya implementa para seguir mejorando las condiciones de vida y seguridad de las personas privadas de la libertad (PPLs), destac\u00f3 las gestiones para reactivar la construcci\u00f3n del nuevo CEDES Victoria, ubicado en la salida a Soto la Marina.<\/p>\n\n\n\n<p>En este sentido, explic\u00f3 que a\u00fan y que no existe sobrepoblaci\u00f3n en el CEDES Victoria, por la antig\u00fcedad del edificio y su ubicaci\u00f3n dentro de la mancha urbana son los principales motivos que impulsan la reactivaci\u00f3n de esta obra.<\/p>\n\n\n\n<p>Con la finalidad de mejorar la seguridad y vestimenta de PPLs, coment\u00f3 que se encuentra en proceso de licitaci\u00f3n la adquisici\u00f3n de uniformes para esta poblaci\u00f3n, asimismo, destac\u00f3 el uso de la tecnolog\u00eda en los cinco centros para mejorar la seguridad, puesto que en todos se cuenta con arcos detectores, aparatos de Rayos X y sistema de videovigilancia.<\/p>\n\n\n\n<p>Tambi\u00e9n contin\u00faan las revisiones peri\u00f3dicas a los CEDES en coadyuvancia con la Guardia Nacional, Comisi\u00f3n de Derechos Humanos del Estado de Tamaulipas (CODHET), Ej\u00e9rcito Mexicano y las fiscal\u00edas, del estado y la rep\u00fablica, cuyo enfoque principal es garantizar la seguridad de las PPLs detectando y retirando objetos no permitidos.<\/p>\n\n\n\n<p>\u2018\u2019La subsecretar\u00eda tiene un programa que no responde a calendario, responde a otro tipo de informaci\u00f3n que se recaba, responde a periodicidad y todos los penales son revisados por lo menos una vez al mes, por lo menos aqu\u00ed en Tamaulipas, en un esfuerzo interinstitucional\u2019\u2019, dijo.<code> * * *<\/code><\/p>\n","protected":false},"excerpt":{"rendered":"<p>Ciudad Victoria, Tamaulipas.- Resultado del trabajo realizado en la Secretar\u00eda de Seguridad P\u00fablica de Tamaulipas (SSPT) a trav\u00e9s de la Subsecretar\u00eda de Ejecuci\u00f3n de Sanciones y Reinserci\u00f3n Social, los cinco &hellip; <a href=\"http:\/\/revistalaneta.com.mx\/?p=14332\" class=\"more-link\">Leer m\u00e1s<\/a><\/p>\n","protected":false},"author":1,"featured_media":14331,"comment_status":"open","ping_status":"open","sticky":false,"template":"","format":"standard","meta":{"footnotes":""},"categories":[7],"tags":[],"class_list":["post-14332","post","type-post","status-publish","format-standard","has-post-thumbnail","hentry","category-ciudad-victoria","entry"],"_links":{"self":[{"href":"http:\/\/revistalaneta.com.mx\/index.php?rest_route=\/wp\/v2\/posts\/14332","targetHints":{"allow":["GET"]}}],"collection":[{"href":"http:\/\/revistalaneta.com.mx\/index.php?rest_route=\/wp\/v2\/posts"}],"about":[{"href":"http:\/\/revistalaneta.com.mx\/index.php?rest_route=\/wp\/v2\/types\/post"}],"author":[{"embeddable":true,"href":"http:\/\/revistalaneta.com.mx\/index.php?rest_route=\/wp\/v2\/users\/1"}],"replies":[{"embeddable":true,"href":"http:\/\/revistalaneta.com.mx\/index.php?rest_route=%2Fwp%2Fv2%2Fcomments&post=14332"}],"version-history":[{"count":1,"href":"http:\/\/revistalaneta.com.mx\/index.php?rest_route=\/wp\/v2\/posts\/14332\/revisions"}],"predecessor-version":[{"id":14333,"href":"http:\/\/revistalaneta.com.mx\/index.php?rest_route=\/wp\/v2\/posts\/14332\/revisions\/14333"}],"wp:featuredmedia":[{"embeddable":true,"href":"http:\/\/revistalaneta.com.mx\/index.php?rest_route=\/wp\/v2\/media\/14331"}],"wp:attachment":[{"href":"http:\/\/revistalaneta.com.mx\/index.php?rest_route=%2Fwp%2Fv2%2Fmedia&parent=14332"}],"wp:term":[{"taxonomy":"category","embeddable":true,"href":"http:\/\/revistalaneta.com.mx\/index.php?rest_route=%2Fwp%2Fv2%2Fcategories&post=14332"},{"taxonomy":"post_tag","embeddable":true,"href":"http:\/\/revistalaneta.com.mx\/index.php?rest_route=%2Fwp%2Fv2%2Ftags&post=14332"}],"curies":[{"name":"wp","href":"https:\/\/api.w.org\/{rel}","templated":true}]}}