{"id":14443,"date":"2024-10-16T14:26:09","date_gmt":"2024-10-16T14:26:09","guid":{"rendered":"http:\/\/revistalaneta.com.mx\/?p=14443"},"modified":"2024-10-16T14:26:46","modified_gmt":"2024-10-16T14:26:46","slug":"no-figuran-diputados-locales-de-nuevo-laredo","status":"publish","type":"post","link":"http:\/\/revistalaneta.com.mx\/?p=14443","title":{"rendered":"NO FIGURAN DIPUTADOS LOCALES DE NUEVO LAREDO"},"content":{"rendered":"\n<p><br>Al frente de comisiones irrelevantes quedaron los tres diputados locales de Nuevo Laredo, esto dentro del Congreso del Estado. Y es que ni Gabriela Regalado Fuentes, ni Ana Laura Huerta Valdovinos, ni Sergio Ojeda Castillo, pudieron quedarse con comisiones representativas, pues estas las acapararon los legisladores de Reynosa, Matamoros y Victoria. Un ejemplo de esto es que la reynosense Magaly De\u00e1ndar Robinson, se qued\u00f3 con la presidencia de la Comisi\u00f3n de Gobernaci\u00f3n; el matamorense Isidro Vargas Fern\u00e1ndez, con la de Finanzas; el reynosense Marco Antonio Gallegos Galv\u00e1n, con la de Seguridad P\u00fablica; la victorense Yuriria Iturbe V\u00e1zquez, con Educaci\u00f3n; el matamorense Victor Manuel Garc\u00eda Fuentes, con la de Salud y el reynosense Humberto Prieto Herrera con la Comisi\u00f3n Instructora, que es la que ver\u00e1 los temas de juicios pol\u00edticos. Pero bueno, tambi\u00e9n hay que entender que a los diputados que no figuran, no les van a dar comisiones importantes. As\u00ed de f\u00e1cil.<\/p>\n\n\n\n<p>APOYA CCR RECUPERAR EL CONTROL DE V\u00cdAS F\u00c9RREAS<br \/>Tras considerar que el desarrollo del transporte ferroviario de pasajeros no solo conectar\u00e1 mejor a nuestro pa\u00eds, sino que abrir\u00e1 nuevas oportunidades econ\u00f3micas para regiones olvidadas, el diputado federal Carlos Canturosas Villarreal, explic\u00f3 el porque de su voto a la modificaci\u00f3n del art\u00edculo 28 de la Constituci\u00f3n Pol\u00edtica de los Estados Unidos Mexicanos, que permitir\u00e1 al Estado mexicano recuperar el control de las v\u00edas f\u00e9rreas y otorgar concesiones a empresas p\u00fablicas o privadas para operar el servicio de transporte de pasajeros. El legislador neolaredense dijo que dicha reforma prioriza el transporte ferroviario como un tema estrat\u00e9gico para el pa\u00eds, y es un paso hacia un M\u00e9xico m\u00e1s conectado y pr\u00f3spero. Asimismo hizo referencia que Nuevo Laredo se ver\u00e1 ampliamente beneficiado con el tren de pasajeros que conectar\u00e1 directamente con la Ciudad de M\u00e9xico, pasando por Monterrey, Saltillo, San Luis Potos\u00ed y Quer\u00e9taro.<\/p>\n\n\n\n<p>BUENA PETICI\u00d3N DE LA COMAPA<br \/>La Comisi\u00f3n Municipal de Agua Potable y Alcantarillado (COMAPA) de Nuevo Laredo hace un exhorto a la ciudadan\u00eda en general para reutilizar el agua que desechan los mini-splits y dem\u00e1s aparatos de aire acondicionado, en acciones como el riego de plantas, el lavado de coches, la limpieza de pisos o patios o tambi\u00e9n en el uso del inodoro. Y s\u00ed, bien se puede reutilizar esa agua, y as\u00ed ahorrar el l\u00edquido que emana de las tomas domiciliarias. Eso s\u00ed, aclaran que no es un agua potable, por lo que no es recomendable su uso, ni siquiera para los animales. Una buena recomendaci\u00f3n, sin duda alguna, que demuestra que los directivos de la COMAPA, est\u00e1n en la jugada.<\/p>\n\n\n\n<p>CAR\u00cdSIMAS LAS FRUTAS<br \/>A 140 pesos el kilo de uva, a 125 la ciruela, a100 pesos el kilo de durazno, a 90 pesos el kilo de mandarina, a 80 pesos el kilo de granada de ciruela y de pera, a 50 pesos el kilo de naranja, de papaya y de manzana, es como oscila el precio de las frutas actualmente en los supermercados de Nuevo Laredo. \u00bfY as\u00ed quiere el gobierno que la gente consuma fruta, si estas est\u00e1n car\u00edsimas? Lo m\u00e1s barato que se puede encontrar es el pl\u00e1tano, en unos 25 pesos el kilo, la sand\u00eda en 20 pesos, el mel\u00f3n en 30 pesos y la pi\u00f1a en 40 pesos, estas las piezas de estas tres \u00faltimas sobrepasan el kilo. Algo tiene que hacer el gobierno para que las frutas est\u00e9n m\u00e1s disponibles a los consumidores, o de lo contrario pues ya no recomienden as\u00ed tan abiertamente su consumo, porque eso representa una mentada de progenitora, sobre todo para los de menores recursos econ\u00f3micos.<\/p>\n\n\n\n<p>YA VIENE EL HALLOWEEN<br \/>Muchas casas en Nuevo Laredo ya est\u00e1n adornadas con figuras alusivas al Halloween. Y es que por m\u00e1s que se diga que dicho festejo es anglosaj\u00f3n y no deber\u00eda de celebrarse, en esta ciudad fronteriza es una tradici\u00f3n salir a pedir golosinas y divertirse el 31 de octubre, y pues ni modo, la gente es la que decide. Lo cierto es que cada vez m\u00e1s casas de la localidad se adornan con im\u00e1genes de calaveras, vampiros, momias y dem\u00e1s monstruos y eso en cierta parte las hace sitios de visita. Caso concreto es la de la calle Guti\u00e9rrez cuadra 55, que este a\u00f1o luce otras im\u00e1genes, y la gente va a tomarse fotos en la misma, convirti\u00e9ndose en un atractivo en la ciudad. Y bueno, las autoridades de Protecci\u00f3n Civil y Bomberos ya se preparan para dentro de tres semanas brindar la debida seguridad el famoso D\u00eda de Halloween. Sea pues.<\/p>\n\n\n\n<p>CELEBRAR\u00c1 LA UAT CONGRESO EN NUEVO LAREDO<br \/>Del 4 al 6 de noviembre la Facultad de Enfermer\u00eda Nuevo Laredo de la Universidad Aut\u00f3noma de Tamaulipas (UAT) realizar\u00e1 el Cuarto Congreso Internacional de Enfermer\u00eda \u201cInnovaci\u00f3n en la investigaci\u00f3n, promoci\u00f3n y cuidado de la salud\u201d, en esta ciudad fronteriza. En dicho congreso habr\u00e1 talleres, foros, conferencias, presentaciones y ponencias que abordar\u00e1n innovaciones en salud y educaci\u00f3n, centr\u00e1ndose en el cuidado integral de las personas, la prevenci\u00f3n de adicciones, el uso de nuevas tecnolog\u00edas y la formaci\u00f3n de l\u00edderes para abordar estos desaf\u00edos de manera efectiva. Ser\u00e1 un evento con el que se busca ser un espacio acad\u00e9mico en el que profesionales de la salud, estudiantes, profesores, investigadores y pasantes de enfermer\u00eda de todo el pa\u00eds tengan la oportunidad de beneficiarse con el conocimiento y experiencia de destacados ponentes internacionales, nacionales y locales en el \u00e1mbito de la innovaci\u00f3n en enfermer\u00eda. Bien por ello.<\/p>\n\n\n\n<p>ENTREGAN TELMEX Y DIF TAMAULIPAAS 300 APARATOS AUDITIVOS<br \/>Un total de 300 aparatos auditivos, con lo cual se beneficia a m\u00e1s de 170 personas de diversos municipios de la entidad, fueron entregados por la Fundaci\u00f3n Telmex, en coordinaci\u00f3n con el Sistema DIF Tamaulipas, que preside la doctora Mar\u00eda Santiago de Villarreal. Cabe indicar que del 7 al 9 de octubre un grupo de m\u00e9dicos de la empresa Phono &amp; Medical de Guadalajara, Jalisco, efectuaron los estudios previos correspondientes, a trav\u00e9s de audiometr\u00edas, para determinar los par\u00e1metros personalizados de cada paciente, quienes en su mayor\u00eda requirieron hasta dos aparatos auditivos, los cuales unitariamente tienen un costo en el mercado de alrededor de 18 mil pesos. Bien por Telmex y el DIF, que siguen generando beneficios a la comunidad.<\/p>\n\n\n\n<p>LO \u00daLTIMO<br \/>Este jueves habr\u00e1 Junta del Cabildo de Nuevo Laredo a las 10 de la ma\u00f1ana en la que se espera se tome protesta a Jes\u00fas Jasso Montemayor como primer s\u00edndico. Igualmente se espera se vote la propuesta del Congreso del Estado de que ya no se requiera el voto de los cabildos de la entidad para avalar leyes que el mismo congreso emita. Y en asuntos generales a ver qu\u00e9 temas se dan\u2026 Sin duda alguna de los regidores del Cabildo de Nuevo Laredo m\u00e1s visitados en su cub\u00edculo es Jos\u00e9 Hemin Pascacio Rodr\u00edguez, pues a diario recibe gente que va a saludarlo. Y como no, si tiene muchos amigos, y adem\u00e1s es una persona muy dada ayudar a los dem\u00e1s, y por lo tanto se espera mucho de \u00e9l como regidor\u2026 Para el viernes a las nueve de la ma\u00f1ana se ofrecer\u00e1 conferencia de prensa en la Asociaci\u00f3n de Agentes Aduanales de Nuevo Laredo, por parte de la directiva de este mismo organismo que ahora encabeza Rosa Mar\u00eda Alvarado Monroy, para hablar de temas relacionados con las carreteras que convergen hacia esta ciudad fronteriza\u2026 Este viernes inicia la Feria Tamaulipas 2024 en Ciudad Victoria. Va a estar buena pues habr\u00e1 muchos artistas reconocidos, tanto en el teatro del pueblo, como en el centro de espect\u00e1culos.<\/p>\n","protected":false},"excerpt":{"rendered":"<p>Al frente de comisiones irrelevantes quedaron los tres diputados locales de Nuevo Laredo, esto dentro del Congreso del Estado. Y es que ni Gabriela Regalado Fuentes, ni Ana Laura Huerta &hellip; <a href=\"http:\/\/revistalaneta.com.mx\/?p=14443\" class=\"more-link\">Leer m\u00e1s<\/a><\/p>\n","protected":false},"author":1,"featured_media":14442,"comment_status":"open","ping_status":"open","sticky":false,"template":"","format":"standard","meta":{"footnotes":""},"categories":[2],"tags":[],"class_list":["post-14443","post","type-post","status-publish","format-standard","has-post-thumbnail","hentry","category-chismorreo","entry"],"_links":{"self":[{"href":"http:\/\/revistalaneta.com.mx\/index.php?rest_route=\/wp\/v2\/posts\/14443","targetHints":{"allow":["GET"]}}],"collection":[{"href":"http:\/\/revistalaneta.com.mx\/index.php?rest_route=\/wp\/v2\/posts"}],"about":[{"href":"http:\/\/revistalaneta.com.mx\/index.php?rest_route=\/wp\/v2\/types\/post"}],"author":[{"embeddable":true,"href":"http:\/\/revistalaneta.com.mx\/index.php?rest_route=\/wp\/v2\/users\/1"}],"replies":[{"embeddable":true,"href":"http:\/\/revistalaneta.com.mx\/index.php?rest_route=%2Fwp%2Fv2%2Fcomments&post=14443"}],"version-history":[{"count":1,"href":"http:\/\/revistalaneta.com.mx\/index.php?rest_route=\/wp\/v2\/posts\/14443\/revisions"}],"predecessor-version":[{"id":14444,"href":"http:\/\/revistalaneta.com.mx\/index.php?rest_route=\/wp\/v2\/posts\/14443\/revisions\/14444"}],"wp:featuredmedia":[{"embeddable":true,"href":"http:\/\/revistalaneta.com.mx\/index.php?rest_route=\/wp\/v2\/media\/14442"}],"wp:attachment":[{"href":"http:\/\/revistalaneta.com.mx\/index.php?rest_route=%2Fwp%2Fv2%2Fmedia&parent=14443"}],"wp:term":[{"taxonomy":"category","embeddable":true,"href":"http:\/\/revistalaneta.com.mx\/index.php?rest_route=%2Fwp%2Fv2%2Fcategories&post=14443"},{"taxonomy":"post_tag","embeddable":true,"href":"http:\/\/revistalaneta.com.mx\/index.php?rest_route=%2Fwp%2Fv2%2Ftags&post=14443"}],"curies":[{"name":"wp","href":"https:\/\/api.w.org\/{rel}","templated":true}]}}