{"id":14446,"date":"2024-10-16T14:28:09","date_gmt":"2024-10-16T14:28:09","guid":{"rendered":"http:\/\/revistalaneta.com.mx\/?p=14446"},"modified":"2024-10-16T14:29:03","modified_gmt":"2024-10-16T14:29:03","slug":"diputados-locales-sin-brillo","status":"publish","type":"post","link":"http:\/\/revistalaneta.com.mx\/?p=14446","title":{"rendered":"DIPUTADOS LOCALES SIN BRILLO"},"content":{"rendered":"\n<p><\/p>\n\n\n\n<p>-Am\u00e9rico llama \u201cpecado\u201d el subejercicio<\/p>\n\n\n\n<p>&#8211;<a><\/a><a><\/a><a>Senadora&nbsp;<\/a><a href=\"https:\/\/mobile-webview.gmail.com\/-272311228\/-746924799015043078#m_-8266957677867537502__msocom_1\">[<\/a>descubre el hilo negro<\/p>\n\n\n\n<p>-Toma protesta presidenta del DIF<\/p>\n\n\n\n<p>Tiempo de opinar<\/p>\n\n\n\n<p>Ra\u00fal Hern\u00e1ndez Moreno<\/p>\n\n\n\n<p>10-octubre-2024<\/p>\n\n\n\n<p>En los \u00faltimos cuatro sexenios, incluyendo el que corre, tres neolaredenses han sido l\u00edderes del Congreso de Tamaulipas.<\/p>\n\n\n\n<p>Con Eugenio Hern\u00e1ndez Flores, lo fue Ram\u00f3n Garza Barrios; con Egidio Torre Cant\u00fa, Ramiro Ramos Salinas; y con Am\u00e9rico Villarreal, F\u00e9lix Garc\u00eda Aguiar, que sorprendentemente se hizo cargo de la presidencia de la Junta de Coordinaci\u00f3n Pol\u00edtica, a pesar de que su partido, el PAN, no era mayor\u00eda. Pero lo pudo ser, porque el gobernador Francisco Garc\u00eda Cabeza de Vaca se supo mover para controlar al Congreso.<\/p>\n\n\n\n<p>Hemos tenido dos l\u00edderes del Congreso surgidos del PRI y uno del PAN. Hasta ahora Morena no ha dado uno solo y con la calidad de los actuales dos diputados, Sergio Ojeda y Ana Laura Huerta, se antoja imposible que alg\u00fan d\u00eda puedan serlo. A ellos les viene como anillo al dedo, aquella m\u00e1xima de que lo que Salamanca no da, la naturaleza no presta. Ni hablar.<\/p>\n\n\n\n<p>La otra diputada que lleg\u00f3 por Nuevo Laredo, ya vive desde hace varios meses en Tampico, ya trabaja para favorecer a los tampique\u00f1os, si es que realmente trabaja, porque los tres a\u00f1os anteriores s\u00f3lo se concreto a levantar la mano y estirarla a la hora de cobrar su pago.<\/p>\n\n\n\n<p>En fin, estamos jodidos.<\/p>\n\n\n\n<p>En otro tema, los pol\u00edticos no se cansan de reinventar el hilo negro. Ahora resulta que la senadora Olga Sosa dice que el aumento anual al salario m\u00ednimo siempre estar\u00e1 por encima del \u00edndice inflacionario. \u00bfQu\u00e9 no eso se aplica de toda la vida?<\/p>\n\n\n\n<p>Lo que pasa es que el salario puede aumentar 50 por ciento y los precios al consumidor se van a disparar por encima de ese 50 por ciento. As\u00ed pasa siempre, lo que pasa es que el Banco de M\u00e9xico calcula la inflaci\u00f3n en base a los productos de la canasta b\u00e1sica, como si las familias s\u00f3lo vivieran de eso. No toma en cuenta los aumentos de precios de los coches, de las casas, de la renta de inmuebles, de las habitaciones de hotel, de las herramientas en general, de la ropa, de los parques de diversiones, de los aviones, de los autobuses, de los elotes desgranados que se venden en las calles, de los restaurantes, de las televisiones, de los aparatos electr\u00f3nicos, de los electrodom\u00e9sticos, de los libros, precios que todos pagamos de manera habitual.<\/p>\n\n\n\n<p>M\u00e1s que promover una escalada salarial, hay que promover el aumento de la producci\u00f3n para que el salario m\u00ednimo se vea como una cuota para fijar valores de servicios de gobierno.<\/p>\n\n\n\n<p>Por su parte, el gobernador Am\u00e9rico Villarreal sostuvo una reuni\u00f3n con su gabinete en la que se trat\u00f3 el tema de la asignaci\u00f3n presupuestal del 2025 y les dej\u00f3 muy claro que los recursos p\u00fablicos se deben manejar con transparencia y que el subejercicio es un pecado.<\/p>\n\n\n\n<p>Nada de que me sobr\u00f3 est\u00e1 lana y me la gast\u00f3 en esto. El presupuesto se debe ejercer en los rubros autorizados, y nada m\u00e1s. Si sobra dinero, se debe regresar a la tesorer\u00eda.<\/p>\n\n\n\n<p>Por otro lado, Claudette Canturosas Villarreal fue ratificada como presidenta del Sistema DIF, durante la junta de cabildo<\/p>\n\n\n\n<p>A su vez, Jes\u00fas Jasso Montemayor rindi\u00f3 protesta como s\u00edndico primero, en sustituci\u00f3n de Roberto Maldonado. Jasso se gan\u00f3 la loter\u00eda sin comprar boleto, ahora se esperar\u00eda que cumpla su encargo con responsabilidad, pero eso es pedirle peras al olmo. El hombre ya demostr\u00f3 que s\u00f3lo sirve para dos cosas: para nada y para pura&#8230;<\/p>\n\n\n\n<p>En fin, ya podr\u00e1 pachanguear a gusto, a costa del erario.<\/p>\n\n\n\n<hr class=\"wp-block-separator has-alpha-channel-opacity\"\/>\n","protected":false},"excerpt":{"rendered":"<p>-Am\u00e9rico llama \u201cpecado\u201d el subejercicio &#8211;Senadora&nbsp;[descubre el hilo negro -Toma protesta presidenta del DIF Tiempo de opinar Ra\u00fal Hern\u00e1ndez Moreno 10-octubre-2024 En los \u00faltimos cuatro sexenios, incluyendo el que corre, &hellip; <a href=\"http:\/\/revistalaneta.com.mx\/?p=14446\" class=\"more-link\">Leer m\u00e1s<\/a><\/p>\n","protected":false},"author":1,"featured_media":14445,"comment_status":"open","ping_status":"open","sticky":false,"template":"","format":"standard","meta":{"footnotes":""},"categories":[2],"tags":[],"class_list":["post-14446","post","type-post","status-publish","format-standard","has-post-thumbnail","hentry","category-chismorreo","entry"],"_links":{"self":[{"href":"http:\/\/revistalaneta.com.mx\/index.php?rest_route=\/wp\/v2\/posts\/14446","targetHints":{"allow":["GET"]}}],"collection":[{"href":"http:\/\/revistalaneta.com.mx\/index.php?rest_route=\/wp\/v2\/posts"}],"about":[{"href":"http:\/\/revistalaneta.com.mx\/index.php?rest_route=\/wp\/v2\/types\/post"}],"author":[{"embeddable":true,"href":"http:\/\/revistalaneta.com.mx\/index.php?rest_route=\/wp\/v2\/users\/1"}],"replies":[{"embeddable":true,"href":"http:\/\/revistalaneta.com.mx\/index.php?rest_route=%2Fwp%2Fv2%2Fcomments&post=14446"}],"version-history":[{"count":1,"href":"http:\/\/revistalaneta.com.mx\/index.php?rest_route=\/wp\/v2\/posts\/14446\/revisions"}],"predecessor-version":[{"id":14447,"href":"http:\/\/revistalaneta.com.mx\/index.php?rest_route=\/wp\/v2\/posts\/14446\/revisions\/14447"}],"wp:featuredmedia":[{"embeddable":true,"href":"http:\/\/revistalaneta.com.mx\/index.php?rest_route=\/wp\/v2\/media\/14445"}],"wp:attachment":[{"href":"http:\/\/revistalaneta.com.mx\/index.php?rest_route=%2Fwp%2Fv2%2Fmedia&parent=14446"}],"wp:term":[{"taxonomy":"category","embeddable":true,"href":"http:\/\/revistalaneta.com.mx\/index.php?rest_route=%2Fwp%2Fv2%2Fcategories&post=14446"},{"taxonomy":"post_tag","embeddable":true,"href":"http:\/\/revistalaneta.com.mx\/index.php?rest_route=%2Fwp%2Fv2%2Ftags&post=14446"}],"curies":[{"name":"wp","href":"https:\/\/api.w.org\/{rel}","templated":true}]}}