{"id":14449,"date":"2024-10-16T14:30:44","date_gmt":"2024-10-16T14:30:44","guid":{"rendered":"http:\/\/revistalaneta.com.mx\/?p=14449"},"modified":"2024-10-16T14:31:18","modified_gmt":"2024-10-16T14:31:18","slug":"inaugura-gobernador-la-feria-de-tamaulipas","status":"publish","type":"post","link":"http:\/\/revistalaneta.com.mx\/?p=14449","title":{"rendered":"INAUGURA GOBERNADOR LA FERIA DE TAMAULIPAS"},"content":{"rendered":"\n<p><br>En un marco de fiesta y alegr\u00eda el gobernador Am\u00e9rico Villarreal Anaya puso en marcha la Feria Tamaulipas 2024, convocando a todos los tamaulipecos a tomar parte en este gran festejo que se desarrolla en la capital del estado. Acompa\u00f1ado de su se\u00f1ora esposa, la se\u00f1ora Mar\u00eda de Villarreal, as\u00ed como de miembros del gabinete estatal, alcaldes, legisladores, y miembros de las fuerzas armadas, el mandatario estatal dijo que esta es una feria especial, pues enmarca la celebraci\u00f3n del Bicentenario de la fundaci\u00f3n de nuestra entidad. En su mensaje dijo que es justo tener actividades en las cuales se tenga la oportunidad de tener espacios recreativos, que est\u00e1n principalmente pensados para poder darle un espacio de entretenimiento y de felicidad a la sociedad tamaulipeca, y donde se pueda disfrutar de momentos especiales y de una condici\u00f3n de integraci\u00f3n social. Tras la inauguraci\u00f3n el gobernador, acompa\u00f1ado de su comitiva, recorri\u00f3 las diversas instalaciones y salud\u00f3 a la gente, que agradeci\u00f3 este gran evento que representa la gran fiesta popular del pueblo tamaulipeco.<\/p>\n\n\n\n<p>REGRESA JASSO A LA SINDICATURA<br \/>En sesi\u00f3n del Cabildo de Nuevo Laredo celebrada este jueves, se tom\u00f3 protesta al empresario transportista Jes\u00fas Jasso Montemayor, como primer s\u00edndico en calidad de sustituto, tras el deceso del s\u00edndico propietario electo y la licencia por tiempo indefinida del s\u00edndico suplente electo. Esto se dio luego de que el Congreso del Estado designar\u00e1 por mayor\u00eda de votos a Jasso, de la terna presentada por la alcaldesa Carmen Lilia Canturosas Villarreal. De esta manera Jasso regresa como sindico tras ya haber ocupado dicha posici\u00f3n en la administraci\u00f3n anterior, y es claro que se tendr\u00e1 un hombre m\u00e1s de experiencia en el cabildo neolaredense.<\/p>\n\n\n\n<p>TOMAN PROTESTA A PATRONATO Y DIRECTOR DEL DIF<br \/>Y en esa misma sesi\u00f3n tambi\u00e9n se aprob\u00f3 la asignaci\u00f3n de los integrantes del Patronato del Sistema DIF Nuevo Laredo, as\u00ed como del director del mismo organismo, a propuesta de la alcaldesa Carmen Lilia Canturosas Villarreal. El patronato qued\u00f3 integrado por Claudette Canturosas Villarreal como presidenta, en tanto que como integrantes del consejo quedaron la alcaldesa suplente Liliana Margarita Arjona Barocio, la regidora Samantha Khiabett Rodr\u00edguez Cant\u00fa, la sindica Mar\u00eda Mirna Rend\u00f3n Santos, la regidora Leticia Yazm\u00edn Meneses Camino, as\u00ed como las ciudadanas Esperanza Pe\u00f1a de Pascal, Rebeca Sara\u00ed Soriano Gonz\u00e1lez, Mar\u00eda Elda Elizondo Escamilla, Elizabeth Rosenda Guerrero Ramos, en tanto que como comisario qued\u00f3 Jos\u00e9 Carlos Velasco Cipr\u00e9s. A su vez como director general fue avalado Viviano Roberto V\u00e1zquez Mac\u00edas. A todos ellos se les tom\u00f3 la rigurosa protesta de ley.<\/p>\n\n\n\n<p>OTROS TEMAS AVALADOS<br \/>Aparte el Cabildo de Nuevo Laredo tambi\u00e9n aprob\u00f3 por mayor\u00eda de votos la designaci\u00f3n de los regidores Macarena Coraz\u00f3n Gonz\u00e1lez N\u00fa\u00f1ez y Sergio Fernando P\u00e9rez Villarreal, como integrantes de la Comisi\u00f3n de Adquisiciones, y a la vez aval\u00f3 la propuesta enviada por el Congreso del Estado para que ya no sea necesario el voto de los cabildos cuando se tengan que hacer modificaciones a la constituci\u00f3n pol\u00edtica de Tamaulipas, algo que se modific\u00f3 hace algunos a\u00f1os, y que solo se ven\u00eda aplicando en esta entidad, pero todo indica que ser\u00e1 modificado.<\/p>\n\n\n\n<p>BECAN A 56 ALUMNOS DE LA UTNL<br \/>Gracias a las acciones que lleva a cabo el Patronato de la Universidad Tecnol\u00f3gica de Nuevo Laredo, un total de 56 alumnos de dicha instituci\u00f3n se vieron beneficiados con becas para continuar con sus estudios. Toc\u00f3 al rector de la UTNL, Jos\u00e9 Antonio Tovar Lara, hacer la entrega de las becas que consigui\u00f3 el patronato, mediante las diversas acciones que lleva a cabo para justamente brindar dicho beneficio a los estudiantes que requieren de dichos apoyos, y los solicita ante la misma instituci\u00f3n. El patronato es dirigido por el reconocido empresario neolaredense, Don Mario Palos Garza, quien siempre se ha preocupado por apoyar a los j\u00f3venes a proseguir con sus estudios.<\/p>\n\n\n\n<p>EN LA UAT SE PUEDEN REGISTRAR PARA LA NUEVA PREPA<br \/>Acta de nacimiento, CURP del aspirante y de sus tutores, as\u00ed certificado de secundaria o constancia de culminaci\u00f3n de estudios de secundaria, son los requisitos para quienes tengan inter\u00e9s de inscribirse en la nueva Preparatoria de la UAT que en breve habr\u00e1 de iniciar operaciones en Nuevo Laredo. La propia UAT emiti\u00f3 un comunicado anunciado sobre la apertura de las inscripciones, indicando que los interesados pueden acercarse a las oficinas de la Facultad de Comercio, Administraci\u00f3n y Ciencias Sociales Nuevo Laredo de la UAT, donde est\u00e1n recibiendo los documentos f\u00edsicos o digitales necesarios para el registro, esto en horario de nueve de la ma\u00f1ana a seis de la tarde de la tarde. Las personas interesadas pueden comunicarse directamente al tel\u00e9fono 867 711 1301, extensi\u00f3n 4500, donde les brindar\u00e1n informaci\u00f3n y orientaci\u00f3n. Cabe indicar que esta nueva preparatoria de la UAT, que fue cedida en comodato por el Gobierno Municipal de Nuevo Laredo, se ubica al sur de la ciudad, y es la primera instituci\u00f3n autosustentable en la regi\u00f3n, que cuenta con modernas instalaciones que incluyen un sistema de paneles solares para generar energ\u00eda el\u00e9ctrica y un sistema de tratamiento de aguas residuales. Su infraestructura dispone de doce aulas, laboratorios equipados con tecnolog\u00eda de vanguardia, as\u00ed como un edificio administrativo, canchas de usos m\u00faltiples, canchas deportivas y otras \u00e1reas.<\/p>\n\n\n\n<p>TEMAS DEL CONGRESO DEL ESTADO<br \/>Oficialmente Ismael Garc\u00eda Cabeza de Vaca ya es diputado local, no obstante, no se present\u00f3 tampoco este jueves a la sesi\u00f3n del Congreso del Estado, por lo que se anunci\u00f3 se proceder\u00e1 a las sanciones correspondientes por sus faltas injustificadas. Por otra parte, que no solo el diputado local panista Gerardo Pe\u00f1a Flores est\u00e1 inhabilitado para ejercer cargo p\u00fablico, sino tambi\u00e9n su compa\u00f1era de bancada, Patricia Mireya Sald\u00edvar Cano. Empero, los dos siguen ejerciendo su labor legislativa, aunque en cualquier momento pueden ser retirados de sus cargos, y llamarse a sus suplentes.<\/p>\n\n\n\n<p>LO \u00daLTIMO<br \/>La alcaldesa neolaredense acudi\u00f3 este jueves a Ciudad Victoria para participar, al lado del gobernador Am\u00e9rico Villarreal Anaya, en la inauguraci\u00f3n de la Feria Tamaulipas, donde Nuevo Laredo tendr\u00e1 un espacio para promocionarse. De paso Carmen Lilia aprovechar\u00e1 su visita para seguir gestionando diversos beneficios para esta ciudad fronteriza\u2026 De reconocerse las intervenciones de los regidores Cristabell Zamora Cabrera, Juan Juanes Carrizales, Enrique Figueroa Rocha, Jos\u00e9 Zapata Mu\u00f1iz y Gabriel Solorzano P\u00e9rez en la sesi\u00f3n de Cabildo de este jueves, defendiendo la postura de su bloque partidista, ante los embates de la oposici\u00f3n, donde por cierto tambi\u00e9n fueron notables los pronunciamientos de F\u00e9lix Fernando Garc\u00eda Aguiar, Gamaliel Infante Ram\u00edrez y Delia Cort\u00e9s Benavides. Ahora s\u00ed que como dicen en Box Azteca, \u00a1hay tiro!\u2026 Ya se empiezan a ver las bandadas de mariposas monarcas por diversas partes de la regi\u00f3n, en su cl\u00e1sica migraci\u00f3n. Todo un espect\u00e1culo. L\u00e1stima que muchas quedan en el camino, sobre todo en las carreteras\u2026 El secretario de Turismo de Tamaulipas, Benjam\u00edn Hern\u00e1ndez Rodr\u00edguez, firm\u00f3 con su hom\u00f3loga de San Luis Potos\u00ed, Yolanda Cepeda Echavarr\u00eda, un convenio de colaboraci\u00f3n para detonar tur\u00edsticamente a la regi\u00f3n, generando un desarrollo sustentable, preservando el patrimonio cultural y la riqueza natural\u2026 Y para concluir, la siempre tan deseada adivinanza. \u00bfQui\u00e9n es la regidora que apenas se anda estrenando como tal, y ya anda diciendo que va a ser diputada local en el 2027? \u00a1C\u00e1lmate mija!, porque del plato a la boca, se cae la sopa. Sobre todo, cuando no se tiene un historial muy leal que digamos.<\/p>\n","protected":false},"excerpt":{"rendered":"<p>En un marco de fiesta y alegr\u00eda el gobernador Am\u00e9rico Villarreal Anaya puso en marcha la Feria Tamaulipas 2024, convocando a todos los tamaulipecos a tomar parte en este gran &hellip; <a href=\"http:\/\/revistalaneta.com.mx\/?p=14449\" class=\"more-link\">Leer m\u00e1s<\/a><\/p>\n","protected":false},"author":1,"featured_media":14448,"comment_status":"open","ping_status":"open","sticky":false,"template":"","format":"standard","meta":{"footnotes":""},"categories":[2],"tags":[],"class_list":["post-14449","post","type-post","status-publish","format-standard","has-post-thumbnail","hentry","category-chismorreo","entry"],"_links":{"self":[{"href":"http:\/\/revistalaneta.com.mx\/index.php?rest_route=\/wp\/v2\/posts\/14449","targetHints":{"allow":["GET"]}}],"collection":[{"href":"http:\/\/revistalaneta.com.mx\/index.php?rest_route=\/wp\/v2\/posts"}],"about":[{"href":"http:\/\/revistalaneta.com.mx\/index.php?rest_route=\/wp\/v2\/types\/post"}],"author":[{"embeddable":true,"href":"http:\/\/revistalaneta.com.mx\/index.php?rest_route=\/wp\/v2\/users\/1"}],"replies":[{"embeddable":true,"href":"http:\/\/revistalaneta.com.mx\/index.php?rest_route=%2Fwp%2Fv2%2Fcomments&post=14449"}],"version-history":[{"count":1,"href":"http:\/\/revistalaneta.com.mx\/index.php?rest_route=\/wp\/v2\/posts\/14449\/revisions"}],"predecessor-version":[{"id":14450,"href":"http:\/\/revistalaneta.com.mx\/index.php?rest_route=\/wp\/v2\/posts\/14449\/revisions\/14450"}],"wp:featuredmedia":[{"embeddable":true,"href":"http:\/\/revistalaneta.com.mx\/index.php?rest_route=\/wp\/v2\/media\/14448"}],"wp:attachment":[{"href":"http:\/\/revistalaneta.com.mx\/index.php?rest_route=%2Fwp%2Fv2%2Fmedia&parent=14449"}],"wp:term":[{"taxonomy":"category","embeddable":true,"href":"http:\/\/revistalaneta.com.mx\/index.php?rest_route=%2Fwp%2Fv2%2Fcategories&post=14449"},{"taxonomy":"post_tag","embeddable":true,"href":"http:\/\/revistalaneta.com.mx\/index.php?rest_route=%2Fwp%2Fv2%2Ftags&post=14449"}],"curies":[{"name":"wp","href":"https:\/\/api.w.org\/{rel}","templated":true}]}}