{"id":14475,"date":"2024-10-19T04:54:16","date_gmt":"2024-10-19T04:54:16","guid":{"rendered":"http:\/\/revistalaneta.com.mx\/?p=14475"},"modified":"2024-10-19T04:54:35","modified_gmt":"2024-10-19T04:54:35","slug":"con-voluntad-y-trabajo-el-progreso-y-desarrollo-llega-a-soto-la-marina","status":"publish","type":"post","link":"http:\/\/revistalaneta.com.mx\/?p=14475","title":{"rendered":"Con voluntad y trabajo, el progreso y desarrollo llega a Soto la Marina"},"content":{"rendered":"\n<p><\/p>\n\n\n\n<p><\/p>\n\n\n\n<p>Soto la Marina, Tamaulipas.- Con el objetivo de brindar mejores oportunidades de progreso y desarrollo a las y los habitantes de Soto la Marina, el Gobierno de Tamaulipas, a trav\u00e9s de la Secretar\u00eda de Obras P\u00fablicas (SOP) puso en marcha el programa de bacheo aislado 2024 destinando una inversi\u00f3n superior a los 3 millones de pesos.<\/p>\n\n\n\n<p>La alcaldesa de Soto la Marina, Glynnis Georgina Jim\u00e9nez V\u00e1zquez estuvo presente en el banderazo que dio el titular de la SOP, Pedro Cepeda Anaya para dar inicio a esta obra que se llevar\u00e1 a cabo en diversas calles.<\/p>\n\n\n\n<p>&#8220;En el Gobierno de la Transformaci\u00f3n, hemos establecido l\u00edneas de acci\u00f3n para gestionar y formular proyectos direccionados a la mejora de las v\u00edas de comunicaci\u00f3n los cuales generan bienestar en todas las regiones del estado&#8221;, expres\u00f3 el secretario.<\/p>\n\n\n\n<p>Destac\u00f3 que adem\u00e1s de este programa de bacheo, han invertido para este municipio en obra p\u00fablica casi 25 millones de pesos, de la misma manera en infraestructura educativa m\u00e1s de 29 millones de pesos, consolidando un recurso total de 54 millones de pesos.<\/p>\n\n\n\n<p>&#8220;Siempre con el mismo objetivo de brindar mejores oportunidades de desarrollo para todas y todos, es as\u00ed como el Gobierno del Estado coordina esfuerzos entre sociedad y gobierno para hacer de Tamaulipas un mejor lugar para vivir&#8221;, apunt\u00f3.<\/p>\n\n\n\n<p>Tambi\u00e9n estuvieron presentes en la ceremonia de arranque de este programa de bacheo, el director de Obras P\u00fablicas del municipio de Soto la Marina, Alfredo Mart\u00ednez Ram\u00edrez y el subsecretario de V\u00edas Terrestres de la SOP, Juan Carlos Mendiola Ortiz.<code> * * *<\/code><\/p>\n","protected":false},"excerpt":{"rendered":"<p>Soto la Marina, Tamaulipas.- Con el objetivo de brindar mejores oportunidades de progreso y desarrollo a las y los habitantes de Soto la Marina, el Gobierno de Tamaulipas, a trav\u00e9s &hellip; <a href=\"http:\/\/revistalaneta.com.mx\/?p=14475\" class=\"more-link\">Leer m\u00e1s<\/a><\/p>\n","protected":false},"author":1,"featured_media":14474,"comment_status":"open","ping_status":"open","sticky":false,"template":"","format":"standard","meta":{"footnotes":""},"categories":[7],"tags":[],"class_list":["post-14475","post","type-post","status-publish","format-standard","has-post-thumbnail","hentry","category-ciudad-victoria","entry"],"_links":{"self":[{"href":"http:\/\/revistalaneta.com.mx\/index.php?rest_route=\/wp\/v2\/posts\/14475","targetHints":{"allow":["GET"]}}],"collection":[{"href":"http:\/\/revistalaneta.com.mx\/index.php?rest_route=\/wp\/v2\/posts"}],"about":[{"href":"http:\/\/revistalaneta.com.mx\/index.php?rest_route=\/wp\/v2\/types\/post"}],"author":[{"embeddable":true,"href":"http:\/\/revistalaneta.com.mx\/index.php?rest_route=\/wp\/v2\/users\/1"}],"replies":[{"embeddable":true,"href":"http:\/\/revistalaneta.com.mx\/index.php?rest_route=%2Fwp%2Fv2%2Fcomments&post=14475"}],"version-history":[{"count":1,"href":"http:\/\/revistalaneta.com.mx\/index.php?rest_route=\/wp\/v2\/posts\/14475\/revisions"}],"predecessor-version":[{"id":14476,"href":"http:\/\/revistalaneta.com.mx\/index.php?rest_route=\/wp\/v2\/posts\/14475\/revisions\/14476"}],"wp:featuredmedia":[{"embeddable":true,"href":"http:\/\/revistalaneta.com.mx\/index.php?rest_route=\/wp\/v2\/media\/14474"}],"wp:attachment":[{"href":"http:\/\/revistalaneta.com.mx\/index.php?rest_route=%2Fwp%2Fv2%2Fmedia&parent=14475"}],"wp:term":[{"taxonomy":"category","embeddable":true,"href":"http:\/\/revistalaneta.com.mx\/index.php?rest_route=%2Fwp%2Fv2%2Fcategories&post=14475"},{"taxonomy":"post_tag","embeddable":true,"href":"http:\/\/revistalaneta.com.mx\/index.php?rest_route=%2Fwp%2Fv2%2Ftags&post=14475"}],"curies":[{"name":"wp","href":"https:\/\/api.w.org\/{rel}","templated":true}]}}