{"id":14512,"date":"2024-10-19T14:26:06","date_gmt":"2024-10-19T14:26:06","guid":{"rendered":"http:\/\/revistalaneta.com.mx\/?p=14512"},"modified":"2024-10-19T14:26:47","modified_gmt":"2024-10-19T14:26:47","slug":"quien-sera-el-coordinador-de-los-morenos","status":"publish","type":"post","link":"http:\/\/revistalaneta.com.mx\/?p=14512","title":{"rendered":"\u00bfQUI\u00c9N SER\u00c1 EL COORDINADOR DE LOS MORENOS?"},"content":{"rendered":"\n<p><br>Hasta el momento no se ha dado a conocer qui\u00e9n de los miembros del Cabildo de Nuevo Laredo va a dirigir la bancada de MORENA al interior de su grupo, pero se espera sea algo que se resuelva a corto plazo. Aparte habr\u00e1 que ver si ser\u00e1 hombre o mujer, aunque de ser var\u00f3n lo m\u00e1s probable es que sea el s\u00edndico Jes\u00fas Jasso Montemayor, dada su experiencia y lealtad, y de ser f\u00e9mina bien puede ser Cristabell Zamora Cabrera, quien hasta ahora ha sabido conducirse demasiado bien en las juntas de Cabildo. Aunque claro que puede ser cualquier otro, el caso es que tenga el respaldo de sus compa\u00f1eros y sobre todo sepa mediar entre estos, porque tambi\u00e9n hay algunos que se pelean y discuten sin raz\u00f3n hasta con su propia sombra.<\/p>\n\n\n\n<p>SE OLVIDAN DE LA TRANSPARENCIA<br \/>Y hablando del cuerpo edilicio neolaredense, que mal que algunos de los nuevos regidores han dejado completamente atr\u00e1s la transparencia que hasta la administraci\u00f3n anterior todav\u00eda caracteriz\u00f3 al colegiado municipal, y digo esto porque algunos han tapado por completo sus cub\u00edculos, los cuales anteriormente ten\u00edan vidrios claros que permit\u00eda ver lo que estaban haciendo, sin embargo por lo visto hay quienes no quieren que los vean o los pesquen en sus movidas, por lo que podemos decir que no quieren ser lo debidamente transparentes en sus actuares y acciones. Mal por ellos.<\/p>\n\n\n\n<p>VIENE EN SERIO EL MOVIMIENTO EN LA CTM<br \/>Todo parece indicar que s\u00ed va en serio lo de crear una nueva federaci\u00f3n de obreros al interior de la CTM de Nuevo Laredo, que sea completamente ajena a la que hay en la actualidad y que sigue dirigiendo F\u00e9lix Alberto Alem\u00e1n, quien por cierto no quiere soltarla, a pesar de que ya la mayor\u00eda de los l\u00edderes sindicales no lo quieren en el cargo y le han pedido que se retire, pero como no quiere pues entonces se andan uniendo para crear un nuevo organismo, que muy probablemente estar\u00eda m\u00e1s fortalecido pues de entrada se agregar\u00edan sindicatos como el de Maquiladoras y Alba\u00f1iles, que son de los m\u00e1s grandes de la localidad. A ver en que queda este asunto, pues hay que considerar que se avecinan las elecciones al interior de la FTNL, y si F\u00e9lix insiste en quedarse, entonces podr\u00eda causarse la gran divisi\u00f3n.<\/p>\n\n\n\n<p>EL TEC Y SUS 60 A\u00d1OS DE HISTORIA EN NUEVO LAREDO<br \/>Alumnos del Instituto Tecnol\u00f3gico de Nuevo Laredo participaron este lunes en los tradicionales Honores a la Bandera en la Presidencia Municipal de Nuevo Laredo, y los cuales estuvieron encabezados por la alcaldesa Carmen Lilia Canturosas Villarreal. Su participaci\u00f3n obedece al hecho de que el Tec celebra sus 60 a\u00f1os de fundaci\u00f3n. La comitiva estudiantil estuvo a cargo del nuevo director del Tec, el ingeniero Benito S\u00e1nchez Rayas, quien de hecho tuvo la oportunidad de platicar con la alcaldesa al t\u00e9rmino del evento, en su despacho, acordando entre ambos colaborar de manera conjunta para generar m\u00e1s y mejores beneficios para los estudiantes de tan importante casa de estudios, que cumple ya seis d\u00e9cadas de forjar profesionistas en Nuevo Laredo. Por cierto que para el pr\u00f3ximo jueves se tiene programada la visita a la ciudad del director general del Tecnol\u00f3gico Nacional de M\u00e9xico, Ram\u00f3n Jim\u00e9nez L\u00f3pez, quien vendr\u00e1 a participar justamente en las festividades.<\/p>\n\n\n\n<p>MEJORA MUNICIPIO CALIDAD DE VIDA EN DOS COLONIAS<br \/>Con una inversi\u00f3n de 7 millones de pesos el Gobierno Municipal de Nuevo Laredo termin\u00f3 dos importantes obras en las colonias Los Presidentes y El Nogal, con los cuales se terminar\u00e1n problemas de brotes de agua negras que ven\u00edan afectando a los vecinos desde hace varios a\u00f1os, y a la par se mejoraron las vialidades. La obra principal fue en Los Presidentes, donde se rehabilit\u00f3 una conexi\u00f3n del colector Coyote Alto al Subcolector Sur Poniente, para lo cual se invirtieron 6 millones 030 mil 779 pesos, y donde se unieron 192 metros lineales de tuber\u00eda y con ello se eliminaron problemas de derroche de aguas negras y se mejoraron las descargadas domiciliarias. A la par en El Nogal se invirtieron 449 mil 136 pesos en la repavimentaci\u00f3n con concreto hidr\u00e1ulicos por las calles Caoba y Omb\u00fa, donde se acumulaban las aguas negras y aparte de generarse f\u00e9tidos olores no se pod\u00eda circular por el lugar, lo cual ha quedado atr\u00e1s con dichos trabajos.<\/p>\n\n\n\n<p>INICIAN CONSTRUCCI\u00d3N DE LA NUEVA CIUDAD JUDICIAL VICTORIA<br \/>Bajo el objetivo primordial de asegurar la dignificaci\u00f3n y el crecimiento de la infraestructura judicial, el Gobierno del Estado de Tamaulipas y el Poder Judicial de Tamaulipas iniciaron la construcci\u00f3n de la Nueva Ciudad Judicial Victoria, un espacio destinado al otorgamiento de una impartici\u00f3n de justicia cercana y eficiente para la poblaci\u00f3n del centro de Tamaulipas. Dicho evento fue encabezado por el gobernador Am\u00e9rico Villarreal Anaya, quien estuvo acompa\u00f1ado del magistrado presidente del Supremo Tribunal de Justicia del Estado, David Cerda Z\u00fa\u00f1iga, as\u00ed como del presidente de la Junta de Gobierno del Congreso del Estado, Humberto Prieto Herrera, y otras autoridades, adem\u00e1s de jueces del estado, y en el mismo se anunci\u00f3 que esta nueva obra estar\u00e1 sobre poco m\u00e1s de 6 mil 600 metros cuadrados, y contar\u00e1 con todos los juzgados actualmente ubicados en la sede de la judicatura tamaulipeca, como son tres juzgados familiares, dos juzgados civiles, dos juzgados menores, un juzgado especializado en justicia para adolescentes y un juzgado de ejecuci\u00f3n para medidas para adolescentes, pero adem\u00e1s se agregar\u00e1n un juzgado en materia familiar y otro en la rama civil para dirimir con mayor capacidad las controversias judiciales. Se espera que m\u00e1s adelante se construyan m\u00f3dulos similares en las dem\u00e1s regiones de la entidad.<\/p>\n\n\n\n<p>CELEBRA LA UAT 67 A\u00d1OS DE LA FMVZ<br \/>Como un referente nacional en la formaci\u00f3n de profesionales al servicio de las ciencias veterinarias y la productividad, calific\u00f3 el rector de la Universidad Aut\u00f3noma de Tamaulipas (UAT), D\u00e1maso Anaya Alvarado, a la Facultad de Medicina Veterinaria y Zootecnia (FMVZ), esto en el marco del inicio de los festejos por los 67 a\u00f1os de fundaci\u00f3n de dicho campus universitario. El rector de la UAT hizo saber que la FMVZ ha respondido con dedicaci\u00f3n y entrega a las exigencias del entorno regional y nacional, destac\u00e1ndose entre sus logros por ser la \u00fanica escuela en su tipo con un rastro certificado para ganado mayor, y que estar\u00e1 equipado con una nueva planta adecuada para la producci\u00f3n de carne de ovinos y caprinos. A la vez destac\u00f3 que sus estudiantes disponen de modernos laboratorios certificados por organismos oficiales, un hospital veterinario para peque\u00f1as especies, y otro hospital que est\u00e1 destinado para grandes especies, entre otras instalaciones que les permiten una formaci\u00f3n integral altamente competitiva.<\/p>\n\n\n\n<p>LO \u00daLTIMO<br \/>Este martes cumple un a\u00f1o m\u00e1s de vida mi jefita Do\u00f1a Teresa Contreras Viuda de Rodr\u00edguez. 81 octubres ya de mi sacro santa madre. Ya la festejamos el domingo, pero como quiera hoy seguiremos la pachanga. \u00a1Felicidades madre!\u2026 Igualmente est\u00e1 de manteles largos mi amiga Laura Teresa Valdez Covarrubias. \u00a1Muchos m\u00e1s d\u00edas de estos!\u2026 Una reuni\u00f3n de trabajo tuvo la alcaldesa neolaredense Carmen Lilia Canturosas Villarreal este lunes con los miembros de su gabinete, esto a fin de trabajar en equipo por seguir haciendo de Nuevo Laredo una mejor ciudad\u2026 Al interior de la bancada del PAN en el Cabildo de Nuevo Laredo, ya qued\u00f3 definido que el coordinador es F\u00e9lix Fernando \u201cEl Moyo\u201d Garc\u00eda Aguiar. Era de esperarse, dada su experiencia\u2026 Por cierto que la Escuela Secundaria T\u00e9cnica N\u00famero 32 tambi\u00e9n est\u00e1 festejando sus 60 a\u00f1os de fundaci\u00f3n, motivo por el cual el director Francisco Mart\u00ednez Palacios ha estado realizando diversas actividades conmemorativas a tal hecho\u2026 Para este martes se espera un d\u00eda soleado en Nuevo Laredo y la regi\u00f3n con temperatura m\u00e1xima de 36 grados y m\u00ednima de 18, pero a partir del mi\u00e9rcoles 16, y hasta el jueves 24 de octubre vamos a tener d\u00edas parcialmente nublados con m\u00e1xima de 32 y m\u00ednimas de entre 17 y 21 grados, es decir un clima agradable. Hay que disfrutarlo.<\/p>\n","protected":false},"excerpt":{"rendered":"<p>Hasta el momento no se ha dado a conocer qui\u00e9n de los miembros del Cabildo de Nuevo Laredo va a dirigir la bancada de MORENA al interior de su grupo, &hellip; <a href=\"http:\/\/revistalaneta.com.mx\/?p=14512\" class=\"more-link\">Leer m\u00e1s<\/a><\/p>\n","protected":false},"author":1,"featured_media":14511,"comment_status":"open","ping_status":"open","sticky":false,"template":"","format":"standard","meta":{"footnotes":""},"categories":[2],"tags":[],"class_list":["post-14512","post","type-post","status-publish","format-standard","has-post-thumbnail","hentry","category-chismorreo","entry"],"_links":{"self":[{"href":"http:\/\/revistalaneta.com.mx\/index.php?rest_route=\/wp\/v2\/posts\/14512","targetHints":{"allow":["GET"]}}],"collection":[{"href":"http:\/\/revistalaneta.com.mx\/index.php?rest_route=\/wp\/v2\/posts"}],"about":[{"href":"http:\/\/revistalaneta.com.mx\/index.php?rest_route=\/wp\/v2\/types\/post"}],"author":[{"embeddable":true,"href":"http:\/\/revistalaneta.com.mx\/index.php?rest_route=\/wp\/v2\/users\/1"}],"replies":[{"embeddable":true,"href":"http:\/\/revistalaneta.com.mx\/index.php?rest_route=%2Fwp%2Fv2%2Fcomments&post=14512"}],"version-history":[{"count":1,"href":"http:\/\/revistalaneta.com.mx\/index.php?rest_route=\/wp\/v2\/posts\/14512\/revisions"}],"predecessor-version":[{"id":14513,"href":"http:\/\/revistalaneta.com.mx\/index.php?rest_route=\/wp\/v2\/posts\/14512\/revisions\/14513"}],"wp:featuredmedia":[{"embeddable":true,"href":"http:\/\/revistalaneta.com.mx\/index.php?rest_route=\/wp\/v2\/media\/14511"}],"wp:attachment":[{"href":"http:\/\/revistalaneta.com.mx\/index.php?rest_route=%2Fwp%2Fv2%2Fmedia&parent=14512"}],"wp:term":[{"taxonomy":"category","embeddable":true,"href":"http:\/\/revistalaneta.com.mx\/index.php?rest_route=%2Fwp%2Fv2%2Fcategories&post=14512"},{"taxonomy":"post_tag","embeddable":true,"href":"http:\/\/revistalaneta.com.mx\/index.php?rest_route=%2Fwp%2Fv2%2Ftags&post=14512"}],"curies":[{"name":"wp","href":"https:\/\/api.w.org\/{rel}","templated":true}]}}