{"id":14521,"date":"2024-10-19T16:16:56","date_gmt":"2024-10-19T16:16:56","guid":{"rendered":"http:\/\/revistalaneta.com.mx\/?p=14521"},"modified":"2024-10-19T16:17:17","modified_gmt":"2024-10-19T16:17:17","slug":"mas-de-18-millones-en-apoyos-federales","status":"publish","type":"post","link":"http:\/\/revistalaneta.com.mx\/?p=14521","title":{"rendered":"M\u00c1S DE 18 MILLONES EN APOYOS FEDERALES"},"content":{"rendered":"\n<p><\/p>\n\n\n\n<p>-M\u00e1s de 500 mil tamaulipecos beneficiados<\/p>\n\n\n\n<p>-Se present\u00f3 Ismael al Congreso<\/p>\n\n\n\n<p>-Pero no esperemos que luzca su trabajo<\/p>\n\n\n\n<p>Tiempo de opinar<\/p>\n\n\n\n<p>Ra\u00fal Hern\u00e1ndez Moreno<\/p>\n\n\n\n<p>15-octubre-2024<\/p>\n\n\n\n<p>Por s\u00ed usted estaba preocupado, debe saber que este d\u00eda se present\u00f3 ante el Congreso, el diputado local Ismael Garc\u00eda Cabeza de Vaca y admiti\u00f3 que cuenta con un amparo de la justicia federal.<\/p>\n\n\n\n<p>El legislador gan\u00f3 en las urnas su derecho a ser diputado y gracias a eso tiene fuero, adem\u00e1s de un amparo; est\u00e1 doblemente protegido, lo que significa que, si la mayor\u00eda morenista le promueve un juicio de desafuero y lo logra, carecer\u00e1 de fuero, pero el amparo que tiene impedir\u00e1 que se le detenga.<\/p>\n\n\n\n<p>Claro, habr\u00e1 qu\u00e9 ver que tanto conserva ese amparo. Suponemos que es provisional, lo que quiere decir que a la hora de que el juez revise si se le concede de manera definitiva, se le puede caer, aunque tambi\u00e9n se le puede dar de manera definitiva.<\/p>\n\n\n\n<p>Fall\u00f3 la intentona del diputado Humberto Prieto para impedir que Ismael tomase protesta como legislador. De nada le sirvi\u00f3 sacarse de la manga la medida chafa de exigir a los diputados electos obtener una credencial para reconocerlos como legisladores.<\/p>\n\n\n\n<p>Ahora que Ismael rindi\u00f3 protesta como diputado, no esperemos una actuaci\u00f3n brillante en el Congreso. Para empezar, no tiene talento, todo lo que es, se lo debe a su \u201cmanito\u201d mayor. Pero, adem\u00e1s, teniendo Morena la mayor\u00eda, no le van a dejar pasar ninguna iniciativa de ley, pues todo lo que haga o diga, lo van a poner en duda y lo van a bloquear, convencidos de que de esa manera no va a brillar.<\/p>\n\n\n\n<p>Por su parte, el diputado Vicente Ver\u00e1stegui, solicit\u00f3 la protecci\u00f3n de la Fiscal\u00eda de Justicia de Tamaulipas, lo que enardeci\u00f3 a un sector de enfrente, que hubieran querido que lo de su secuestro fuese real y que lo matar\u00e1n, como pas\u00f3 con Julio Almanza, con No\u00e9 Ramos, alcalde de Mante. O el atentado a balazos del ex alcalde de Padilla, Eduardo Alvarado.<\/p>\n\n\n\n<p>Los dos cr\u00edmenes y el atentado fueron reales. No fue un montaje medi\u00e1tico para desprestigiar a nadie.<\/p>\n\n\n\n<p>Por m\u00e1s que la diputaci\u00f3n panista se esfuerce en presentar iniciativas de ley \u201cchingonas\u201d, la mayor\u00eda oficialista las va a bloquear. Igual actuaba el PAN cuando era mayor\u00eda.<\/p>\n\n\n\n<p>Recordamos que cuando el PAN controlaba al Congreso, la bancada de Morena propuso que la licencia de conducir fuera permanente. El PAN se opuso, mand\u00f3 la propuesta a la congeladora y la desempolv\u00f3 cuando faltaban unos cuantos meses para el cambio de sexenio, convencidos de que de esa forma privaban de recursos al gobierno entrante de Am\u00e9rico Villarreal.<\/p>\n\n\n\n<p>Lo que no previeron es que, a diferencia de Cabeza de Vaca, Am\u00e9rico se ali\u00f3 con el entonces presidente Andr\u00e9s Manuel L\u00f3pez Obrador y en dos a\u00f1os consigui\u00f3 una gran cantidad de recursos para mejorar el sistema de salud, para rehabilitar la refiner\u00eda de Madero, para la construcci\u00f3n de la ANAM en Nuevo Laredo, para rehabilitar el puerto de Matamoros. Desde entonces la ayuda federal ha fluido, para beneficio de los tamaulipecos.<\/p>\n\n\n\n<p>Am\u00e9rico continu\u00f3 est\u00e1 colaboraci\u00f3n con Claudia Sheinbaum y la ayuda federal a Tamaulipas seguir\u00e1 fluyendo. Tan s\u00f3lo este a\u00f1o se han recibido m\u00e1s de 18 mil millones de pesos por parte de los programas federales en la entidad, que benefician a m\u00e1s de 500 mil tamaulipecos. Estos apoyos son la clave para explicar ese m\u00e1s de un mill\u00f3n de votos que obtuvo Claudia Sheinbaum aqu\u00ed en Tamaulipas.<\/p>\n\n\n\n<p>Muchas familias est\u00e1n contentas con estos apoyos y lo agradecen votando por Morena. Esa es una realidad.<\/p>\n","protected":false},"excerpt":{"rendered":"<p>-M\u00e1s de 500 mil tamaulipecos beneficiados -Se present\u00f3 Ismael al Congreso -Pero no esperemos que luzca su trabajo Tiempo de opinar Ra\u00fal Hern\u00e1ndez Moreno 15-octubre-2024 Por s\u00ed usted estaba preocupado, &hellip; <a href=\"http:\/\/revistalaneta.com.mx\/?p=14521\" class=\"more-link\">Leer m\u00e1s<\/a><\/p>\n","protected":false},"author":1,"featured_media":14520,"comment_status":"open","ping_status":"open","sticky":false,"template":"","format":"standard","meta":{"footnotes":""},"categories":[2],"tags":[],"class_list":["post-14521","post","type-post","status-publish","format-standard","has-post-thumbnail","hentry","category-chismorreo","entry"],"_links":{"self":[{"href":"http:\/\/revistalaneta.com.mx\/index.php?rest_route=\/wp\/v2\/posts\/14521","targetHints":{"allow":["GET"]}}],"collection":[{"href":"http:\/\/revistalaneta.com.mx\/index.php?rest_route=\/wp\/v2\/posts"}],"about":[{"href":"http:\/\/revistalaneta.com.mx\/index.php?rest_route=\/wp\/v2\/types\/post"}],"author":[{"embeddable":true,"href":"http:\/\/revistalaneta.com.mx\/index.php?rest_route=\/wp\/v2\/users\/1"}],"replies":[{"embeddable":true,"href":"http:\/\/revistalaneta.com.mx\/index.php?rest_route=%2Fwp%2Fv2%2Fcomments&post=14521"}],"version-history":[{"count":1,"href":"http:\/\/revistalaneta.com.mx\/index.php?rest_route=\/wp\/v2\/posts\/14521\/revisions"}],"predecessor-version":[{"id":14522,"href":"http:\/\/revistalaneta.com.mx\/index.php?rest_route=\/wp\/v2\/posts\/14521\/revisions\/14522"}],"wp:featuredmedia":[{"embeddable":true,"href":"http:\/\/revistalaneta.com.mx\/index.php?rest_route=\/wp\/v2\/media\/14520"}],"wp:attachment":[{"href":"http:\/\/revistalaneta.com.mx\/index.php?rest_route=%2Fwp%2Fv2%2Fmedia&parent=14521"}],"wp:term":[{"taxonomy":"category","embeddable":true,"href":"http:\/\/revistalaneta.com.mx\/index.php?rest_route=%2Fwp%2Fv2%2Fcategories&post=14521"},{"taxonomy":"post_tag","embeddable":true,"href":"http:\/\/revistalaneta.com.mx\/index.php?rest_route=%2Fwp%2Fv2%2Ftags&post=14521"}],"curies":[{"name":"wp","href":"https:\/\/api.w.org\/{rel}","templated":true}]}}