{"id":14524,"date":"2024-10-19T16:19:30","date_gmt":"2024-10-19T16:19:30","guid":{"rendered":"http:\/\/revistalaneta.com.mx\/?p=14524"},"modified":"2024-10-19T16:20:04","modified_gmt":"2024-10-19T16:20:04","slug":"visita-sorpresiva-del-titular-de-la-sedena-a-nuevo-laredo","status":"publish","type":"post","link":"http:\/\/revistalaneta.com.mx\/?p=14524","title":{"rendered":"VISITA SORPRESIVA DEL TITULAR DE LA SEDENA A NUEVO LAREDO"},"content":{"rendered":"\n<p><br>Una visita por dem\u00e1s sorpresiva hizo a Nuevo Laredo este martes el secretario de la Defensa Nacional, General Ricardo Trevilla Trejo, a fin de supervisar y evaluar los trabajos de la Agencia Nacional de Aduanas de M\u00e9xico (ANAM). El titular del Ej\u00e9rcito Mexicano fue recibido por el gobernador Am\u00e9rico Villarreal Anaya, quien le acompa\u00f1\u00f3 en parte de su recorrido, y quien adem\u00e1s le refrend\u00f3 el compromiso entre Tamaulipas y las fuerzas de seguridad federales para trabajar en unidad y en protocolos que hagan cada vez m\u00e1s eficiente la protecci\u00f3n a la ciudadan\u00eda y que contribuyan al desarrollo y bienestar de los tamaulipecos.<\/p>\n\n\n\n<p>SE RE\u00daNEN LOS CANTUROSAS CON L\u00cdDERES DE LA IP POR TEMA AUTOPISTA<br \/>Tanto la alcaldesa neolaredense, Carmen Canturosas Villarreal, como el diputado federal por esta misma ciudad fronteriza, Carlos Canturosas Villarreal, se reunieron este martes con dirigentes de organismos empresariales de la localidad para sumar esfuerzos en el exhorto a la Secretar\u00eda de Infraestructura, Comunicaciones y Transportes (SICT) a fin de que se aceleren los trabajos de reparaci\u00f3n de la autopista Nuevo Laredo-Monterrey en el tramo del kil\u00f3metro 50 al 42, que tanto est\u00e1n afectando a la econom\u00eda de Nuevo Laredo. Al respecto Carmen Lilia dijo que hay mucho inter\u00e9s en este tema, dado a que se est\u00e1 afectando el dinamismo comercial de la regi\u00f3n, a la vez que calific\u00f3 de inadmisible que haya retrasos de hasta 10 horas en el tr\u00e1fico vehicular, por dichas obras. Por su parte CCR mencion\u00f3 que si bien es cierto es necesario que se repare la autopista, tambi\u00e9n lo es que se tiene que llevar a cabo un plan de trabajo que no afecte tanto al movimiento vehicular, y se d\u00e9 celeridad al m\u00e1ximo a las obras. El legislador tambi\u00e9n dijo que buscar\u00e1 un encuentro con los concesionarios, para hacerles saber de tales puntos.<\/p>\n\n\n\n<p>SATISFECHOS REPRESENTANTES DE LA SOCIEDAD CIVIL<br \/>Por su parte los representantes de la iniciativa privada manifestaron su total respaldo a la alcaldesa y al diputado federal, a la vez que celebraron el que haya esa sinergia para sacar adelante los problemas que ata\u00f1en a Nuevo Laredo. Cabe indicar que en esta reuni\u00f3n estuvieron la presidenta de la Asociaci\u00f3n de Agentes Aduanales, Rosa Mar\u00eda Alvarado Monroy junto con el vicepresidente ejecutivo de ese mismo gremio, Jes\u00fas Gonz\u00e1lez; adem\u00e1s de David Villarreal Vela, presidente de la Central de Servicios de Carga (CENSECAR); Jos\u00e9 Quiroga, delegado de la C\u00e1mara Nacional del Autotransporte de Carga (CANACAR); Carlos Fern\u00e1ndez Mart\u00ednez, presidente de la Asociaci\u00f3n de Transportistas de Carga (ATC); Ericka Talam\u00e1s Montemayor, presidenta de la COPARMEX; Daniel Talam\u00e1s Montemayor, presidente del CODEIN; Juan Eliud Ci\u00e9nega Jurado, presidente de la CANACO; Ren\u00e9 Vallejo, secretario de la CANACINTRA, Francisco Mej\u00eda Barrientos, presidente del Consejo de Instituciones de Nuevo Laredo, as\u00ed como los regidores Sergio P\u00e9rez y Edgardo Pedraza Quintanilla.<\/p>\n\n\n\n<p>EN MARCHA CAMPA\u00d1A DE VACUNACI\u00d3N CONTRA INFLUENZA Y COVID<br \/>Arranc\u00f3 de manera oficial este martes la campa\u00f1a de vacunaci\u00f3n contra la influenza y el covid por parte de las autoridades sanitarias de Nuevo Laredo. Esta campa\u00f1a es a nivel nacional, y este martes personal de la Jurisdicci\u00f3n Sanitaria N\u00famero 5, a cargo del doctor Manlio Fabio Benavides Gonz\u00e1lez, inici\u00f3 las acciones en Casa del Adulto Mayor, y a partir de este mi\u00e9rcoles van a estar en el propio Centro de Salud aplicando las vacunas, inclusive en el exterior en un \u00e1rea de atenci\u00f3n vehicular, as\u00ed como en el Hospital Civil y el Materno Infantil, adem\u00e1s que estar\u00e1n m\u00f3dulos en centros comerciales, iglesias, escuelas y dem\u00e1s sitios de amplia concurrencia, incluyendo tambi\u00e9n el Sistema DIF Nuevo Laredo. Se invita a la ciudadan\u00eda a vacunarse, ya que como se sabe tanto la influenza como el covid ya son infecciones estacionales.<\/p>\n\n\n\n<p>COMAPA EN TU COLONIA<br \/>Este mi\u00e9rcoles la Oficina M\u00f3vil de la COMAPA de Nuevo Laredo estar\u00e1 en la colonia Valles de An\u00e1huac ofreciendo los variados servicios del programa denominado Puerta a Puerta y mediante el cual los usuarios e interesados pueden realizar convenios de pago por adeudos, contratos, solicitudes, pagos, reportes de fugas de agua y drenaje y cualquier tr\u00e1mite relacionado con la Comisi\u00f3n Municipal de Agua Potable y Alcantarillado. La cierta es de 10 de la ma\u00f1ana a dos de la tarde en Diente de Le\u00f3n entre Eupatorio y Framboy\u00e1n, frente al parquecito de la colonia. Sea pues.<\/p>\n\n\n\n<p>LISTA LA CARTELERA DEL FESTIVAL DEL SENO MEXICANO<br \/>Nuevo Laredo ya tiene cartelera para participar en el Festival Internacional en la Costa de Seno Mexicano, y el cual se llevar\u00e1 a cabo del 25 de octubre al 3 de noviembre en todo Tamaulipas. Por lo tanto en esta ciudad fronteriza tocar\u00e1 contar con la actuaci\u00f3n del grupo coreano de danza \u201cMujer Dance Company\u201d, el viernes 25 de octubre, mientras que el s\u00e1bado 26 estar\u00e1n Ram\u00f3n Vargas y Leticia Altamirano en concierto a piano con el maestro \u00c1ngel Rodr\u00edguez y el grupo Signori, que viene de la Ciudad de M\u00e9xico. Ambos eventos ser\u00e1n en el Centro Cultural, donde igualmente el lunes 28 de octubre se presentar\u00e1 el grupo de danza Mextli, en tanto que el jueves 31 el arte marroqu\u00ed con Malika Zarra con el evento \u201cMalika en Concierto\u201d; y el viernes 1 de noviembre, viene de los Estados Unidos, Cleo Parker Robinson Dance Ensamble con su obra \u201cFirebird\u201d. Esto es solo parte de las actividades que se tendr\u00e1n en este festival revivido por el gobernador Am\u00e9rico Villarreal Anaya. Por cierto que el director del Instituto Tamaulipeco de Cultura y las Artes (ITCA), H\u00e9ctor Romero Lecanda, ofreci\u00f3 una conferencia de prensa en Ciudad Victoria para dar a conocer la cartelera total de los eventos de dicho festival en toda la entidad, y el cual se puede ver en www.festival-internacional-csm.com<\/p>\n\n\n\n<p>EL CINISMO DE ISMAEL<br \/>Ismael Garc\u00eda Cabeza de Vaca finalmente se present\u00f3 en el Congreso del Estado y de una manera por dem\u00e1s c\u00ednica asegur\u00f3 en una entrevista que como diputado local va a exigir lo que le corresponde a Tamaulipas por derecho, as\u00ed como que se brinde la certeza jur\u00eddica y seguridad a los tamaulipecos, siendo que cuando su hermano gobern\u00f3 en la entidad no hubo tales beneficios para los ciudadanos. Con una sonrisa por dem\u00e1s falsa Ismael tuvo que afrontar a la prensa que lo acorral\u00f3 y en la mayor\u00eda de los cuestionamientos se sali\u00f3 por la tangente, y solo \u201cperorate\u00f3\u201d, a la vez que se atrevi\u00f3 a manifestar que no enfrenta impedimentos legales para ejercer su labor legislativa, siendo que a la vez reconoci\u00f3 traer un amparo para no ser detenido, y seguridad, para su protecci\u00f3n. Es por dem\u00e1s claro que su actitud aparte de reflejar un amplio desprecio por la ley, es una burla para el pueblo tamaulipeco.<\/p>\n\n\n\n<p>EVAL\u00daA LA UAT SUS CARRERAS<br \/>La Universidad Aut\u00f3noma de Tamaulipas (UAT), a cargo del rector D\u00e1maso Anaya Alvarado, puso en marcha, tanto de manera virtual como presencial, los trabajos de evaluaci\u00f3n de las facultades y unidades acad\u00e9micas de la UAT, en sus proyectos para acreditar o reacreditar programas de licenciatura. Entre estas se encuentra la carrera de derecho de la Facultad de Comercio, Administraci\u00f3n y Ciencias Sociales (FCACS) de Nuevo Laredo, cuyo proceso de reacreditaci\u00f3n se puso a cargo de los Comit\u00e9s Interinstitucionales para la Evaluaci\u00f3n de la Educaci\u00f3n Superior (CIEES). Tambi\u00e9n se dio inicio a la evaluaci\u00f3n de la Licenciatura en Ciencias de la Comunicaci\u00f3n por el Consejo de Acreditaci\u00f3n de la Comunicaci\u00f3n y las Ciencias Sociales, A. C. (CONAC), as\u00ed como el programa educativo de M\u00e9dico Veterinario Zootecnista de Victoria, que estar\u00e1 a cargo del Consejo Nacional de Educaci\u00f3n de la Medicina Veterinaria y Zootecnia, A. C. (CONEVET), y la carrera de Licenciado en Ciencias de la Educaci\u00f3n, de la Facultad de Ciencias de la Educaci\u00f3n y Humanidades, que correr\u00e1 a cuenta del Comit\u00e9 para la Evaluaci\u00f3n de Programas de Pedagog\u00eda y Educaci\u00f3n (CEPPE). De esta manera la UAT mantiene la calidad de sus programas educativos mediante los procesos que est\u00e1n a cargo de organismos nacionales de evaluaci\u00f3n y acreditaci\u00f3n de la educaci\u00f3n superior.<\/p>\n\n\n\n<p>LO \u00daLTIMO<br \/>Muchas felicidades a Samuel Lozano Molina y a Luis Lauro Garc\u00eda Trevi\u00f1o, quienes este mi\u00e9rcoles cumplen un a\u00f1o m\u00e1s de vida. \u00a1Muchos m\u00e1s d\u00edas de estos!\u2026 Miguel \u00c1ngel Valdez Garc\u00eda ha sido designado como subsecretario de Planeaci\u00f3n en la Secretar\u00eda de Educaci\u00f3n de Tamaulipas (SET), cargo que le fue conferido por el gobernador Am\u00e9rico Villarreal Anaya, y entregado por el jefe de la Oficina del Ejecutivo Estatal, Ricardo Gerardo Guerrero Morales, en presencia de la secretaria de Educaci\u00f3n de Tamaulipas, Luc\u00eda Aim\u00e9 Castillo Pastor\u2026 Ante la cercan\u00eda del D\u00eda de Muertos, personal de Servicios P\u00fablicos Primarios del Gobierno Municipal de Nuevo Laredo est\u00e1 realizando labores de limpieza en los panteones municipales\u2026 Estamos a poquito m\u00e1s de dos semanas de que cambie el horario en la frontera, y se empareje con el resto del pa\u00eds. La fecha es el 3 de noviembre. Por lo tanto para las seis y media de la tarde ya va a estar oscuro, as\u00ed como Yomero Simpson.<\/p>\n","protected":false},"excerpt":{"rendered":"<p>Una visita por dem\u00e1s sorpresiva hizo a Nuevo Laredo este martes el secretario de la Defensa Nacional, General Ricardo Trevilla Trejo, a fin de supervisar y evaluar los trabajos de &hellip; <a href=\"http:\/\/revistalaneta.com.mx\/?p=14524\" class=\"more-link\">Leer m\u00e1s<\/a><\/p>\n","protected":false},"author":1,"featured_media":14523,"comment_status":"open","ping_status":"open","sticky":false,"template":"","format":"standard","meta":{"footnotes":""},"categories":[2],"tags":[],"class_list":["post-14524","post","type-post","status-publish","format-standard","has-post-thumbnail","hentry","category-chismorreo","entry"],"_links":{"self":[{"href":"http:\/\/revistalaneta.com.mx\/index.php?rest_route=\/wp\/v2\/posts\/14524","targetHints":{"allow":["GET"]}}],"collection":[{"href":"http:\/\/revistalaneta.com.mx\/index.php?rest_route=\/wp\/v2\/posts"}],"about":[{"href":"http:\/\/revistalaneta.com.mx\/index.php?rest_route=\/wp\/v2\/types\/post"}],"author":[{"embeddable":true,"href":"http:\/\/revistalaneta.com.mx\/index.php?rest_route=\/wp\/v2\/users\/1"}],"replies":[{"embeddable":true,"href":"http:\/\/revistalaneta.com.mx\/index.php?rest_route=%2Fwp%2Fv2%2Fcomments&post=14524"}],"version-history":[{"count":1,"href":"http:\/\/revistalaneta.com.mx\/index.php?rest_route=\/wp\/v2\/posts\/14524\/revisions"}],"predecessor-version":[{"id":14525,"href":"http:\/\/revistalaneta.com.mx\/index.php?rest_route=\/wp\/v2\/posts\/14524\/revisions\/14525"}],"wp:featuredmedia":[{"embeddable":true,"href":"http:\/\/revistalaneta.com.mx\/index.php?rest_route=\/wp\/v2\/media\/14523"}],"wp:attachment":[{"href":"http:\/\/revistalaneta.com.mx\/index.php?rest_route=%2Fwp%2Fv2%2Fmedia&parent=14524"}],"wp:term":[{"taxonomy":"category","embeddable":true,"href":"http:\/\/revistalaneta.com.mx\/index.php?rest_route=%2Fwp%2Fv2%2Fcategories&post=14524"},{"taxonomy":"post_tag","embeddable":true,"href":"http:\/\/revistalaneta.com.mx\/index.php?rest_route=%2Fwp%2Fv2%2Ftags&post=14524"}],"curies":[{"name":"wp","href":"https:\/\/api.w.org\/{rel}","templated":true}]}}