{"id":14527,"date":"2024-10-24T10:17:27","date_gmt":"2024-10-24T10:17:27","guid":{"rendered":"http:\/\/revistalaneta.com.mx\/?p=14527"},"modified":"2024-10-24T10:17:46","modified_gmt":"2024-10-24T10:17:46","slug":"asume-jorge-ernesto-macias-espinosa-la-titularidad-de-la-comision-estatal-de-busqueda-de-personas","status":"publish","type":"post","link":"http:\/\/revistalaneta.com.mx\/?p=14527","title":{"rendered":"Asume Jorge Ernesto Mac\u00edas Espinosa la titularidad de la Comisi\u00f3n Estatal de B\u00fasqueda de Personas"},"content":{"rendered":"\n<p><\/p>\n\n\n\n<p><\/p>\n\n\n\n<p>Ciudad Victoria, Tamaulipas.- En un acto protocolario y por instrucciones del gobernador Am\u00e9rico Villarreal Anaya, se llev\u00f3 a cabo la entrega del nombramiento de Jorge Ernesto Mac\u00edas Espinosa como titular de la Comisi\u00f3n Estatal de B\u00fasqueda de Personas de la Secretar\u00eda General de Gobierno. Este nombramiento surtir\u00e1 efectos a partir del 25 de octubre del presente a\u00f1o.<\/p>\n\n\n\n<p>La ceremonia se realiz\u00f3 en las oficinas de la Secretar\u00eda General de Gobierno, bajo la direcci\u00f3n de H\u00e9ctor Joel Villegas Gonz\u00e1lez. Durante el evento, Villegas Gonz\u00e1lez exhort\u00f3 a Mac\u00edas Espinosa a desempe\u00f1ar su funci\u00f3n conforme al orden jur\u00eddico aplicable, as\u00ed como a los principios de promoci\u00f3n, respeto, protecci\u00f3n y garant\u00eda de los derechos humanos, tal como lo establece la Constituci\u00f3n Pol\u00edtica de los Estados Unidos Mexicanos.<\/p>\n\n\n\n<p>Asimismo, se subray\u00f3 la importancia de mantener un v\u00ednculo cercano con la ciudadan\u00eda tamaulipeca, garantizando que sus necesidades y requerimientos sean atendidos de manera eficaz y humanitaria. El nuevo titular de la Comisi\u00f3n Estatal de B\u00fasqueda de Personas se comprometi\u00f3 a trabajar en colaboraci\u00f3n con las autoridades y la sociedad civil para asegurar un enfoque integral en la b\u00fasqueda de personas desaparecidas en el estado.<\/p>\n\n\n\n<p>Este nombramiento es un paso fundamental hacia el fortalecimiento de los mecanismos de b\u00fasqueda y atenci\u00f3n en temas de derechos humanos, reflejando el compromiso del gobierno estatal con la justicia y la dignidad de todos los ciudadanos.<code> * * *<\/code><\/p>\n","protected":false},"excerpt":{"rendered":"<p>Ciudad Victoria, Tamaulipas.- En un acto protocolario y por instrucciones del gobernador Am\u00e9rico Villarreal Anaya, se llev\u00f3 a cabo la entrega del nombramiento de Jorge Ernesto Mac\u00edas Espinosa como titular &hellip; <a href=\"http:\/\/revistalaneta.com.mx\/?p=14527\" class=\"more-link\">Leer m\u00e1s<\/a><\/p>\n","protected":false},"author":1,"featured_media":14526,"comment_status":"open","ping_status":"open","sticky":false,"template":"","format":"standard","meta":{"footnotes":""},"categories":[7],"tags":[],"class_list":["post-14527","post","type-post","status-publish","format-standard","has-post-thumbnail","hentry","category-ciudad-victoria","entry"],"_links":{"self":[{"href":"http:\/\/revistalaneta.com.mx\/index.php?rest_route=\/wp\/v2\/posts\/14527","targetHints":{"allow":["GET"]}}],"collection":[{"href":"http:\/\/revistalaneta.com.mx\/index.php?rest_route=\/wp\/v2\/posts"}],"about":[{"href":"http:\/\/revistalaneta.com.mx\/index.php?rest_route=\/wp\/v2\/types\/post"}],"author":[{"embeddable":true,"href":"http:\/\/revistalaneta.com.mx\/index.php?rest_route=\/wp\/v2\/users\/1"}],"replies":[{"embeddable":true,"href":"http:\/\/revistalaneta.com.mx\/index.php?rest_route=%2Fwp%2Fv2%2Fcomments&post=14527"}],"version-history":[{"count":1,"href":"http:\/\/revistalaneta.com.mx\/index.php?rest_route=\/wp\/v2\/posts\/14527\/revisions"}],"predecessor-version":[{"id":14528,"href":"http:\/\/revistalaneta.com.mx\/index.php?rest_route=\/wp\/v2\/posts\/14527\/revisions\/14528"}],"wp:featuredmedia":[{"embeddable":true,"href":"http:\/\/revistalaneta.com.mx\/index.php?rest_route=\/wp\/v2\/media\/14526"}],"wp:attachment":[{"href":"http:\/\/revistalaneta.com.mx\/index.php?rest_route=%2Fwp%2Fv2%2Fmedia&parent=14527"}],"wp:term":[{"taxonomy":"category","embeddable":true,"href":"http:\/\/revistalaneta.com.mx\/index.php?rest_route=%2Fwp%2Fv2%2Fcategories&post=14527"},{"taxonomy":"post_tag","embeddable":true,"href":"http:\/\/revistalaneta.com.mx\/index.php?rest_route=%2Fwp%2Fv2%2Ftags&post=14527"}],"curies":[{"name":"wp","href":"https:\/\/api.w.org\/{rel}","templated":true}]}}