{"id":14551,"date":"2024-10-24T10:35:04","date_gmt":"2024-10-24T10:35:04","guid":{"rendered":"http:\/\/revistalaneta.com.mx\/?p=14551"},"modified":"2024-10-24T10:35:49","modified_gmt":"2024-10-24T10:35:49","slug":"visita-del-director-del-imss-bienestar","status":"publish","type":"post","link":"http:\/\/revistalaneta.com.mx\/?p=14551","title":{"rendered":"VISITA DEL DIRECTOR DEL IMSS-BIENESTAR"},"content":{"rendered":"\n<p><br>El director general del Instituto Mexicano del Seguro Social (IMSS) Bienestar, Alejandro Svarch P\u00e9rez, estuvo en Tamaulipas. Vino a supervisar el avance del nuevo hospital general de Ciudad Madero y tambi\u00e9n a efectuar un recorrido por el Hospital de Especialidades IMSS-Bienestar \u201cDr. Carlos Canseco\u201d, de Tampico, actos en los que estuvo acompa\u00f1ado del gobernador del estado, Am\u00e9rico Villarreal Anaya. En los dos eventos el titular del IMSS-Bienestar reconoci\u00f3 el trabajo del mandatario estatal en materia de salud, a la vez que se comprometi\u00f3 a fortalecer la plantilla de recursos humanos y a atender las necesidades de infraestructura de los hospitales del sur de Tamaulipas. Y obviamente m\u00e1s adelante realizar\u00e1 una gira de trabajo por el centro y norte de la entidad.<\/p>\n\n\n\n<p>RENUNCIA ALEJANDRA C\u00c1RDENAS AL PRI<br \/>Siguen las malas noticias para el Partido Revolucionario Institucional (PRI) de Tamaulipas. Y es que ahora la exdiputada local, Alejandra C\u00e1rdenas Castillejas, quien era considerada una de las pocas cartas rescatables del tricolor, anunci\u00f3 que renunciaba a dicho instituto pol\u00edtico, al considerar que ha perdido la esencia de su ideolog\u00eda y est\u00e1 alejado de las causas sociales y de la gente. La mencionada present\u00f3 su renuncia por escrito a la dirigente estatal del PRI, Mercedes del Carmen Guill\u00e9n Vicente, a la vez que tambi\u00e9n se difundi\u00f3 con diferentes representantes de los medios de comunicaci\u00f3n. Aqu\u00ed lo interesante es a donde se va a ir \u201cAle\u201d C\u00e1rdenas, ya que se sabe que va a continuar en la pol\u00edtica, pero muy probablemente en otro partido. Y eso justamente lo que se quiere saber, \u00bfa cu\u00e1l partido se va a ir? Ya veremos.<\/p>\n\n\n\n<p>UN \u00c9XITO LA RODADA ROSA<br \/>M\u00e1s de 200 motociclistas tomaron parte en la \u201cRodada Rosa\u201d llevada a cabo por el Gobierno Municipal de Nuevo Laredo, en coordinaci\u00f3n con el DIF Nuevo Laredo la noche de este jueves. Dicho evento se inici\u00f3 en el Monumento a Fundadores, donde se encendieron luces de color rosa conmemorativos al Mes de la Lucha Contra el C\u00e1ncer de Mama, y donde estuvieron miembros del cabildo y dem\u00e1s funcionarios municipales, respaldando a la alcaldesa Carmen Lilia Canturosas Villarreal, quien encabez\u00f3 dicho evento. Tras el encendido de las luces, la caravana de motociclistas parti\u00f3 por la avenida Guerrero, hasta llegar a la plaza \u201cLas Antorchas\u201d, donde se realiz\u00f3 un concierto musical, todo esto en el af\u00e1n de hacer conciencia sobre la lucha contra el c\u00e1ncer de mama.<\/p>\n\n\n\n<p>SE RE\u00daNEN L\u00cdDERES DE LA IP CON SENADORES<br \/>Como parte de las gestiones para lograr la soluci\u00f3n al problema de los congestionamientos en la autopista Nuevo Laredo-Monterrey, dada la lentitud en los trabajos de reparaci\u00f3n de la misma, representantes de los sectores productivos de Nuevo Laredo acudieron al Senado de la Rep\u00fablica para pedir el apoyo de integrantes de la C\u00e1mara Alta, siendo recibidos por las senadoras tamaulipecas Imelda Sanmiguel S\u00e1nchez y Olga Sosa Ruiz, as\u00ed como por el senador presidente de la Comisi\u00f3n de Desarrollo de la Zona Norte, Juan Carlos Loera de la Rosa, as\u00ed como otros legisladores, mismos que se comprometieron a intervenir para atender dicha problem\u00e1tica y as\u00ed no se afecte ya tanto al comercio de exportaci\u00f3n e importaci\u00f3n que se maneja v\u00eda Nuevo Laredo, y que tantos ingresados genera para el pa\u00eds.<\/p>\n\n\n\n<p>GENTE COMPROMETIDA CON NUEVO LAREDO<br \/>Y en dicha reuni\u00f3n estuvieron la presidenta de la Asociaci\u00f3n de Agentes Aduanales de Nuevo Laredo, Rosa Mar\u00eda Alvarado Monroy; el ex presidente del mismo organismo, Jos\u00e9 Ignacio Zaragoza Ambrosi; el vicepresidente, Alfredo Montes Silva; el tesorero de la AAANLD, Eduardo Kalish Alonso; el delegado de la C\u00e1mara Nacional del Autotransporte de Carga (CANACAR), H\u00e9ctor Hinojosa Laralde; el representante de la Central de Servicios de Carga, Eduardo Lozano Guajardo; el presidente de la Asociaci\u00f3n de Transportistas de Carga (ATC), Carlos Fern\u00e1ndez Mart\u00ednez; el presidente del Consejo de Instituciones de Nuevo Laredo, Francisco Mej\u00eda Barrientos y Juan Eliud Ci\u00e9nega Jurado, de la C\u00e1mara Nacional de Comercio (CANACO), todos ellos firmemente comprometidos con darle soluci\u00f3n a dicha problem\u00e1tica. Bien por ellos.<\/p>\n\n\n\n<p>GRAN LABOR SOCIAL DE C\u00c9SAR IBARRA<br \/>Quien sigue realizando una gran labor social es el amigo C\u00e9sar Ibarra Moreno, presidente y fundador de la Asociaci\u00f3n Tommi Insuficiencia Renal y Diabetes que mucho ha apoyado a personas con las referidas enfermedades, a fin de salir adelante, as\u00ed como dotarles de medicamentos para el mejoramiento de su salud. C\u00e9sar ya tiene m\u00e1s de 10 a\u00f1os realizando esta labor, que surgi\u00f3 a ra\u00edz de que su se\u00f1ora madre (Q.E.P.D.) padeci\u00f3 de insuficiencia renal. Por cierto que si hay personas que cuentan con cajas de di\u00e1lisis que ya no utilicen, pueden ponerse en contacto con C\u00e9sar para don\u00e1rselas y \u00e9l mismo pasa por ellas. El contacto lo pueden hacer a trav\u00e9s de su p\u00e1gina de Facebook Tommi Insuficienciarenalydiabetes, y as\u00ed estar en sinton\u00eda en lo que apoyo al pr\u00f3jimo se refiere.<\/p>\n\n\n\n<p>CELEBRAN SEIS D\u00c9CADAS DEL TEC DE NUEVO LAREDO<br \/>La ceremonia oficial del Sexag\u00e9simo Aniversario de la Fundaci\u00f3n de Instituto Tecnol\u00f3gico de Nuevo Laredo se llev\u00f3 a cabo este jueves en las propias instalaciones de dicho campus universitario, y siendo encabezado por la Presidenta Municipal de Nuevo Laredo, Carmen Lilia Canturosas Villarreal, as\u00ed como por Antonio P\u00e9rez M\u00e9ndez, director jur\u00eddico del Tecnol\u00f3gico Nacional de M\u00e9xico (TNM), en representaci\u00f3n de Ram\u00f3n Jim\u00e9nez L\u00f3pez, director general del mismo TNM, y estando presentes adem\u00e1s el director del ITNL, Benito S\u00e1nchez Raya, as\u00ed como Jos\u00e9 Antonio Tovar Lara, rector de la Universidad Tecnol\u00f3gica de Nuevo Laredo y adem\u00e1s representante del gobernador Am\u00e9rico Villarreal Anaya y de la secretaria de Educaci\u00f3n de Tamaulipas, Luc\u00eda Aim\u00e9 Castillo Pastor, adem\u00e1s de otras personalidades. En el evento la alcaldesa Carmen Lilia Canturosas resalt\u00f3 lo importante que ha sido el Tec de Nuevo Laredo justamente para esta ciudad fronteriza, como semillero de importantes profesionistas a lo largo de sus seis d\u00e9cadas de servicio a la comunidad. Y s\u00ed, en efecto as\u00ed es.<\/p>\n\n\n\n<p>INICIA LA PREPA UAT EN ESTE MES DE OCTUBRE<br \/>En este mes de octubre iniciar\u00e1 actividades la nueva Preparatoria de la UAT, con un primer grupo de arranque, aunque se mantendr\u00e1n abiertas las inscripciones para los interesados, que bien pueden ser aquellos que a\u00fan no se han inscrito a alguna universidad, o bien pueden cambiarse si es que ya se apuntaron en otra escuela. As\u00ed lo hizo saber el director de la Facultad de Comercio, Administraci\u00f3n y Ciencias Sociales (FCACS) de la Universidad Aut\u00f3noma de Tamaulipas (UAT), Ren\u00e9 Salinas Salinas, quien dijo que dicha facultad se ha hecho cargo del registro de alumnos a la preparatoria por encomienda de la rector\u00eda de la UAT, y como ya se complet\u00f3 un grupo, por eso iniciar\u00e1n actividades. Agreg\u00f3 que para enero se espera poner en marcha m\u00e1s grupos, y de antemano hizo el llamado a quienes en este ciclo escolar van a salir de secundaria, y tienen pensado cursar una carrera profesional en la UAT, que obviamente antes de eso se vayan a la Preparatoria de la UAT para que se vayan formando con el modelo educativo y de alta calidad con que cuenta la m\u00e1xima casa de estudios de la entidad.<\/p>\n\n\n\n<p>LO \u00daLTIMO<br \/>Muchas felicidades a mi amigo Oscar \u201cEl Kimba\u201d Cant\u00fa, lo mismo que al licenciado Rub\u00e9n C\u00e1rdenas Mendiola, a Javier Hinojosa V\u00e1zquez y Jorge Ortiz, quienes este viernes cumplen un a\u00f1o m\u00e1s de vida. \u00a1Muchos m\u00e1s d\u00edas de estos!\u2026 De reconocerse el trabajo en conjunto que est\u00e1n realizando los s\u00edndicos del Cabildo de Nuevo Laredo, Jes\u00fas Jasso Montemayor y Mirna Rend\u00f3n Santos. Ojal\u00e1 as\u00ed se mantengan\u2026 \u00bfQui\u00e9n es la regidora que quit\u00f3 su escritorio de su cub\u00edculo y en su lugar puso una mesita, para supuestamente verse \u201csencillita\u201d? \u00bfNo ser\u00e1 que la realidad es que como quienes ah\u00ed laboran no caben decidieron ahorrar espacio? Jejejeje.<\/p>\n","protected":false},"excerpt":{"rendered":"<p>El director general del Instituto Mexicano del Seguro Social (IMSS) Bienestar, Alejandro Svarch P\u00e9rez, estuvo en Tamaulipas. Vino a supervisar el avance del nuevo hospital general de Ciudad Madero y &hellip; <a href=\"http:\/\/revistalaneta.com.mx\/?p=14551\" class=\"more-link\">Leer m\u00e1s<\/a><\/p>\n","protected":false},"author":1,"featured_media":14550,"comment_status":"open","ping_status":"open","sticky":false,"template":"","format":"standard","meta":{"footnotes":""},"categories":[2],"tags":[],"class_list":["post-14551","post","type-post","status-publish","format-standard","has-post-thumbnail","hentry","category-chismorreo","entry"],"_links":{"self":[{"href":"http:\/\/revistalaneta.com.mx\/index.php?rest_route=\/wp\/v2\/posts\/14551","targetHints":{"allow":["GET"]}}],"collection":[{"href":"http:\/\/revistalaneta.com.mx\/index.php?rest_route=\/wp\/v2\/posts"}],"about":[{"href":"http:\/\/revistalaneta.com.mx\/index.php?rest_route=\/wp\/v2\/types\/post"}],"author":[{"embeddable":true,"href":"http:\/\/revistalaneta.com.mx\/index.php?rest_route=\/wp\/v2\/users\/1"}],"replies":[{"embeddable":true,"href":"http:\/\/revistalaneta.com.mx\/index.php?rest_route=%2Fwp%2Fv2%2Fcomments&post=14551"}],"version-history":[{"count":1,"href":"http:\/\/revistalaneta.com.mx\/index.php?rest_route=\/wp\/v2\/posts\/14551\/revisions"}],"predecessor-version":[{"id":14552,"href":"http:\/\/revistalaneta.com.mx\/index.php?rest_route=\/wp\/v2\/posts\/14551\/revisions\/14552"}],"wp:featuredmedia":[{"embeddable":true,"href":"http:\/\/revistalaneta.com.mx\/index.php?rest_route=\/wp\/v2\/media\/14550"}],"wp:attachment":[{"href":"http:\/\/revistalaneta.com.mx\/index.php?rest_route=%2Fwp%2Fv2%2Fmedia&parent=14551"}],"wp:term":[{"taxonomy":"category","embeddable":true,"href":"http:\/\/revistalaneta.com.mx\/index.php?rest_route=%2Fwp%2Fv2%2Fcategories&post=14551"},{"taxonomy":"post_tag","embeddable":true,"href":"http:\/\/revistalaneta.com.mx\/index.php?rest_route=%2Fwp%2Fv2%2Ftags&post=14551"}],"curies":[{"name":"wp","href":"https:\/\/api.w.org\/{rel}","templated":true}]}}