{"id":14599,"date":"2024-10-25T12:39:01","date_gmt":"2024-10-25T12:39:01","guid":{"rendered":"http:\/\/revistalaneta.com.mx\/?p=14599"},"modified":"2024-10-25T12:39:18","modified_gmt":"2024-10-25T12:39:18","slug":"participa-jose-ramon-silva-en-el-foro-estatal-del-tecnologico-de-ciudad-madero","status":"publish","type":"post","link":"http:\/\/revistalaneta.com.mx\/?p=14599","title":{"rendered":"Participa Jos\u00e9 Ram\u00f3n Silva en el Foro Estatal del Tecnol\u00f3gico de Ciudad Madero"},"content":{"rendered":"\n<p><\/p>\n\n\n\n<p><\/p>\n\n\n\n<p>Ciudad Madero, Tamaulipas. &#8211; El secretario de Desarrollo Energ\u00e9tico, Jos\u00e9 Ram\u00f3n Silva, particip\u00f3 en el Foro Estatal: Actualizaci\u00f3n Curricular para la Consolidaci\u00f3n de Proyectos Estrat\u00e9gicos del Tecnol\u00f3gico Nacional de M\u00e9xico en el Estado de Tamaulipas, organizado por el TecNM de Madero.<\/p>\n\n\n\n<p>En este espacio, Silva Arizabalo comparti\u00f3 la importancia de seguir actualiz\u00e1ndose ante las necesidades actuales del mercado laboral los proyectos estrat\u00e9gicos del TecNM de la mano del Gobierno Humanista del doctor Am\u00e9rico Villarreal para seguir impulsando la educaci\u00f3n de los j\u00f3venes tamaulipecos.<\/p>\n\n\n\n<p>Adem\u00e1s, expuso ante los estudiantes y catedr\u00e1ticos \u201cVOLTAM: Proyectos Energ\u00e9ticos Estrat\u00e9gicos en Tamaulipas\u201d, el cual presenta los avances y proyectos energ\u00e9ticos que se desarrollan en territorio tamaulipeco y como se camina hacia un futuro sostenible.<\/p>\n\n\n\n<p>\u201cEs un gusto poder compartir las estrategias que nos ha planteado nuestro gobernador Am\u00e9rico Villarreal para seguir posicionando a Tamaulipas como el estado energ\u00e9tico por excelencia y ver como los tecnol\u00f3gicos se est\u00e1n sumando a esta estrategia de visi\u00f3n y aprovechar las competencias t\u00e9cnicas del Tecnol\u00f3gico Nacional y de ah\u00ed atacar las necesidades que tiene Tamaulipas\u201d, detall\u00f3.<\/p>\n\n\n\n<p>En el evento estuvo presente el rector del Instituto Tecnol\u00f3gico de Ciudad Madero, Juan Dionisio Cruz Guerrero el cual hizo entrega de un reconocimiento al secretario por sus aportaciones en este foro estatal.<code> * * *<\/code><\/p>\n","protected":false},"excerpt":{"rendered":"<p>Ciudad Madero, Tamaulipas. &#8211; El secretario de Desarrollo Energ\u00e9tico, Jos\u00e9 Ram\u00f3n Silva, particip\u00f3 en el Foro Estatal: Actualizaci\u00f3n Curricular para la Consolidaci\u00f3n de Proyectos Estrat\u00e9gicos del Tecnol\u00f3gico Nacional de M\u00e9xico &hellip; <a href=\"http:\/\/revistalaneta.com.mx\/?p=14599\" class=\"more-link\">Leer m\u00e1s<\/a><\/p>\n","protected":false},"author":1,"featured_media":14598,"comment_status":"open","ping_status":"open","sticky":false,"template":"","format":"standard","meta":{"footnotes":""},"categories":[7],"tags":[],"class_list":["post-14599","post","type-post","status-publish","format-standard","has-post-thumbnail","hentry","category-ciudad-victoria","entry"],"_links":{"self":[{"href":"http:\/\/revistalaneta.com.mx\/index.php?rest_route=\/wp\/v2\/posts\/14599","targetHints":{"allow":["GET"]}}],"collection":[{"href":"http:\/\/revistalaneta.com.mx\/index.php?rest_route=\/wp\/v2\/posts"}],"about":[{"href":"http:\/\/revistalaneta.com.mx\/index.php?rest_route=\/wp\/v2\/types\/post"}],"author":[{"embeddable":true,"href":"http:\/\/revistalaneta.com.mx\/index.php?rest_route=\/wp\/v2\/users\/1"}],"replies":[{"embeddable":true,"href":"http:\/\/revistalaneta.com.mx\/index.php?rest_route=%2Fwp%2Fv2%2Fcomments&post=14599"}],"version-history":[{"count":1,"href":"http:\/\/revistalaneta.com.mx\/index.php?rest_route=\/wp\/v2\/posts\/14599\/revisions"}],"predecessor-version":[{"id":14600,"href":"http:\/\/revistalaneta.com.mx\/index.php?rest_route=\/wp\/v2\/posts\/14599\/revisions\/14600"}],"wp:featuredmedia":[{"embeddable":true,"href":"http:\/\/revistalaneta.com.mx\/index.php?rest_route=\/wp\/v2\/media\/14598"}],"wp:attachment":[{"href":"http:\/\/revistalaneta.com.mx\/index.php?rest_route=%2Fwp%2Fv2%2Fmedia&parent=14599"}],"wp:term":[{"taxonomy":"category","embeddable":true,"href":"http:\/\/revistalaneta.com.mx\/index.php?rest_route=%2Fwp%2Fv2%2Fcategories&post=14599"},{"taxonomy":"post_tag","embeddable":true,"href":"http:\/\/revistalaneta.com.mx\/index.php?rest_route=%2Fwp%2Fv2%2Ftags&post=14599"}],"curies":[{"name":"wp","href":"https:\/\/api.w.org\/{rel}","templated":true}]}}