{"id":14602,"date":"2024-10-25T12:45:00","date_gmt":"2024-10-25T12:45:00","guid":{"rendered":"http:\/\/revistalaneta.com.mx\/?p=14602"},"modified":"2024-10-25T12:45:20","modified_gmt":"2024-10-25T12:45:20","slug":"todo-listo-para-el-triatlon-icest-astri-tamaulipas-ichich-tenek-2024","status":"publish","type":"post","link":"http:\/\/revistalaneta.com.mx\/?p=14602","title":{"rendered":"Todo listo para el Triatl\u00f3n ICEST AsTri Tamaulipas Ichich Tenek 2024"},"content":{"rendered":"\n<p><\/p>\n\n\n\n<p><\/p>\n\n\n\n<p>Tampico, Tamaulipas.- Todo est\u00e1 listo para que el pr\u00f3ximo 2 de noviembre se realice en la zona sur del estado, la Segunda Edici\u00f3n del Triatl\u00f3n ICEST AsTri Tamaulipas Ichich Tenek 2024.<\/p>\n\n\n\n<p>El secretario de Turismo de Tamaulipas Benjam\u00edn Hern\u00e1ndez Rodr\u00edguez se\u00f1alo que se espera la participaci\u00f3n de m\u00e1s de 3 mil personas entre atletas y acompa\u00f1antes, quienes dejar\u00e1n una derrama econ\u00f3mica superior a los 15 millones de pesos.<\/p>\n\n\n\n<p>Todo ello derivado de servicios de hospedaje, alimentaci\u00f3n, transportaci\u00f3n terrestre, artesan\u00edas, souvenirs y gasolina, entre otros.<\/p>\n\n\n\n<p>Refiri\u00f3 que este es otro ejemplo m\u00e1s del esfuerzo, trabajo y compromiso del Gobierno de la Transformaci\u00f3n de Tamaulipas, que preside el gobernador Am\u00e9rico Villarreal Anaya, para atraer eventos que generen derrama econ\u00f3mica y bienestar para las y los tamaulipecos.<\/p>\n\n\n\n<p>Indico que los esfuerzos del gobernador por traer eventos de talla nacional e internacional ya han dado frutos, ya que en la primera edici\u00f3n la atleta tamaulipeca Brisa Miranda logr\u00f3 el pase para participar en el campeonato mundial de triatl\u00f3n Torre Molinos en Andaluc\u00eda, Espa\u00f1a, donde obtuvo el primer lugar en relevos mixtos.<\/p>\n\n\n\n<p>\u201cEstamos seguros de que trabajando de manera coordinada con la presidenta y los presidentes municipales que inician sus gestiones, podremos atraer eventos deportivos, culturales y de entretenimiento, con lo que incrementaremos la afluencia de turistas y visitantes a la zona sur de Tamaulipas\u201d, refiri\u00f3.<\/p>\n\n\n\n<p>En la rueda de prensa estuvieron presentes Sandra Leticia \u00c1vila, rectora del Instituto de Ciencias y Estudios Superiores de Tamaulipas (ICEST), y Mauricio \u00c1lvarez, director de Operaciones de Asdeporte, entre otros.<code> * * *<\/code><\/p>\n","protected":false},"excerpt":{"rendered":"<p>Tampico, Tamaulipas.- Todo est\u00e1 listo para que el pr\u00f3ximo 2 de noviembre se realice en la zona sur del estado, la Segunda Edici\u00f3n del Triatl\u00f3n ICEST AsTri Tamaulipas Ichich Tenek &hellip; <a href=\"http:\/\/revistalaneta.com.mx\/?p=14602\" class=\"more-link\">Leer m\u00e1s<\/a><\/p>\n","protected":false},"author":1,"featured_media":14601,"comment_status":"open","ping_status":"open","sticky":false,"template":"","format":"standard","meta":{"footnotes":""},"categories":[7],"tags":[],"class_list":["post-14602","post","type-post","status-publish","format-standard","has-post-thumbnail","hentry","category-ciudad-victoria","entry"],"_links":{"self":[{"href":"http:\/\/revistalaneta.com.mx\/index.php?rest_route=\/wp\/v2\/posts\/14602","targetHints":{"allow":["GET"]}}],"collection":[{"href":"http:\/\/revistalaneta.com.mx\/index.php?rest_route=\/wp\/v2\/posts"}],"about":[{"href":"http:\/\/revistalaneta.com.mx\/index.php?rest_route=\/wp\/v2\/types\/post"}],"author":[{"embeddable":true,"href":"http:\/\/revistalaneta.com.mx\/index.php?rest_route=\/wp\/v2\/users\/1"}],"replies":[{"embeddable":true,"href":"http:\/\/revistalaneta.com.mx\/index.php?rest_route=%2Fwp%2Fv2%2Fcomments&post=14602"}],"version-history":[{"count":1,"href":"http:\/\/revistalaneta.com.mx\/index.php?rest_route=\/wp\/v2\/posts\/14602\/revisions"}],"predecessor-version":[{"id":14603,"href":"http:\/\/revistalaneta.com.mx\/index.php?rest_route=\/wp\/v2\/posts\/14602\/revisions\/14603"}],"wp:featuredmedia":[{"embeddable":true,"href":"http:\/\/revistalaneta.com.mx\/index.php?rest_route=\/wp\/v2\/media\/14601"}],"wp:attachment":[{"href":"http:\/\/revistalaneta.com.mx\/index.php?rest_route=%2Fwp%2Fv2%2Fmedia&parent=14602"}],"wp:term":[{"taxonomy":"category","embeddable":true,"href":"http:\/\/revistalaneta.com.mx\/index.php?rest_route=%2Fwp%2Fv2%2Fcategories&post=14602"},{"taxonomy":"post_tag","embeddable":true,"href":"http:\/\/revistalaneta.com.mx\/index.php?rest_route=%2Fwp%2Fv2%2Ftags&post=14602"}],"curies":[{"name":"wp","href":"https:\/\/api.w.org\/{rel}","templated":true}]}}