{"id":14617,"date":"2024-10-26T03:27:37","date_gmt":"2024-10-26T03:27:37","guid":{"rendered":"http:\/\/revistalaneta.com.mx\/?p=14617"},"modified":"2024-10-26T03:27:54","modified_gmt":"2024-10-26T03:27:54","slug":"presentaran-festival-de-la-catrina-este-2-de-noviembre-en-la-explanada-independencia","status":"publish","type":"post","link":"http:\/\/revistalaneta.com.mx\/?p=14617","title":{"rendered":"Presentar\u00e1n Festival de La Catrina este 2 de noviembre en la Explanada Independencia"},"content":{"rendered":"\n<p><\/p>\n\n\n\n<p>Nuevo Laredo, Tamps.- El Gobierno Municipal, consciente de la importancia que representa preservar y mantener vivas las tradiciones mexicanas como el D\u00eda de Muertos, realizar\u00e1 el Festival de la Catrina, donde los olores, sabores y m\u00fasica se mezclar\u00e1n para deleite de los neolaredenses.<\/p>\n\n\n\n<p>\u201cCon la colaboraci\u00f3n del DIF y de otras \u00e1reas del Gobierno Municipal se va a llevar a cabo el Festival de la Catrina el d\u00eda 2 de noviembre a partir de las 6:00 PM en la Explanada de la Independencia\u201d, inform\u00f3 Marco Rodriguez Leija, secretario de Turismo.<\/p>\n\n\n\n<p>Para tal efecto se tiene contemplado presentar tres concursos relacionados con las festividades del D\u00eda de los Muertos, el de Catrinas, Altares y del Tamal en donde podr\u00e1n participar ciudadanos y asociaciones p\u00fablicas y privadas.<\/p>\n\n\n\n<p>Cada uno de estos concursos deber\u00e1n seguir ciertas reglas para su calificaci\u00f3n, por ejemplo, los altres tendr\u00e1n una dimensi\u00f3n m\u00e1xima de 2 x 3 metros y ser\u00e1n asistidos por una persona que explique sobre el personaje alusivo; se calificar\u00e1 creatividad, tradici\u00f3n, explicaci\u00f3n y presentaci\u00f3n del altar.<\/p>\n\n\n\n<p>Para el concurso de catrinas habr\u00e1 las siguientes categor\u00edas: Infantil de 1 a 12 a\u00f1os y adultos de 13 a\u00f1os en adelante, en donde se calificar\u00e1 originalidad, vestuario, maquillaje, actitud; la fecha l\u00edmite para inscribirse ser\u00e1 el 31 de octubre.<\/p>\n\n\n\n<p>En esta ocasi\u00f3n se agreg\u00f3 el concurso del mejor tamal, tomando en cuenta que Nuevo Laredo es tierra de migraci\u00f3n en donde conviven ciudadanos de otros estados incluso de diferentes pa\u00edses.<\/p>\n\n\n\n<p>\u201cRecordemos que existen residentes de otras partes como de Tabasco, Oaxaca, Veracruz donde es t\u00edpico este alimento; as\u00ed como de centro y sudam\u00e9rica e incluso de Cuba. Se calificar\u00e1 sabor, presentaci\u00f3n y todo lo que representa este alimento\u201d, mencion\u00f3 el director de Turismo.<\/p>\n\n\n\n<p>De igual manera, la fecha l\u00edmite para registrarse ser\u00e1 el 31 de octubre y los interesados deber\u00e1n presentar una copia del INE , tel\u00e9fono y correo electr\u00f3nico.<\/p>\n\n\n\n<p>Para los tres concursos, los registros tendr\u00e1n como l\u00edmite el 31 de octubre y deber\u00e1n hacerse a los tel\u00e9fonos 867-713-7020, 867-7137021 o acudir personalmente a las oficinas de Turismo ubicadas en Matamoros 309 altos, sector centro en el antiguo Banco Longoria.<\/p>\n","protected":false},"excerpt":{"rendered":"<p>Nuevo Laredo, Tamps.- El Gobierno Municipal, consciente de la importancia que representa preservar y mantener vivas las tradiciones mexicanas como el D\u00eda de Muertos, realizar\u00e1 el Festival de la Catrina, &hellip; <a href=\"http:\/\/revistalaneta.com.mx\/?p=14617\" class=\"more-link\">Leer m\u00e1s<\/a><\/p>\n","protected":false},"author":1,"featured_media":14616,"comment_status":"open","ping_status":"open","sticky":false,"template":"","format":"standard","meta":{"footnotes":""},"categories":[4],"tags":[],"class_list":["post-14617","post","type-post","status-publish","format-standard","has-post-thumbnail","hentry","category-nuevo-laredo","entry"],"_links":{"self":[{"href":"http:\/\/revistalaneta.com.mx\/index.php?rest_route=\/wp\/v2\/posts\/14617","targetHints":{"allow":["GET"]}}],"collection":[{"href":"http:\/\/revistalaneta.com.mx\/index.php?rest_route=\/wp\/v2\/posts"}],"about":[{"href":"http:\/\/revistalaneta.com.mx\/index.php?rest_route=\/wp\/v2\/types\/post"}],"author":[{"embeddable":true,"href":"http:\/\/revistalaneta.com.mx\/index.php?rest_route=\/wp\/v2\/users\/1"}],"replies":[{"embeddable":true,"href":"http:\/\/revistalaneta.com.mx\/index.php?rest_route=%2Fwp%2Fv2%2Fcomments&post=14617"}],"version-history":[{"count":1,"href":"http:\/\/revistalaneta.com.mx\/index.php?rest_route=\/wp\/v2\/posts\/14617\/revisions"}],"predecessor-version":[{"id":14618,"href":"http:\/\/revistalaneta.com.mx\/index.php?rest_route=\/wp\/v2\/posts\/14617\/revisions\/14618"}],"wp:featuredmedia":[{"embeddable":true,"href":"http:\/\/revistalaneta.com.mx\/index.php?rest_route=\/wp\/v2\/media\/14616"}],"wp:attachment":[{"href":"http:\/\/revistalaneta.com.mx\/index.php?rest_route=%2Fwp%2Fv2%2Fmedia&parent=14617"}],"wp:term":[{"taxonomy":"category","embeddable":true,"href":"http:\/\/revistalaneta.com.mx\/index.php?rest_route=%2Fwp%2Fv2%2Fcategories&post=14617"},{"taxonomy":"post_tag","embeddable":true,"href":"http:\/\/revistalaneta.com.mx\/index.php?rest_route=%2Fwp%2Fv2%2Ftags&post=14617"}],"curies":[{"name":"wp","href":"https:\/\/api.w.org\/{rel}","templated":true}]}}