{"id":14623,"date":"2024-10-26T03:33:14","date_gmt":"2024-10-26T03:33:14","guid":{"rendered":"http:\/\/revistalaneta.com.mx\/?p=14623"},"modified":"2024-10-26T03:33:51","modified_gmt":"2024-10-26T03:33:51","slug":"se-reparten-comisiones-del-cabildo-de-nuevo-laredo","status":"publish","type":"post","link":"http:\/\/revistalaneta.com.mx\/?p=14623","title":{"rendered":"SE REPARTEN COMISIONES DEL CABILDO DE NUEVO LAREDO"},"content":{"rendered":"\n<p><br>El Cabildo de Nuevo Laredo aprob\u00f3 por mayor\u00eda de votos la repartici\u00f3n de las 31 comisiones que conforma el propio cuerpo edilicio dentro del Gobierno Municipal de Nuevo Laredo, para el vigente per\u00edodo 2024-2027. Fue con 19 votos a favor y 4 en contra (y 1 ausencia) que se autorizaron las comisiones, donde obviamente los ediles de la 4T se quedaron con las mejores posiciones, ante la protesta de los cuatro regidores del PAN presentes (falt\u00f3 uno), en algo que es com\u00fan en los miembros de la oposici\u00f3n cada vez que se hace dicho reparto, sea cual sea el partido gobernante. El caso es que ya qued\u00f3 arreglado este tema que estaba pendiente dentro del Cabildo, y ahora lo que viene es que cada uno de los integrantes de las comisiones, se pongan a trabajar en las mismas.<\/p>\n\n\n\n<p>COMO QUEDARON REPARTIDAS<br \/>Y dado a que son muchas las comisiones, y bastantes los integrantes en cada una de ellas, solo dar\u00e9 a conocer quienes las presiden, tomando en cuenta que algunos dirigir\u00e1n dos grupos. En la Comisi\u00f3n de Hacienda y Cuenta P\u00fablica, Jes\u00fas Jasso Montemayor; Transporte, Jes\u00fas Jasso Montemayor; Servicios P\u00fablicos Municipal, Mar\u00eda Mirna Rend\u00f3n Santos; Transparencia y Acceso a la Informaci\u00f3n P\u00fablica, Sergio Fernando P\u00e9rez Villarreal; Anticorrupci\u00f3n, Sergio Fernando P\u00e9rez Villarreal; Salud P\u00fablica y Asistencia Social, Samanta Khiabett Rodr\u00edguez Cant\u00fa; Desarrollo Sustentable y Cambio Clim\u00e1tico, Juan de Dios Juanes Carrizales; Protecci\u00f3n a los Animales; Imayra Ivette Inocencio Gonz\u00e1lez; Comercio Informal, Guadalupe Zapata Mu\u00f1iz; Gobierno, Cristabell Zamora Cabrera; Juventud, Enrique Figueroa Rocha; Turismo, Santos Francisco Hern\u00e1ndez Aguilar; Cultura, Macarena Coraz\u00f3n Gonz\u00e1lez N\u00fa\u00f1ez.<\/p>\n\n\n\n<p>M\u00c1S POSICIONES<br \/>Asimismo, Grupos Vulnerables, Jos\u00e9 Hemin Pascacio Rodr\u00edguez; Derechos Humanos, Jos\u00e9 Hemin Pascacio Rodr\u00edguez; Asentamientos Humanos y Obras P\u00fablicas, Alma Margarita S\u00e1nchez Lerma; Movilidad, Alma Margarita S\u00e1nchez Lerma; Fomento Deportivo, Gabriel Sol\u00f3rzano P\u00e9rez; Protecci\u00f3n Civil y Bomberos, Gabriel Sol\u00f3rzano P\u00e9rez; Igualdad de G\u00e9nero, Leticia Yazm\u00edn Meneses Camino; Educaci\u00f3n, Leticia Yazm\u00edn Meneses Camino; Energ\u00eda, F\u00e9lix Fernando Garc\u00eda Aguiar; Desarrollo Rural, F\u00e9lix Fernando Garc\u00eda Aguiar; Agua, Leticia Judith Barrera Garza; Desarrollo Econ\u00f3mico, Oscar Jos\u00e9 Trevi\u00f1o Carmona; Asuntos Migratorios, Delia Cort\u00e9s Benavides; Comercio Exterior, Edgardo Pedraza Quintanilla; Estad\u00edstica Municipal, Alma Rosa Casta\u00f1o Rodr\u00edguez; Tr\u00e1nsito y Vialidad, Gamaliel Alberto Infante Ram\u00edrez y Desarrollo y Fortalecimiento Municipal, Imayra Ivette Inocencio Gonz\u00e1lez.<\/p>\n\n\n\n<p>INAUGURAN NUEVA PREPARATORIA MUNICIPAL<br \/>Con bombo y platillo se llev\u00f3 a cabo la inauguraci\u00f3n de la Preparatoria Municipal Sur, que como su nombre lo indica se ubica al sur de la ciudad, y la cual ser\u00e1 administrada por la Universidad Aut\u00f3noma de Tamaulipas (UAT). Dicha obra fue entregada formalmente por la Presidenta Municipal de Nuevo Laredo, Carmen Lilia Canturosas Villarreal, quien para tal efecto estuvo acompa\u00f1ada de miembros del Cabildo, funcionarios municipales y la propia ciudadan\u00eda, que vaya que mostr\u00f3 un gran agradecimiento a la alcaldesa por la construcci\u00f3n de tan importante obra, que permitir\u00e1 a muchos j\u00f3venes del sur de la ciudad contar con una nueva y m\u00e1s cercana opci\u00f3n, de aprendizaje del bachillerato. Y la verdad qued\u00f3 espectacular dicha escuela, que dicho sea de paso es la primera en todo Tamaulipas auto-sustentable, con paneles de luz solar y su propia planta de agua potable \u00a1\u00c9chate ese trompo a la u\u00f1a!<\/p>\n\n\n\n<p>BAZAR JOVEN EDICI\u00d3N HALLOWEEN<br \/>Bajo el firme prop\u00f3sito de apoyar a los j\u00f3venes emprendedores locales, el Gobierno Municipal de Nuevo Laredo y el Instituto Municipal de la Juventud, llevar\u00e1n a cabo el Bazar Joven Edici\u00f3n Halloween, que se celebrar\u00e1 el pr\u00f3ximo s\u00e1bado 26 de octubre en el parque Viveros, en horario de cinco de la tarde a nueve de la noche. Hasta este martes segu\u00edan abiertas las inscripciones para quienes quieran participar en la venta de productos, por lo que deben apurarse, porque el cupo es limitado. Los interesados pueden registrarse en el link https:\/\/forms.gle\/X3dwdAvnCfmkoVV6A cumpliendo los requisitos que se solicitan. Se espera una gran participaci\u00f3n, y sobre todo una gran asistencia de consumidores, ya que aparte habr\u00e1 muchas sorpresas.<\/p>\n\n\n\n<p>PEREGRINACI\u00d3N A SAN JUDAS TADEO<br \/>El amigo Miguel \u00c1ngel Esparza Serna ha tomado el papel de su t\u00eda, la entra\u00f1able Ramoncita Esparza Gonz\u00e1lez, en lo que a mantener vigentes las tradicionales peregrinaciones religiosas que la bien recordada Ramoncita realizaba, y como tal est\u00e1 invitando, a nombre del Club Familiar de Ramoncita, a la peregrinaci\u00f3n a la iglesia de San Judas Tadeo a celebrarse el pr\u00f3ximo lunes a las 10:30 horas con punto de reuni\u00f3n en la plaza de la Mujer, para de all\u00ed partir a la iglesia de San Judas Tadeo donde se celebrar\u00e1 la misa con la comunidad parroquial. Todos est\u00e1n invitados.<\/p>\n\n\n\n<p>EMPIEZA EL REGISTRO DE BECAS EN TRES SECUNDARIAS<br \/>Las escuelas secundarias T\u00e9cnica 32, T\u00e9cnica 57 y General 4, son las \u00fanicas hasta el momento que han sido autorizadas para que sus alumnos inicien el proceso de registro para la nueva beca \u201cRita Zetina\u201d, que les proporcionar\u00e1 1,900 pesos bimestrales. Esto ha sido confirmado por el profesor C\u00e9sar bola\u00f1os Calzado, jefe del Centro de Regional de Desarrollo Educativo (CREDE) de Nuevo Laredo, quien a la vez ha manifestado que hasta el momento no se sabe cuando se iniciar\u00e1 el registro, pero inst\u00f3 a los alumnos de esos tres planteles estar listos para cuando se les d\u00e9 luz verde, sobre todo porque van a ser varios los requisitos. Sobre las dem\u00e1s escuelas secundarias, dijo que gradualmente se ir\u00e1n incorporando a la nueva beca, pero de momento solo esas tres.<\/p>\n\n\n\n<p>DESTACA GOBERNADOR LAS BUENAS NOTICIAS<br \/>Durante la celebraci\u00f3n de los Honores a la Bandera de este martes en la capital del estado, el gobernador Am\u00e9rico Villarreal Anaya resalt\u00f3 el hecho de que la sociedad tamaulipeca tenga una percepci\u00f3n positiva del 74 por ciento de su gobierno, as\u00ed como que el \u00e1rea conurbada del sur del estado haya sido considerada como la tercera zona m\u00e1s segura del pa\u00eds, esto de acuerdo con los resultados del ENSU del INEGI, a la vez que tambi\u00e9n destac\u00f3 el \u00e9xito de la Feria Tamaulipas, que fue un evento por dem\u00e1s tranquilo, seguro y con amplia diversi\u00f3n, donde por cierto se tuvieron m\u00e1s de 453 mil asistencias y una derrama econ\u00f3mica estimada en 70 millones de pesos. En ese mismo acto el secretario de Administraci\u00f3n, Jes\u00fas Lav\u00edn Ver\u00e1stegui, resalt\u00f3 el alza salarial de los servidores p\u00fablicos, el cual ascendi\u00f3 hasta en un 118 por ciento para personas operativo, as\u00ed como se realizaron ajustes en las compensaciones de los puestos de alto rango, reduciendo las percepciones hasta en un 15 por ciento, en algo que incluye directores, subsecretarios, secretarios y hasta al propio gobernador. Al termino de los honores se hizo entrega de la rehabilitaci\u00f3n del \u00c1guila del Bicentenario, obra inaugurada en el 2010, y que ya requer\u00eda de un mantenimiento.<\/p>\n\n\n\n<p>MOVIMIENTOS EN LA SECRETAR\u00cdA DE BIENESTAR SOCIAL ESTATAL<br \/>Hay m\u00e1s movimientos al interior de la Secretar\u00eda de Bienestar del Gobierno del Estado de Tamaulipas que dirige Silvia Casas Gonz\u00e1lez, y quien a nombre del gobernador entreg\u00f3 nombramientos a nuevos funcionarios dentro del organigrama de dicha dependencia. As\u00ed pues, Javier Ricardo Garc\u00eda Rivera fue nombrado coordinador de Programas Estatales, mientras que \u00c1ngel N\u00e1jera Ortega recibi\u00f3 la encomienda de coordinador general de delegaciones, mientras que a Juana Rodr\u00edguez Arellano se le dio el nombramiento de directora de Programas Estatales. A la par se nombr\u00f3 Juan Carlos Castillo del Valle como delegado para los municipios de Jim\u00e9nez, Abasolo, Padilla y G\u00fc\u00e9mez, en tanto que Johana Z\u00fa\u00f1iga de Le\u00f3n asume la asistencia t\u00e9cnica en la delegaci\u00f3n de Victoria, Villa de Casas y Soto La Marina, mientras que Siddharta Silva Salda\u00f1a y H\u00e9ctor Alfonso Torres Acu\u00f1a fueron nombrados asistentes t\u00e9cnicos de la delegaci\u00f3n Tampico, y Luis Guillermo Requena Medina ocupar\u00e1 el cargo de jefe de Departamento de Enlace y Control en Matamoros.<\/p>\n\n\n\n<p>DESTACA RECTOR DE LA UAT LABOR DE LA FIC<br \/>Al conmemorarse el 57 aniversario de la Facultad de Ingenier\u00eda y Ciencias (FIC) de la Universidad Aut\u00f3noma de Tamaulipas (UAT), el rector de esta m\u00e1xima casa de estudios exalt\u00f3 el significativo impacto acad\u00e9mico y cient\u00edfico de esta instituci\u00f3n en la formaci\u00f3n de profesionistas que d\u00eda a d\u00eda impulsan el desarrollo econ\u00f3mico y social de la regi\u00f3n, destacando su relevancia en \u00e1reas clave como la ingenier\u00eda, la agricultura, la inteligencia artificial y la biotecnolog\u00eda. Igualmente resalt\u00f3 el papel central de la FIC en la producci\u00f3n de conocimiento cient\u00edfico, al contar con 44 profesores en el Sistema Nacional de Investigadores e Investigadoras (SNII), adem\u00e1s de reunir once cuerpos acad\u00e9micos, nueve de ellos consolidados. De esta manera se contin\u00faa destacando los importantes logros de las facultades de la UAT, en el marco de sus aniversarios de fundaci\u00f3n.<\/p>\n\n\n\n<p>LO \u00daLTIMO<br \/>Muchas felicidades al compa\u00f1ero comunicador Jos\u00e9 P\u00e9rez Natividad, as\u00ed como a la meteor\u00f3loga Lupita Arambula, compa\u00f1era en Stereo 91, quienes este mi\u00e9rcoles est\u00e1n cumpliendo un a\u00f1o m\u00e1s de vida. \u00a1Muchos m\u00e1s d\u00edas de estos!\u2026 Juran y perjuran los industriales de la masa y la tortilla que no habr\u00e1 aumento en el precio de dichos productos para fin de a\u00f1o. A ver si es cierto\u2026 Siguen los festejos por el 50 aniversario de la Central de Servicios de Carga (CENSECAR) de Nuevo Laredo, el organismo m\u00e1s representativo de los transportistas locales\u2026 Sigue el p\u00e9simo servicio en los camiones urbanos. De nada ha servido que les hayan autorizado el aumento de pasaje a los concesionarios, si no est\u00e1n invirtiendo en las unidades.<\/p>\n","protected":false},"excerpt":{"rendered":"<p>El Cabildo de Nuevo Laredo aprob\u00f3 por mayor\u00eda de votos la repartici\u00f3n de las 31 comisiones que conforma el propio cuerpo edilicio dentro del Gobierno Municipal de Nuevo Laredo, para &hellip; <a href=\"http:\/\/revistalaneta.com.mx\/?p=14623\" class=\"more-link\">Leer m\u00e1s<\/a><\/p>\n","protected":false},"author":1,"featured_media":14622,"comment_status":"open","ping_status":"open","sticky":false,"template":"","format":"standard","meta":{"footnotes":""},"categories":[2,3],"tags":[],"class_list":["post-14623","post","type-post","status-publish","format-standard","has-post-thumbnail","hentry","category-chismorreo","category-opinion","entry"],"_links":{"self":[{"href":"http:\/\/revistalaneta.com.mx\/index.php?rest_route=\/wp\/v2\/posts\/14623","targetHints":{"allow":["GET"]}}],"collection":[{"href":"http:\/\/revistalaneta.com.mx\/index.php?rest_route=\/wp\/v2\/posts"}],"about":[{"href":"http:\/\/revistalaneta.com.mx\/index.php?rest_route=\/wp\/v2\/types\/post"}],"author":[{"embeddable":true,"href":"http:\/\/revistalaneta.com.mx\/index.php?rest_route=\/wp\/v2\/users\/1"}],"replies":[{"embeddable":true,"href":"http:\/\/revistalaneta.com.mx\/index.php?rest_route=%2Fwp%2Fv2%2Fcomments&post=14623"}],"version-history":[{"count":1,"href":"http:\/\/revistalaneta.com.mx\/index.php?rest_route=\/wp\/v2\/posts\/14623\/revisions"}],"predecessor-version":[{"id":14624,"href":"http:\/\/revistalaneta.com.mx\/index.php?rest_route=\/wp\/v2\/posts\/14623\/revisions\/14624"}],"wp:featuredmedia":[{"embeddable":true,"href":"http:\/\/revistalaneta.com.mx\/index.php?rest_route=\/wp\/v2\/media\/14622"}],"wp:attachment":[{"href":"http:\/\/revistalaneta.com.mx\/index.php?rest_route=%2Fwp%2Fv2%2Fmedia&parent=14623"}],"wp:term":[{"taxonomy":"category","embeddable":true,"href":"http:\/\/revistalaneta.com.mx\/index.php?rest_route=%2Fwp%2Fv2%2Fcategories&post=14623"},{"taxonomy":"post_tag","embeddable":true,"href":"http:\/\/revistalaneta.com.mx\/index.php?rest_route=%2Fwp%2Fv2%2Ftags&post=14623"}],"curies":[{"name":"wp","href":"https:\/\/api.w.org\/{rel}","templated":true}]}}