{"id":14629,"date":"2024-10-26T03:37:11","date_gmt":"2024-10-26T03:37:11","guid":{"rendered":"http:\/\/revistalaneta.com.mx\/?p=14629"},"modified":"2024-10-26T03:37:48","modified_gmt":"2024-10-26T03:37:48","slug":"firma-gobernador-convenio-con-los-oxxos","status":"publish","type":"post","link":"http:\/\/revistalaneta.com.mx\/?p=14629","title":{"rendered":"FIRMA GOBERNADOR CONVENIO CON LOS OXXOS"},"content":{"rendered":"\n<p><br>Bajo el firme prop\u00f3sito de brindar una mejor seguridad a las empresas, y sobre todo mejorar la respuesta de atenci\u00f3n a las mismas en una situaci\u00f3n de emergencia, el gobernador Am\u00e9rico Villarreal Anaya firm\u00f3 un convenio de seguridad con la cadena de tiendas comerciales Oxxo, lo que permitir\u00e1 que cada uno de estos negocios cuente con un dispositivo de emergencia que, al activarlo ante cualquier acto delictivo, generar\u00e1 la llegada r\u00e1pida y efectiva del personal de seguridad estatal. En su mensaje el mandatario estatal dijo que mediante metodolog\u00edas, integraci\u00f3n y vigilancia se busca poder reaccionar en forma oportuna, ante posibles hechos delincuenciales, pero que a la vez dichas acciones sirvan de disuasi\u00f3n y prevenci\u00f3n de los hechos delictivos. Durante el evento el gobernador estuvo acompa\u00f1ado de Jorge Arturo S\u00e1nchez L\u00f3pez, apoderado legal de la cadena comercial Oxxo, as\u00ed como por un grupo de directivos de alto nivel del consorcio empresarial, mismos que reconocieron el trabajo del gobernador en materia de seguridad p\u00fablica, a la vez que agradecieron a todo el gabinete por la estrecha coordinaci\u00f3n, la dedicaci\u00f3n y la disposici\u00f3n para materializar acciones que permiten mejores condiciones de seguridad en Tamaulipas.<\/p>\n\n\n\n<p>SUPERVISA CARMEN LILIA INICIO DE OBRA DE NUEVO PUENTE<br \/>La alcaldesa Carmen Lilia Canturosas Villarreal, acompa\u00f1ada de miembros del Cabildo y funcionarios municipales, llev\u00f3 a cabo un recorrido de supervisi\u00f3n de las recientemente iniciadas obras de construcci\u00f3n del segundo cuerpo lado poniente del puente vehicular sobre la carretera Mex-Dos a la altura de la Carretera An\u00e1huac, y cuya obra, que incluye una ampliaci\u00f3n del referido camino por casi dos kil\u00f3metros, fue avalada por la Secretar\u00eda de Infraestructura de Comunicaciones y Transportes (SICT), y donde el Gobierno Municipal de Nuevo Laredo invierte, con recursos propios, m\u00e1s de 200 millones de pesos. Cabe indicar que esta obra estaba pendiente desde hace m\u00e1s de 24 a\u00f1os, y finalmente es una realidad, gracias a la decisi\u00f3n de Carmen Lilia de echarse a cuestas tal proyecto, para beneficio del comercio internacional. Bien por ello.<\/p>\n\n\n\n<p>CIERRAN TRAMO DEL SEGUNDO ANILLO PERIF\u00c9RICO<br \/>Ante la realizaci\u00f3n de obras de recarpeteo en un tramo del Segundo Anillo Perif\u00e9rico, entre Bulevar Rea y Carretera a Piedras Negras, dicho camino ha quedado cerrado a la circulaci\u00f3n desde este lunes, y as\u00ed se mantendr\u00e1 por los d\u00edas en que perduren dichos trabajos, mismos que son por dem\u00e1s necesarios, pues la carpeta asf\u00e1ltica de dicha carretera ya muestra mucho desgaste ante el constante paso de camiones de carga pesada. Ante esto se recomienda a quienes normalmente transitan por el lugar utilizar v\u00edas alternas, que en este caso pues s\u00ed hay suficientes.<\/p>\n\n\n\n<p>CELEBRAR\u00c1N NUEVA EDICI\u00d3N DEL \u201cFESTIVAL DE LA CATRINA\u201d<br \/>Con el objetivo de refrendar nuestras tradiciones mexicanas, el Gobierno Municipal de Nuevo Laredo, a trav\u00e9s de la Direcci\u00f3n de Turismo, organizar\u00e1 una nueva edici\u00f3n del \u201cFestival de la Catrina\u201d, en la que nuevamente se llevar\u00e1n a cabo concursos de \u201cCatrinas\u201d, \u201cAltar de Muertos\u201d y \u201cEl Mejor Tamal\u201d, esto el pr\u00f3ximo s\u00e1bado 2 de noviembre, D\u00eda de Muertos, a partir de las seis de la tarde. Las convocatorias para dichos concursos ya fueron emitidas y se pueden ver en la p\u00e1gina de Facebook de la Secretar\u00eda de Desarrollo Econ\u00f3mico Nuevo Laredo 2024-2027. El evento se llevar\u00e1 a cabo en la explanada Independencia adjunta a la plaza Hidalgo, donde adem\u00e1s habr\u00e1 venta de antojitos mexicanos y mucha diversi\u00f3n. Todos est\u00e1n invitados.<\/p>\n\n\n\n<p>A PARTIR DEL S\u00c1BADO LLEGA \u201cTIERRA DE DINOSAURIOS\u201d<br \/>Este s\u00e1bado 26 de octubre se inaugurar\u00e1 el museo itinerante denominado \u201cTierra de Dinosaurios\u201d, el cual es una experiencia que conjunta la ciencia con la tecnolog\u00eda y donde los asistentes podr\u00e1n conocer y aprender de la historia de la paleontolog\u00eda en M\u00e9xico, la evoluci\u00f3n de las eras geol\u00f3gicas y donde se exhibir\u00e1 una amplia colecci\u00f3n de f\u00f3siles originales y duplicados a escala, con el atractivo principal de una especie en tama\u00f1o natural de un Tiranosaurio Rex. La exposici\u00f3n ser\u00e1 en el Polyforum La Fe y se mantendr\u00e1 hasta el 24 de noviembre, con un costo de entrada de solo 99 pesos, haci\u00e9ndose adem\u00e1s del conocimiento que a diario van a entrar gratis grupos de 200 estudiantes de escuelas p\u00fablicas y 20 adultos mayores, gracias al apoyo del Gobierno Municipal de Nuevo Laredo.<\/p>\n\n\n\n<p>ACLARANDO Y AMANECE<br \/>Durante la pasada sesi\u00f3n del Cabildo de Nuevo Laredo el primer s\u00edndico, Jes\u00fas Jasso Montemayor, manifest\u00f3 que las constructoras locales no tienen la capacidad suficiente para atender la alta demanda de 1,500 millones de pesos en obra p\u00fablica que est\u00e1 ejerciendo el Gobierno Municipal de Nuevo Laredo, de ah\u00ed que no se les liciten todos los proyectos. Tal declaraci\u00f3n le ha generado ciertas cr\u00edticas a Jasso, pero la realidad es que su dicho est\u00e1 fundamentado, ya que es por dem\u00e1s claro ni todas las constructoras locales juntas pueden atender en tiempo y forma toda la obra que genera la administraci\u00f3n municipal. Esto no quiere decir que no puedan hacer los trabajos, claro que pueden, y son empresas con capacidad para ello, lo que no pueden es hacer los trabajos en los tiempos establecidos, en parte porque no tienen el equipo y la mano de obra suficiente para tal efecto, de ah\u00ed que no se den abasto, y por eso se tengan que recurrir a constructoras de otras partes. Eso es lo quiso dar a entender Jasso. Que ya otros lo interpreten de otra manera, eso ya es grilla pol\u00edtica, que por cierto va a estar muy de moda de aqu\u00ed hasta las pr\u00f3ximas elecciones.<\/p>\n\n\n\n<p>D\u00cdAS SIN CLASES<br \/>Este pr\u00f3ximo viernes no hay clases en las escuelas de educaci\u00f3n b\u00e1sica, debido a que hay reuniones de consejo t\u00e9cnico, que como se sabe se realizan el \u00faltimo viernes de cada mes. Y lo m\u00e1s seguro es que el otro viernes tampoco haya clases, incluso a nivel general, esto debido a que el magisterio va a querer agarrar dicho d\u00eda, en lugar del 2 de noviembre, D\u00eda de Muertos, que cae en s\u00e1bado. Y aunque oficialmente las autoridades educativas han dicho que hasta el momento no hay nada oficial en torno al descanso el viernes 1 de noviembre, lo m\u00e1s seguro es que los maestros se salgan con la suya. Pa\u00b4l baile vamos.<\/p>\n\n\n\n<p>EN MARCHA FESTEJOS EN IGLESIA SAN JUDAS TADEO<br \/>Ya est\u00e1 todo el mitote en la iglesia de San Judas Tadeo, previo a los festejos del santo patrono de los casos dif\u00edciles y desesperados que se va a llevar a cabo el 28 de octubre. Pero como ya sabemos, con una semana de anticipaci\u00f3n empiezan las peregrinaciones por lo que ya hay todo un festival en dicha iglesia situada en la colonia Fovissste, con juegos mec\u00e1nicos, loter\u00edas, sorteos, venta de antojitos mexicanos e invariables productos, sin faltar las tradicionales misas, que son la esencia del festejo. Y el gran mitote se va a registrar el domingo por la noche, en que muchos esperar\u00e1n a que den las cero horas del lunes para cantarle las tradicionales ma\u00f1anitas a San Judas, as\u00ed que lo m\u00e1s seguro es que el lunes muchos no vayan a trabajar.<\/p>\n\n\n\n<p>CONEMMORA RECTOR ANIVERSARIO DE LA FEV<br \/>En la conmemoraci\u00f3n del 68avo aniversario de la fundaci\u00f3n de la Facultad de Enfermer\u00eda Victoria (FEV), el rector de la Universidad Aut\u00f3noma de Tamaulipas (UAT), D\u00e1maso Anaya Alvarado, afirm\u00f3 que dicho campus universitario se ha convertido en un referente en la formaci\u00f3n de profesionales de la salud y ha sabido responder a los desaf\u00edos de una sociedad en constante cambio. Asimismo, refiri\u00f3 que la enfermer\u00eda, m\u00e1s que una carrera, es una vocaci\u00f3n de servicio que juega un papel crucial en el bienestar de nuestra sociedad. Cabe indicar que la FEV inici\u00f3 actividades el 26 de octubre de 1956 como Escuela de Enfermer\u00eda y Obstetricia de Ciudad Victoria, y actualmente tiene una matr\u00edcula de 1,299 estudiantes en programas de licenciatura y posgrado, atendidos por un equipo docente altamente calificado.<\/p>\n\n\n\n<p>LO \u00daLTIMO<br \/>Muchas felicidades a mi compadre Juan \u201cChosto\u201d Guzm\u00e1n, lo mismo que a la compa\u00f1era Mague Guerrero y al amigo David Leal \u201cEl Beb\u00e9\u201d, quienes este jueves est\u00e1n de manteles largos. \u00a1M\u00e1s d\u00edas de estos para ellos!\u2026 Una gran marcha en apoyo a la reforma judicial se llev\u00f3 a cabo en la capital del estado este martes poco despu\u00e9s del mediod\u00eda, con participantes de diversas regiones del centro de la entidad. En el acto, que tuvo como sede el Parque Bicentenario, tambi\u00e9n se manifestaron muestras de apoyo a la presidenta Claudia Sheinbaum Pardo, y al gobernador Am\u00e9rico Villarreal Anaya, en las acciones que est\u00e1n emprendiendo en sus respectivos gobiernos\u2026 Como agua en las manos se est\u00e1 yendo el mes de octubre, como igualmente se ha ido este 2024. Ya casi es Navidad. Y para cuando acordemos ya estaremos votando por los nuevos jueces jejejeje.<\/p>\n","protected":false},"excerpt":{"rendered":"<p>Bajo el firme prop\u00f3sito de brindar una mejor seguridad a las empresas, y sobre todo mejorar la respuesta de atenci\u00f3n a las mismas en una situaci\u00f3n de emergencia, el gobernador &hellip; <a href=\"http:\/\/revistalaneta.com.mx\/?p=14629\" class=\"more-link\">Leer m\u00e1s<\/a><\/p>\n","protected":false},"author":1,"featured_media":14628,"comment_status":"open","ping_status":"open","sticky":false,"template":"","format":"standard","meta":{"footnotes":""},"categories":[2,3],"tags":[],"class_list":["post-14629","post","type-post","status-publish","format-standard","has-post-thumbnail","hentry","category-chismorreo","category-opinion","entry"],"_links":{"self":[{"href":"http:\/\/revistalaneta.com.mx\/index.php?rest_route=\/wp\/v2\/posts\/14629","targetHints":{"allow":["GET"]}}],"collection":[{"href":"http:\/\/revistalaneta.com.mx\/index.php?rest_route=\/wp\/v2\/posts"}],"about":[{"href":"http:\/\/revistalaneta.com.mx\/index.php?rest_route=\/wp\/v2\/types\/post"}],"author":[{"embeddable":true,"href":"http:\/\/revistalaneta.com.mx\/index.php?rest_route=\/wp\/v2\/users\/1"}],"replies":[{"embeddable":true,"href":"http:\/\/revistalaneta.com.mx\/index.php?rest_route=%2Fwp%2Fv2%2Fcomments&post=14629"}],"version-history":[{"count":1,"href":"http:\/\/revistalaneta.com.mx\/index.php?rest_route=\/wp\/v2\/posts\/14629\/revisions"}],"predecessor-version":[{"id":14630,"href":"http:\/\/revistalaneta.com.mx\/index.php?rest_route=\/wp\/v2\/posts\/14629\/revisions\/14630"}],"wp:featuredmedia":[{"embeddable":true,"href":"http:\/\/revistalaneta.com.mx\/index.php?rest_route=\/wp\/v2\/media\/14628"}],"wp:attachment":[{"href":"http:\/\/revistalaneta.com.mx\/index.php?rest_route=%2Fwp%2Fv2%2Fmedia&parent=14629"}],"wp:term":[{"taxonomy":"category","embeddable":true,"href":"http:\/\/revistalaneta.com.mx\/index.php?rest_route=%2Fwp%2Fv2%2Fcategories&post=14629"},{"taxonomy":"post_tag","embeddable":true,"href":"http:\/\/revistalaneta.com.mx\/index.php?rest_route=%2Fwp%2Fv2%2Ftags&post=14629"}],"curies":[{"name":"wp","href":"https:\/\/api.w.org\/{rel}","templated":true}]}}